{"id":3591,"date":"2024-05-03T10:42:46","date_gmt":"2024-05-03T13:42:46","guid":{"rendered":"https:\/\/guialimeira.com.br\/2024\/05\/03\/espetaculo-uma-saudacao-a-whitney-houston-acontece-neste-sabado-4\/"},"modified":"2024-05-03T10:42:46","modified_gmt":"2024-05-03T13:42:46","slug":"espetaculo-uma-saudacao-a-whitney-houston-acontece-neste-sabado-4","status":"publish","type":"post","link":"https:\/\/guialimeira.com.br\/news\/espetaculo-uma-saudacao-a-whitney-houston-acontece-neste-sabado-4\/","title":{"rendered":"Espet\u00e1culo \u201cUma Sauda\u00e7\u00e3o a Whitney Houston\u201d acontece neste s\u00e1bado (4)"},"content":{"rendered":"<p> <br \/>\n<\/p>\n<div>\n            <main class=\"\">&#13;<br \/>\n                &#13;<br \/>\n&#13;<br \/>\n&#13;<br \/>\n&#13;<br \/>\n    <img data-recalc-dims=\"1\" decoding=\"async\" src=\"https:\/\/i0.wp.com\/ecrie.com.br\/sistema\/conteudos\/imagem\/m_137_0_1_03052024091438.jpeg?w=696&#038;ssl=1\" alt=\"Espet\u00e1culo \u201cUma Sauda\u00e7\u00e3o a Whitney Houston\u201d acontece neste s\u00e1bado (4)\"\/>&#13;<br \/>\n&#13;<\/p>\n<p dir=\"ltr\" style=\"text-align: justify;\">Neste s\u00e1bado (4), acontece o espet\u00e1culo \u201cUma Sauda\u00e7\u00e3o a Whitney Houston\u201d, no Teatro Vit\u00f3ria Emiliano Bernardo da Silva, \u00e0s 20h. O evento conta com a talentosa atriz e cantora Claudia Nascimento, encantando o p\u00fablico com suas interpreta\u00e7\u00f5es envolventes das can\u00e7\u00f5es da renomada artista. A realiza\u00e7\u00e3o \u00e9 de Bonin Produ\u00e7\u00f5es, com o apoio da Prefeitura de Limeira, por meio da Secretaria de Cultura.<\/p>\n<p>&#13;<\/p>\n<p dir=\"ltr\" style=\"text-align: justify;\">O espet\u00e1culo faz uma bel\u00edssima homenagem a Whitney Houston, apresentando sucessos como \u201cI Wanna Dance With Somebody\u201d, \u201cRun To You I Look To You\u201d, \u201cI Have Nothing\u201d, \u00a0\u201cI\u2019m Every Woman\u201d, entre outros.<\/p>\n<p>&#13;<\/p>\n<p dir=\"ltr\" style=\"text-align: justify;\">Claudia Nascimento, que impressionou a cidade de Limeira com sua participa\u00e7\u00e3o no concerto de abertura da temporada da Orquestra Sinf\u00f4nica de Limeira com o espet\u00e1culo &#8220;Divas&#8221; em 2023 e que tamb\u00e9m cativou os telespectadores, recentemente, no\u00a0programa &#8220;Canta Comigo&#8221; da TV Record, possui uma voz envolvente e uma presen\u00e7a magn\u00e9tica no palco, garantindo uma experi\u00eancia \u00fanica aos espectadores.\u00a0<\/p>\n<p>&#13;<\/p>\n<p dir=\"ltr\" style=\"text-align: justify;\">Os ingressos para plateia custam R$ 30 (inteira) e R$ 15 (meia-entrada), j\u00e1 para o mezanino custam R$ 20 (inteira) e R$ 10 (meia-entrada). Podem ser adquiridos no link\u00a0<a href=\"https:\/\/www.ticketfacil.com.br\/eventos\/tv-claudia-nascimento-canta-whitney-houston.aspx\" target=\"_blank\" rel=\"noopener noreferrer\" data-saferedirecturl=\"https:\/\/www.google.com\/url?q=https:\/\/www.ticketfacil.com.br\/eventos\/tv-claudia-nascimento-canta-whitney-houston.aspx&amp;source=gmail&amp;ust=1714824746617000&amp;usg=AOvVaw2WeTWUpGBiDkHcHO5VW2ym\">https:\/\/www.ticketfacil.<wbr\/>com.br\/eventos\/tv-claudia-nasc<wbr\/>imento-canta-whitney-houston.<wbr\/>aspx<\/a>\u00a0ou na bilheteria do teatro, de\u00a0quinta a sexta-feira, das 11h \u00e0s 17h.<\/p>\n<p>&#13;<\/p>\n<p dir=\"ltr\" style=\"text-align: justify;\">O Teatro Vit\u00f3ria fica na Pra\u00e7a Toledo de Barros, s\/n &#8211; Centro.<\/p>\n<p>&#13;<br \/>\n&#13;<br \/>\n&#13;<br \/>\n&#13;<\/p>\n<aside class=\"list-related no-print\">&#13;<br \/>\n        &#13;<br \/>\n&#13;<\/p>\n<article class=\"list-item noticias \">&#13;<br \/>\n                    <a class=\"list-item__img\" href=\"https:\/\/limeira.sp.gov.br\/imprensa\/noticias\/cultura\/abertura-da-exposicao-margens-traz-live-painting-e-intervencoes-neste-sabado-4\" tabindex=\"-1\" aria-hidden=\"true\" rel=\"noopener\">&#13;<br \/>\n                        <img data-recalc-dims=\"1\" decoding=\"async\" src=\"https:\/\/i0.wp.com\/ecrie.com.br\/sistema\/conteudos\/imagem\/m_137_0_1_03052024092121.jpg?w=696&#038;ssl=1\" alt=\"Abertura da exposi\u00e7\u00e3o \u201cMargens\u201d traz live painting e interven\u00e7\u00f5es, neste s\u00e1bado (4)\"\/>&#13;<br \/>\n                    <\/a>&#13;<br \/>\n&#13;<br \/>\n                &#13;<br \/>\n            <\/article>\n<p>&#13;<\/p>\n<article class=\"list-item noticias \">&#13;<br \/>\n                    <a class=\"list-item__img\" href=\"https:\/\/limeira.sp.gov.br\/imprensa\/noticias\/cultura\/festa-do-trabalhador-no-horto-florestal-recebeu-2-mil-pessoas-no-feriado\" tabindex=\"-1\" aria-hidden=\"true\" rel=\"noopener\">&#13;<br \/>\n                        <img data-recalc-dims=\"1\" decoding=\"async\" src=\"https:\/\/i0.wp.com\/ecrie.com.br\/sistema\/conteudos\/imagem\/m_137_0_1_03052024092413.jpeg?w=696&#038;ssl=1\" alt=\"Festa do Trabalhador no Horto Florestal recebeu 2 mil pessoas no feriado\"\/>&#13;<br \/>\n                    <\/a>&#13;<br \/>\n&#13;<br \/>\n                &#13;<br \/>\n            <\/article>\n<p>&#13;<\/p>\n<article class=\"list-item noticias \">&#13;<br \/>\n                    <a class=\"list-item__img\" href=\"https:\/\/limeira.sp.gov.br\/imprensa\/noticias\/cultura\/teatro-vitoria-recebe-broadway-nights-o-musical-nesta-sexta-3\" tabindex=\"-1\" aria-hidden=\"true\" rel=\"noopener\">&#13;<br \/>\n                        <img data-recalc-dims=\"1\" decoding=\"async\" src=\"https:\/\/i0.wp.com\/ecrie.com.br\/sistema\/conteudos\/imagem\/m_137_0_1_02052024142914.jpeg?w=696&#038;ssl=1\" alt=\"Teatro Vit\u00f3ria recebe \u201cBroadway Nights, o Musical\u201d nesta sexta (3)\"\/>&#13;<br \/>\n                    <\/a>&#13;<br \/>\n&#13;<br \/>\n                &#13;<br \/>\n            <\/article>\n<p>&#13;<br \/>\n    <\/aside>\n<p>&#13;<br \/>\n&#13;<br \/>\n            <\/main><\/p><\/div>\n<p><br \/>\n<br \/><a href=\"https:\/\/limeira.sp.gov.br\/espetaculo-uma-saudacao-a-whitney-houston-acontece-neste-sabado-4\" rel=\"noopener\">Informa\u00e7\u00f5es da PML <\/a><\/p>\n","protected":false},"excerpt":{"rendered":"<p>&#13; &#13; &#13; &#13; &#13; &#13; &#13; Neste s\u00e1bado (4), acontece o espet\u00e1culo \u201cUma Sauda\u00e7\u00e3o a Whitney Houston\u201d, no Teatro Vit\u00f3ria Emiliano Bernardo da Silva, \u00e0s 20h. O evento conta com a talentosa atriz e cantora Claudia Nascimento, encantando o p\u00fablico com suas interpreta\u00e7\u00f5es envolventes das can\u00e7\u00f5es da renomada artista. A realiza\u00e7\u00e3o \u00e9 de Bonin [&hellip;]<\/p>\n","protected":false},"author":1,"featured_media":3592,"comment_status":"open","ping_status":"open","sticky":false,"template":"","format":"standard","meta":{"_jetpack_newsletter_access":"","_jetpack_dont_email_post_to_subs":false,"_jetpack_newsletter_tier_id":0,"_jetpack_memberships_contains_paywalled_content":false,"_mbp_banners":[],"_jetpack_feature_clip_id":0,"_jetpack_memberships_contains_paid_content":false,"footnotes":"","jetpack_publicize_message":"","jetpack_publicize_feature_enabled":true,"jetpack_social_post_already_shared":true,"jetpack_social_options":{"image_generator_settings":{"template":"highway","default_image_id":0,"font":"","enabled":false},"version":2},"jetpack_post_was_ever_published":false},"categories":[16],"tags":[],"class_list":["post-3591","post","type-post","status-publish","format-standard","has-post-thumbnail","category-local"],"jetpack_publicize_connections":[],"jetpack-related-posts":[],"jetpack_shortlink":"https:\/\/wp.me\/p7Eq1F-VV","jetpack_sharing_enabled":true,"jetpack_featured_media_url":"https:\/\/i0.wp.com\/guialimeira.com.br\/news\/wp-content\/uploads\/2024\/05\/m_137_0_1_03052024091438.jpeg?fit=650%2C650&ssl=1","_links":{"self":[{"href":"https:\/\/guialimeira.com.br\/news\/wp-json\/wp\/v2\/posts\/3591","targetHints":{"allow":["GET"]}}],"collection":[{"href":"https:\/\/guialimeira.com.br\/news\/wp-json\/wp\/v2\/posts"}],"about":[{"href":"https:\/\/guialimeira.com.br\/news\/wp-json\/wp\/v2\/types\/post"}],"author":[{"embeddable":true,"href":"https:\/\/guialimeira.com.br\/news\/wp-json\/wp\/v2\/users\/1"}],"replies":[{"embeddable":true,"href":"https:\/\/guialimeira.com.br\/news\/wp-json\/wp\/v2\/comments?post=3591"}],"version-history":[{"count":0,"href":"https:\/\/guialimeira.com.br\/news\/wp-json\/wp\/v2\/posts\/3591\/revisions"}],"wp:featuredmedia":[{"embeddable":true,"href":"https:\/\/guialimeira.com.br\/news\/wp-json\/wp\/v2\/media\/3592"}],"wp:attachment":[{"href":"https:\/\/guialimeira.com.br\/news\/wp-json\/wp\/v2\/media?parent=3591"}],"wp:term":[{"taxonomy":"category","embeddable":true,"href":"https:\/\/guialimeira.com.br\/news\/wp-json\/wp\/v2\/categories?post=3591"},{"taxonomy":"post_tag","embeddable":true,"href":"https:\/\/guialimeira.com.br\/news\/wp-json\/wp\/v2\/tags?post=3591"}],"curies":[{"name":"wp","href":"https:\/\/api.w.org\/{rel}","templated":true}]}}