{"id":35839,"date":"2025-06-10T21:18:56","date_gmt":"2025-06-11T00:18:56","guid":{"rendered":"https:\/\/guialimeira.com.br\/2025\/06\/10\/pedro-severino-recebe-alta-apos-98-dias-de-tratamento\/"},"modified":"2025-06-10T21:18:56","modified_gmt":"2025-06-11T00:18:56","slug":"pedro-severino-recebe-alta-apos-98-dias-de-tratamento","status":"publish","type":"post","link":"https:\/\/guialimeira.com.br\/news\/pedro-severino-recebe-alta-apos-98-dias-de-tratamento\/","title":{"rendered":"Pedro Severino recebe alta ap\u00f3s 98 dias de tratamento"},"content":{"rendered":"<p> <br \/>\n<\/p>\n<div>\n<p>O jogador Pedro Severino, da equipe sub-20 do Bragantino, recebeu alta m\u00e9dica ap\u00f3s 98 dias de tratamento, informou a equipe de Bragan\u00e7a Paulista nesta ter\u00e7a-feira (10). Segundo a nota do Massa Bruta, o atleta seguir\u00e1 \u201cprocesso de recupera\u00e7\u00e3o motora, neurol\u00f3gica e f\u00edsica em casa\u201d.<img data-recalc-dims=\"1\" decoding=\"async\" src=\"https:\/\/i0.wp.com\/agenciabrasil.ebc.com.br\/ebc.png?w=696&#038;ssl=1\" style=\"width:1px; height:1px; display:inline;\"\/><img data-recalc-dims=\"1\" decoding=\"async\" src=\"https:\/\/i0.wp.com\/agenciabrasil.ebc.com.br\/ebc.gif?w=696&#038;ssl=1\" style=\"width:1px; height:1px; display:inline;\"\/><\/p>\n<p>O atleta de 19 anos de idade e seu companheiro de equipe Pedro Castro ficaram feridos em um acidente de tr\u00e2nsito no dia 4 de mar\u00e7o na Rodovia Anhanguera. Segundo o Bragantino, os atletas estavam em um ve\u00edculo que colidiu com uma carreta. Nenhum dos jogadores dirigia o ve\u00edculo no momento do acidente. Pedro Castro teve apenas ferimentos leves.<\/p>\n<p>J\u00e1 Pedro Severino foi encaminhado inicialmente ao Hospital Municipal Dr. Waldemar Tebaldi, em Americana, onde passou por cirurgia por causa de um traumatismo craniano. O atleta permaneceu dois dias na Unidade de Terapia Intensiva (UTI) da institui\u00e7\u00e3o e, no dia 6 de mar\u00e7o, foi transferido para um hospital particular em Ribeir\u00e3o Preto.<\/p>\n<p>Nesta nova etapa do tratamento, Pedro permaneceu monitorado na UTI, passando por diversos exames e procedimentos cir\u00fargicos, incluindo a reconstru\u00e7\u00e3o da parte frontal do cr\u00e2nio, que foi considerada bem-sucedida.<\/p>\n<p>\u201cO Red Bull Bragantino agradece o carinho e a solidariedade de todos que, de alguma forma, estiveram ao lado de Pedro e sua fam\u00edlia ao longo dos \u00faltimos meses. O clube seguir\u00e1 acompanhando de perto sua evolu\u00e7\u00e3o e refor\u00e7a que permanece integralmente \u00e0 disposi\u00e7\u00e3o para oferecer todo o suporte necess\u00e1rio neste novo momento da recupera\u00e7\u00e3o\u201d, diz a nota da equipe de Bragan\u00e7a Paulista.<\/p>\n<p>      <!-- Relacionada --><\/p>\n<p>            <!-- Relacionada -->\n    <\/div>\n<p><br \/>\n<br \/><a href=\"https:\/\/agenciabrasil.ebc.com.br\/esportes\/noticia\/2025-06\/pedro-severino-recebe-alta-apos-98-dias-de-tratamento\" rel=\"noopener\">Ag\u00eancia Brasil<\/a><\/p>\n","protected":false},"excerpt":{"rendered":"<p>O jogador Pedro Severino, da equipe sub-20 do Bragantino, recebeu alta m\u00e9dica ap\u00f3s 98 dias de tratamento, informou a equipe de Bragan\u00e7a Paulista nesta ter\u00e7a-feira (10). Segundo a nota do Massa Bruta, o atleta seguir\u00e1 \u201cprocesso de recupera\u00e7\u00e3o motora, neurol\u00f3gica e f\u00edsica em casa\u201d. O atleta de 19 anos de idade e seu companheiro de [&hellip;]<\/p>\n","protected":false},"author":1,"featured_media":28105,"comment_status":"open","ping_status":"open","sticky":false,"template":"","format":"standard","meta":{"_jetpack_newsletter_access":"","_jetpack_dont_email_post_to_subs":false,"_jetpack_newsletter_tier_id":0,"_jetpack_memberships_contains_paywalled_content":false,"_mbp_banners":[],"_jetpack_feature_clip_id":0,"_jetpack_memberships_contains_paid_content":false,"footnotes":"","jetpack_publicize_message":"","jetpack_publicize_feature_enabled":true,"jetpack_social_post_already_shared":true,"jetpack_social_options":{"image_generator_settings":{"template":"highway","default_image_id":0,"font":"","enabled":false},"version":2},"jetpack_post_was_ever_published":false},"categories":[23],"tags":[],"class_list":["post-35839","post","type-post","status-publish","format-standard","has-post-thumbnail","category-esportes"],"jetpack_publicize_connections":[],"jetpack-related-posts":[],"jetpack_shortlink":"https:\/\/wp.me\/p7Eq1F-9k3","jetpack_sharing_enabled":true,"jetpack_featured_media_url":"https:\/\/i0.wp.com\/guialimeira.com.br\/news\/wp-content\/uploads\/2025\/03\/pedroseverino-1hr5e9a0j1xde.jpg?fit=1600%2C800&ssl=1","_links":{"self":[{"href":"https:\/\/guialimeira.com.br\/news\/wp-json\/wp\/v2\/posts\/35839","targetHints":{"allow":["GET"]}}],"collection":[{"href":"https:\/\/guialimeira.com.br\/news\/wp-json\/wp\/v2\/posts"}],"about":[{"href":"https:\/\/guialimeira.com.br\/news\/wp-json\/wp\/v2\/types\/post"}],"author":[{"embeddable":true,"href":"https:\/\/guialimeira.com.br\/news\/wp-json\/wp\/v2\/users\/1"}],"replies":[{"embeddable":true,"href":"https:\/\/guialimeira.com.br\/news\/wp-json\/wp\/v2\/comments?post=35839"}],"version-history":[{"count":0,"href":"https:\/\/guialimeira.com.br\/news\/wp-json\/wp\/v2\/posts\/35839\/revisions"}],"wp:featuredmedia":[{"embeddable":true,"href":"https:\/\/guialimeira.com.br\/news\/wp-json\/wp\/v2\/media\/28105"}],"wp:attachment":[{"href":"https:\/\/guialimeira.com.br\/news\/wp-json\/wp\/v2\/media?parent=35839"}],"wp:term":[{"taxonomy":"category","embeddable":true,"href":"https:\/\/guialimeira.com.br\/news\/wp-json\/wp\/v2\/categories?post=35839"},{"taxonomy":"post_tag","embeddable":true,"href":"https:\/\/guialimeira.com.br\/news\/wp-json\/wp\/v2\/tags?post=35839"}],"curies":[{"name":"wp","href":"https:\/\/api.w.org\/{rel}","templated":true}]}}