{"id":3583,"date":"2024-05-03T09:41:45","date_gmt":"2024-05-03T12:41:45","guid":{"rendered":"https:\/\/guialimeira.com.br\/2024\/05\/03\/abertura-da-exposicao-margens-traz-live-painting-e-intervencoes-neste-sabado-4\/"},"modified":"2024-05-03T09:41:45","modified_gmt":"2024-05-03T12:41:45","slug":"abertura-da-exposicao-margens-traz-live-painting-e-intervencoes-neste-sabado-4","status":"publish","type":"post","link":"https:\/\/guialimeira.com.br\/news\/abertura-da-exposicao-margens-traz-live-painting-e-intervencoes-neste-sabado-4\/","title":{"rendered":"Abertura da exposi\u00e7\u00e3o \u201cMargens\u201d traz live painting e interven\u00e7\u00f5es, neste s\u00e1bado (4)"},"content":{"rendered":"<p> <br \/>\n<\/p>\n<div>\n            <main class=\"\">&#13;<br \/>\n                &#13;<br \/>\n&#13;<br \/>\n&#13;<br \/>\n&#13;<br \/>\n    <img data-recalc-dims=\"1\" decoding=\"async\" src=\"https:\/\/i0.wp.com\/ecrie.com.br\/sistema\/conteudos\/imagem\/m_137_0_1_03052024092121.jpg?w=696&#038;ssl=1\" alt=\"Abertura da exposi\u00e7\u00e3o \u201cMargens\u201d traz live painting e interven\u00e7\u00f5es, neste s\u00e1bado (4)\"\/>&#13;<br \/>\n&#13;<\/p>\n<p dir=\"ltr\" style=\"text-align: justify;\">Neste s\u00e1bado (4), acontece a abertura da exposi\u00e7\u00e3o \u201cMargens\u201d, no Museu Major Jos\u00e9 Levy Sobrinho, das 8h \u00e0s 14h. A abertura traz live painting, onde os artistas realizar\u00e3o interven\u00e7\u00f5es ao vivo. O projeto \u00e9 realizado atrav\u00e9s da Lei Paulo Gustavo pelo Minist\u00e9rio da Cultura, com apoio da Prefeitura de Limeira, por meio da Secretaria de Cultura.<\/p>\n<p>&#13;<\/p>\n<p dir=\"ltr\" style=\"text-align: justify;\">A exposi\u00e7\u00e3o de arte contempor\u00e2nea traz obras criadas a partir de interven\u00e7\u00f5es urbanas, refletindo sobre identidade, origens e a ocupa\u00e7\u00e3o da cidade. A partir dessa diversidade de estilos, t\u00e9cnicas e linguagens, a exibi\u00e7\u00e3o promove o di\u00e1logo sobre a contribui\u00e7\u00e3o dos artistas para uma cidade mais democr\u00e1tica e aberta \u00e0 criatividade de seus cidad\u00e3os<\/p>\n<p>&#13;<\/p>\n<p dir=\"ltr\" style=\"text-align: justify;\">A mostra \u00e9 um projeto do artista e arte-educador Paulo Ricardo da Silva (Medo), com curadoria de Allan Louren\u00e7o. Participam da exposi\u00e7\u00e3o os artistas: CBL, Eiki, Giovana Angelo, Harry, Iguais, Isabella Bernini, Kpia, Luz, Marcinho Lira, Medo, Sarah Fernandes e Wesler Machado Alma.<\/p>\n<p>&#13;<\/p>\n<p dir=\"ltr\" style=\"text-align: justify;\">Ap\u00f3s a abertura, a exposi\u00e7\u00e3o recebe visita\u00e7\u00e3o de ter\u00e7a a sexta,\u00a0das 12h \u00e0s 17h. O Museu fica na Rua Boa Morte, 471, Centro.<\/p>\n<p>&#13;<br \/>\n&#13;<br \/>\n&#13;<br \/>\n&#13;<\/p>\n<aside class=\"list-related no-print\">&#13;<br \/>\n        &#13;<br \/>\n&#13;<\/p>\n<article class=\"list-item noticias \">&#13;<br \/>\n                    <a class=\"list-item__img\" href=\"https:\/\/limeira.sp.gov.br\/imprensa\/noticias\/cultura\/espetaculo-uma-saudacao-a-whitney-houston-acontece-neste-sabado-4\" tabindex=\"-1\" aria-hidden=\"true\" rel=\"noopener\">&#13;<br \/>\n                        <img data-recalc-dims=\"1\" decoding=\"async\" src=\"https:\/\/i0.wp.com\/ecrie.com.br\/sistema\/conteudos\/imagem\/m_137_0_1_03052024091438.jpeg?w=696&#038;ssl=1\" alt=\"Espet\u00e1culo \u201cUma Sauda\u00e7\u00e3o a Whitney Houston\u201d acontece neste s\u00e1bado (4)\"\/>&#13;<br \/>\n                    <\/a>&#13;<br \/>\n&#13;<br \/>\n                &#13;<br \/>\n            <\/article>\n<p>&#13;<\/p>\n<article class=\"list-item noticias \">&#13;<br \/>\n                    <a class=\"list-item__img\" href=\"https:\/\/limeira.sp.gov.br\/imprensa\/noticias\/cultura\/festa-do-trabalhador-no-horto-florestal-recebeu-2-mil-pessoas-no-feriado\" tabindex=\"-1\" aria-hidden=\"true\" rel=\"noopener\">&#13;<br \/>\n                        <img data-recalc-dims=\"1\" decoding=\"async\" src=\"https:\/\/i0.wp.com\/ecrie.com.br\/sistema\/conteudos\/imagem\/m_137_0_1_03052024092413.jpeg?w=696&#038;ssl=1\" alt=\"Festa do Trabalhador no Horto Florestal recebeu 2 mil pessoas no feriado\"\/>&#13;<br \/>\n                    <\/a>&#13;<br \/>\n&#13;<br \/>\n                &#13;<br \/>\n            <\/article>\n<p>&#13;<\/p>\n<article class=\"list-item noticias \">&#13;<br \/>\n                    <a class=\"list-item__img\" href=\"https:\/\/limeira.sp.gov.br\/imprensa\/noticias\/cultura\/teatro-vitoria-recebe-broadway-nights-o-musical-nesta-sexta-3\" tabindex=\"-1\" aria-hidden=\"true\" rel=\"noopener\">&#13;<br \/>\n                        <img data-recalc-dims=\"1\" decoding=\"async\" src=\"https:\/\/i0.wp.com\/ecrie.com.br\/sistema\/conteudos\/imagem\/m_137_0_1_02052024142914.jpeg?w=696&#038;ssl=1\" alt=\"Teatro Vit\u00f3ria recebe \u201cBroadway Nights, o Musical\u201d nesta sexta (3)\"\/>&#13;<br \/>\n                    <\/a>&#13;<br \/>\n&#13;<br \/>\n                &#13;<br \/>\n            <\/article>\n<p>&#13;<br \/>\n    <\/aside>\n<p>&#13;<br \/>\n&#13;<br \/>\n            <\/main><\/p><\/div>\n<p><br \/>\n<br \/><a href=\"https:\/\/limeira.sp.gov.br\/abertura-da-exposicao-margens-traz-live-painting-e-intervencoes-neste-sabado-4\" rel=\"noopener\">Informa\u00e7\u00f5es da PML <\/a><\/p>\n","protected":false},"excerpt":{"rendered":"<p>&#13; &#13; &#13; &#13; &#13; &#13; &#13; Neste s\u00e1bado (4), acontece a abertura da exposi\u00e7\u00e3o \u201cMargens\u201d, no Museu Major Jos\u00e9 Levy Sobrinho, das 8h \u00e0s 14h. A abertura traz live painting, onde os artistas realizar\u00e3o interven\u00e7\u00f5es ao vivo. O projeto \u00e9 realizado atrav\u00e9s da Lei Paulo Gustavo pelo Minist\u00e9rio da Cultura, com apoio da Prefeitura [&hellip;]<\/p>\n","protected":false},"author":1,"featured_media":3584,"comment_status":"open","ping_status":"open","sticky":false,"template":"","format":"standard","meta":{"_jetpack_newsletter_access":"","_jetpack_dont_email_post_to_subs":false,"_jetpack_newsletter_tier_id":0,"_jetpack_memberships_contains_paywalled_content":false,"_mbp_banners":[],"_jetpack_feature_clip_id":0,"_jetpack_memberships_contains_paid_content":false,"footnotes":"","jetpack_publicize_message":"","jetpack_publicize_feature_enabled":true,"jetpack_social_post_already_shared":true,"jetpack_social_options":{"image_generator_settings":{"template":"highway","default_image_id":0,"font":"","enabled":false},"version":2},"jetpack_post_was_ever_published":false},"categories":[16],"tags":[],"class_list":["post-3583","post","type-post","status-publish","format-standard","has-post-thumbnail","category-local"],"jetpack_publicize_connections":[],"jetpack-related-posts":[],"jetpack_shortlink":"https:\/\/wp.me\/p7Eq1F-VN","jetpack_sharing_enabled":true,"jetpack_featured_media_url":"https:\/\/i0.wp.com\/guialimeira.com.br\/news\/wp-content\/uploads\/2024\/05\/m_137_0_1_03052024092121.jpg?fit=900%2C506&ssl=1","_links":{"self":[{"href":"https:\/\/guialimeira.com.br\/news\/wp-json\/wp\/v2\/posts\/3583","targetHints":{"allow":["GET"]}}],"collection":[{"href":"https:\/\/guialimeira.com.br\/news\/wp-json\/wp\/v2\/posts"}],"about":[{"href":"https:\/\/guialimeira.com.br\/news\/wp-json\/wp\/v2\/types\/post"}],"author":[{"embeddable":true,"href":"https:\/\/guialimeira.com.br\/news\/wp-json\/wp\/v2\/users\/1"}],"replies":[{"embeddable":true,"href":"https:\/\/guialimeira.com.br\/news\/wp-json\/wp\/v2\/comments?post=3583"}],"version-history":[{"count":0,"href":"https:\/\/guialimeira.com.br\/news\/wp-json\/wp\/v2\/posts\/3583\/revisions"}],"wp:featuredmedia":[{"embeddable":true,"href":"https:\/\/guialimeira.com.br\/news\/wp-json\/wp\/v2\/media\/3584"}],"wp:attachment":[{"href":"https:\/\/guialimeira.com.br\/news\/wp-json\/wp\/v2\/media?parent=3583"}],"wp:term":[{"taxonomy":"category","embeddable":true,"href":"https:\/\/guialimeira.com.br\/news\/wp-json\/wp\/v2\/categories?post=3583"},{"taxonomy":"post_tag","embeddable":true,"href":"https:\/\/guialimeira.com.br\/news\/wp-json\/wp\/v2\/tags?post=3583"}],"curies":[{"name":"wp","href":"https:\/\/api.w.org\/{rel}","templated":true}]}}