{"id":35826,"date":"2025-06-10T20:17:49","date_gmt":"2025-06-10T23:17:49","guid":{"rendered":"https:\/\/guialimeira.com.br\/2025\/06\/10\/volei-renovada-selecao-masculina-estreia-4a-feira-na-liga-das-nacoes\/"},"modified":"2025-06-10T20:17:49","modified_gmt":"2025-06-10T23:17:49","slug":"volei-renovada-selecao-masculina-estreia-4a-feira-na-liga-das-nacoes","status":"publish","type":"post","link":"https:\/\/guialimeira.com.br\/news\/volei-renovada-selecao-masculina-estreia-4a-feira-na-liga-das-nacoes\/","title":{"rendered":"V\u00f4lei: renovada, sele\u00e7\u00e3o masculina estreia 4\u00aa feira na Liga das Na\u00e7\u00f5es"},"content":{"rendered":"<p> <br \/>\n<\/p>\n<div>\n<p>A sele\u00e7\u00e3o brasileira masculina de v\u00f4lei inicia nesta quarta-feira (11) a campanha pelo bicampeonato na Liga das Na\u00e7\u00f5es de V\u00f4lei (LNV). O t\u00e9cnico Bernardinho definiu hoje (10) os 14 jogadores relacionados para a estreia contra o Ir\u00e3, \u00e0s 17h30 (hor\u00e1rio de Bras\u00edlia), no Gin\u00e1sio do Maracan\u00e3zinho. Por conta de uma les\u00e3o no ombro, o ponteiro e capit\u00e3o Lucarelli n\u00e3o jogar\u00e1 esta primeira semana do torneio, que vai at\u00e9 domingo (15), no Rio de Janeiro. A faixa de capit\u00e3o ficar\u00e1 com o central Fl\u00e1vio Gualberto, campe\u00e3o italiano pelo Trentino. O primeiro titulo brasileiro na LNV foi conquistado em 2021, quando a equipe era comandada pelo t\u00e9cnico Renan Dal Zotto.<img data-recalc-dims=\"1\" decoding=\"async\" src=\"https:\/\/i0.wp.com\/agenciabrasil.ebc.com.br\/ebc.png?w=696&#038;ssl=1\" style=\"width:1px; height:1px; display:inline;\"\/><img data-recalc-dims=\"1\" decoding=\"async\" src=\"https:\/\/i0.wp.com\/agenciabrasil.ebc.com.br\/ebc.gif?w=696&#038;ssl=1\" style=\"width:1px; height:1px; display:inline;\"\/><\/p>\n<p>O treinador, duas vezes campe\u00e3o ol\u00edmpico no comando da amarelinha (edi\u00e7\u00f5es de Atenas 2004 e Rio 2026), convocou ao todo 30 jogadores para a primeira competi\u00e7\u00e3o internacional da nesta temporada. A sele\u00e7\u00e3o passa por processo de renova\u00e7\u00e3o ap\u00f3s o fiasco na Olimp\u00edada de Paris. Na ocasi\u00e3o, os brasileiros sequer avan\u00e7aram \u00e0s quartas de final: amargaram tr\u00eas derrotas (Pol\u00f4nia, It\u00e1lia e Estados Unidos) e ganharam apenas um confronto (Egito) na fase de grupos.<\/p>\n<blockquote class=\"twitter-tweet\">\n<p dir=\"ltr\" lang=\"pt\" xml:lang=\"pt\">EM BUSCA DO BI! \ud83c\udfc6<br \/>\u2070Falta pouco! Na quarta-feira, a sele\u00e7\u00e3o masculina volta ao palco do ouro ol\u00edmpico de 2016 para estrear na Liga das Na\u00e7\u00f5es 2025!<br \/>\u2070O primeiro desafio \u00e9 contra o Ir\u00e3, \u00e0s 17h30! Salva na agenda e garante seu lugar no Maracan\u00e3zinho! \ud83d\udc9b\ud83d\udc9a <a href=\"https:\/\/t.co\/U4wGnTd0TQ\">pic.twitter.com\/U4wGnTd0TQ<\/a><\/p>\n<p>\u2014 V\u00f4lei Brasil (@volei) <a href=\"https:\/\/twitter.com\/volei\/status\/1932093355116147130?ref_src=twsrc%5Etfw\" rel=\"noopener\">June 9, 2025<\/a><\/p><\/blockquote>\n<p>Dos 30 convocados, 20 atletas atuam no Brasil e chamaram aten\u00e7\u00e3o de Bernardinho por se destacaram na Superliga 2025. No ataque, o ponteiro Adriano Xavier anotou 445 pontos para o Campinas, atual vice-campe\u00e3o, e est\u00e1 no top 10 dos jogadores mais efetivos no torneio. Da mesma equipe paulista, foi chamado o central Judson, terceiro melhor bloqueador da Superliga. Outro bloqueador de relev\u00e2ncia que ganhou espa\u00e7o na sele\u00e7\u00e3o \u00e9 o central Pietro (Praia Clube). Na arma\u00e7\u00e3o das jogadas, a sele\u00e7\u00e3o contar\u00e1 com os l\u00edberos Maique (Minas) e Douglas Pureza (Bauru) \u2013 a dupla est\u00e1 no top 3 da Superliga \u2013 al\u00e9m de \u00a0Filipinho (Joinville) e Al\u00ea Elias (Cruzeiro, atual campe\u00e3o da Superliga). Outros dois jogadores que brilharam pelo Cruzeiro tamb\u00e9m foram chamados: o levantador Matheus Bras\u00edlia e o oposto Opperkoski.<\/p>\n<p>Rec\u00e9m-anunciado como novo refor\u00e7o do Verona (It\u00e1lia), Darlan segue com vaga cativa na sele\u00e7\u00e3o de Bernardinho. \u00a0O oposto foi o atleta que mais somou pontos de saque na Superliga: foram 62 aces. Entre os brasileiros que jogam no exterior, al\u00e9m do capit\u00e3o \u00a0Fl\u00e1vio Gualberto, est\u00e3o o oposto Chizoba (Cuprum Stilon Gorz\u00f3w) \u2013 terceiro maior pontuador da liga polonesa, com 381 pontos em 21 partidas \u2013 e o central Guilherme Voss, campe\u00e3o franc\u00eas pelo Tours Volley-Ball.<\/p>\n<p>O time pode variar ao longo da fase preliminar. A cada semana, Bernardinho relacionar\u00e1 14 jogadores e quatro reservas. O time da estreia contra o Ir\u00e3 contar\u00e1 como os levantadores Cahopa e Bras\u00edlia; os opostos Darlan e Sabino; os ponteiros Adriano, Honorato, Lukas Bergmann, Maicon e Arthur Bento; os centrais Judson, Thiery e Fl\u00e1vio; e os l\u00edberos Maique e Al\u00ea Elias. No banco de reservas estar\u00e3o os opostos Alan e Chzoba, os centrais Matheus Pinta, e o levantador Rhendrick.<\/p>\n<h2>Formato da Liga das Na\u00e7\u00f5es de V\u00f4lei<\/h2>\n<p>A competi\u00e7\u00e3o re\u00fane as 18 melhores sele\u00e7\u00f5es do mundo na fase preliminar, com 15 rodadas. As equipes constam do ranking da Federa\u00e7\u00e3o Internacional de Voleibol (FIVB). Al\u00e9m de atuar em casa, a sele\u00e7\u00e3o jogar\u00e1 nos Estados Unidos e no Jap\u00e3o.<\/p>\n<p>Apenas as oito primeiras colocadas na fase preliminar, avan\u00e7ar\u00e3o \u00e0s quartas de final (eliminat\u00f3ria). Vale destacar que a China tem vaga assegurada no mata-mata da LNV, por sediar a fase final da competi\u00e7\u00e3o, entre 30 de julho e 3 de agosto.<\/p>\n<h2>Jogos do Brasil na Ligas das Na\u00e7\u00f5es de V\u00f4lei Maculino<\/h2>\n<p>11 de junho (quarta-feira) &#8211; Brasil x Rep\u00fablica Isl\u00e2mica do Ir\u00e3 &#8211; 17h30 \u2013 Rio de Janeiro<\/p>\n<p>12 de junho (quinta) &#8211; Brasil x Cuba &#8211; 17h30 &#8211; Rio de Janeiro, Brasil<\/p>\n<p>14 de junho (s\u00e1bado) &#8211; Ucr\u00e2nia x Brasil &#8211; 10h &#8211; Rio de Janeiro, Brasil<\/p>\n<p>15 de junho (domingo) &#8211; Brasil x Eslov\u00eania &#8211; 10h &#8211; Rio de Janeiro<\/p>\n<p>25 de junho (quarta) &#8211; Canad\u00e1 x Brasil &#8211; 18h &#8211; Chicago, Estados Unidos<\/p>\n<p>26 de junho (quinta) &#8211; Brasil x Rep\u00fablica Popular da China &#8211; 18h &#8211; Chicago, Estados Unidos<\/p>\n<p>28 de junho (s\u00e1bado) &#8211; Brasil x It\u00e1lia &#8211; 18h &#8211; Chicago, EUA<\/p>\n<p>29 de junho (domingo) &#8211; Brasil x Pol\u00f4nia &#8211; 18h &#8211; Chicago, EUA<\/p>\n<p>16 de julho (quarta) &#8211; Argentina x Brasil &#8211; 00h &#8211; Chiba, Jap\u00e3o<\/p>\n<p>18 de julho (sexta) &#8211; Brasil x Jap\u00e3o &#8211; 7h20 &#8211; Chiba, Jap\u00e3o<\/p>\n<p>19 de julho (s\u00e1bado) &#8211; Turquia x Brasil &#8211; 3h30 &#8211; Chiba, Jap\u00e3o<\/p>\n<p>20 de julho (domingo) &#8211; Alemanha x Brasil &#8211; 2h30 &#8211; Chiba, Jap\u00e3o\u00a0\u00a0\u00a0<\/p>\n<p>      <!-- Relacionada --><\/p>\n<p>            <!-- Relacionada -->\n    <\/div>\n<p><script async src=\"\/\/platform.twitter.com\/widgets.js\" charset=\"utf-8\"><\/script><br \/>\n<br \/><br \/>\n<br \/><a href=\"https:\/\/agenciabrasil.ebc.com.br\/esportes\/noticia\/2025-06\/volei-renovada-selecao-masculina-estreia-4a-feira-na-liga-das-nacoes\" rel=\"noopener\">Ag\u00eancia Brasil<\/a><\/p>\n","protected":false},"excerpt":{"rendered":"<p>A sele\u00e7\u00e3o brasileira masculina de v\u00f4lei inicia nesta quarta-feira (11) a campanha pelo bicampeonato na Liga das Na\u00e7\u00f5es de V\u00f4lei (LNV). O t\u00e9cnico Bernardinho definiu hoje (10) os 14 jogadores relacionados para a estreia contra o Ir\u00e3, \u00e0s 17h30 (hor\u00e1rio de Bras\u00edlia), no Gin\u00e1sio do Maracan\u00e3zinho. Por conta de uma les\u00e3o no ombro, o ponteiro [&hellip;]<\/p>\n","protected":false},"author":1,"featured_media":35827,"comment_status":"open","ping_status":"open","sticky":false,"template":"","format":"standard","meta":{"_jetpack_newsletter_access":"","_jetpack_dont_email_post_to_subs":false,"_jetpack_newsletter_tier_id":0,"_jetpack_memberships_contains_paywalled_content":false,"_mbp_banners":[],"_jetpack_feature_clip_id":0,"_jetpack_memberships_contains_paid_content":false,"footnotes":"","jetpack_publicize_message":"","jetpack_publicize_feature_enabled":true,"jetpack_social_post_already_shared":true,"jetpack_social_options":{"image_generator_settings":{"template":"highway","default_image_id":0,"font":"","enabled":false},"version":2},"jetpack_post_was_ever_published":false},"categories":[23],"tags":[],"class_list":["post-35826","post","type-post","status-publish","format-standard","has-post-thumbnail","category-esportes"],"jetpack_publicize_connections":[],"jetpack-related-posts":[],"jetpack_shortlink":"https:\/\/wp.me\/p7Eq1F-9jQ","jetpack_sharing_enabled":true,"jetpack_featured_media_url":"https:\/\/i0.wp.com\/guialimeira.com.br\/news\/wp-content\/uploads\/2025\/06\/selecao_volei_masculino_paris_2024_brasil.jpg?fit=1600%2C800&ssl=1","_links":{"self":[{"href":"https:\/\/guialimeira.com.br\/news\/wp-json\/wp\/v2\/posts\/35826","targetHints":{"allow":["GET"]}}],"collection":[{"href":"https:\/\/guialimeira.com.br\/news\/wp-json\/wp\/v2\/posts"}],"about":[{"href":"https:\/\/guialimeira.com.br\/news\/wp-json\/wp\/v2\/types\/post"}],"author":[{"embeddable":true,"href":"https:\/\/guialimeira.com.br\/news\/wp-json\/wp\/v2\/users\/1"}],"replies":[{"embeddable":true,"href":"https:\/\/guialimeira.com.br\/news\/wp-json\/wp\/v2\/comments?post=35826"}],"version-history":[{"count":0,"href":"https:\/\/guialimeira.com.br\/news\/wp-json\/wp\/v2\/posts\/35826\/revisions"}],"wp:featuredmedia":[{"embeddable":true,"href":"https:\/\/guialimeira.com.br\/news\/wp-json\/wp\/v2\/media\/35827"}],"wp:attachment":[{"href":"https:\/\/guialimeira.com.br\/news\/wp-json\/wp\/v2\/media?parent=35826"}],"wp:term":[{"taxonomy":"category","embeddable":true,"href":"https:\/\/guialimeira.com.br\/news\/wp-json\/wp\/v2\/categories?post=35826"},{"taxonomy":"post_tag","embeddable":true,"href":"https:\/\/guialimeira.com.br\/news\/wp-json\/wp\/v2\/tags?post=35826"}],"curies":[{"name":"wp","href":"https:\/\/api.w.org\/{rel}","templated":true}]}}