{"id":3582,"date":"2024-05-03T09:27:01","date_gmt":"2024-05-03T12:27:01","guid":{"rendered":"https:\/\/guialimeira.com.br\/2024\/05\/03\/fim-de-semana-tem-aulas-de-forro-e-festival-feira-preta-no-parque-ibirapuera\/"},"modified":"2024-05-03T09:27:01","modified_gmt":"2024-05-03T12:27:01","slug":"fim-de-semana-tem-aulas-de-forro-e-festival-feira-preta-no-parque-ibirapuera","status":"publish","type":"post","link":"https:\/\/guialimeira.com.br\/news\/fim-de-semana-tem-aulas-de-forro-e-festival-feira-preta-no-parque-ibirapuera\/","title":{"rendered":"Fim de semana tem aulas de forr\u00f3 e Festival Feira Preta no Parque Ibirapuera"},"content":{"rendered":"<p> <br \/>\n<\/p>\n<div id=\"\">&#13;<br \/>\n                                <!-- Title -->&#13;<br \/>\n                                &#13;<br \/>\n&#13;<br \/>\n                                <!-- Excerpt -->&#13;<\/p>\n<p class=\"excerpt\">Confira as dicas de atividades culturais para aproveitar na capital paulista e no interior do estado<\/p>\n<p>&#13;<br \/>\n&#13;<br \/>\n                                &#13;\n                            <\/p><\/div>\n<div id=\"\">&#13;<\/p>\n<p><iframe loading=\"lazy\" title=\"Fim de semana tem aulas de forr\u00f3, Festival Feira Preta e \u201cArte no Outono\u201d em Campos do Jord\u00e3o by Governo do Estado de S\u00e3o Paulo\" width=\"587\" height=\"330\" scrolling=\"no\" frameborder=\"no\" src=\"https:\/\/w.soundcloud.com\/player\/?visual=true&amp;url=https%3A%2F%2Fapi.soundcloud.com%2Ftracks%2F1812862023&amp;show_artwork=true&amp;maxheight=330&amp;maxwidth=587\"><\/iframe><\/p>\n<p>A dica para este fim de semana vai para quem gosta de forr\u00f3! Todos os s\u00e1bados de maio e junho, no pr\u00e9dio Oswald de Andrade ser\u00e3o oferecidas aulas para quem quer aprender a dan\u00e7ar. Os participantes desenvolvem coordena\u00e7\u00e3o, ritmo, express\u00e3o corporal e aprender\u00e3o os passos b\u00e1sicos como o arrasta-p\u00e9, piseiro, movimentos de bra\u00e7os e corpo, giros e postura junto ao parceiro. As aulas s\u00e3o gratuitas das 15h30 \u00e0s 17h e n\u00e3o precisa de inscri\u00e7\u00e3o.<\/p>\n<p>Ainda no espa\u00e7o Oswald de Andrade, os f\u00e3s de Rita Lee poder\u00e3o conhecer o trabalho de 15 grafiteiras. Inspiradas nos maiores sucessos da \u201cRainha do Rock Brasileiro\u201d, elas retratam suas experi\u00eancias e repert\u00f3rio cultural do muro para as telas. As obras ficar\u00e3o expostas at\u00e9 o fim de maio.<\/p>\n<p>Entre os dias 3 e 5 de maio, acontece a 22\u00aa edi\u00e7\u00e3o do Festival Feira Preta no Parque Ibirapuera. Com parceria institucional do Museu Afro Brasil Emanoel Araujo, esta ser\u00e1 a maior edi\u00e7\u00e3o do festival, com expectativa de p\u00fablico de 50 mil pessoas, com shows, palestras, desfiles de moda, interven\u00e7\u00f5es art\u00edsticas e muito mais.<\/p>\n<p>E em Campos do Jord\u00e3o continua o Festival \u201cArte no Outono\u201d em uma edi\u00e7\u00e3o especial e comemorativa aos 150 anos da cidade. A programa\u00e7\u00e3o est\u00e1 repleta de grandes artistas. Neste fim de semana com apresenta\u00e7\u00e3o musical da cantora Ti\u00ea, uma banda de jazz e coro infantil.<\/p>\n<\/p><\/div>\n<p><br \/>\n<br \/><a href=\"https:\/\/www.saopaulo.sp.gov.br\/spnoticias\/ultimas-noticias\/fim-de-semana-tem-aulas-de-forro-e-festival-feira-preta-no-parque-ibirapuera\/\" rel=\"noopener\">Informa\u00e7\u00f5es GOV.SP<\/a><\/p>\n","protected":false},"excerpt":{"rendered":"<p>&#13; &#13; &#13; &#13; &#13; Confira as dicas de atividades culturais para aproveitar na capital paulista e no interior do estado &#13; &#13; &#13; &#13; A dica para este fim de semana vai para quem gosta de forr\u00f3! Todos os s\u00e1bados de maio e junho, no pr\u00e9dio Oswald de Andrade ser\u00e3o oferecidas aulas para quem [&hellip;]<\/p>\n","protected":false},"author":1,"featured_media":238,"comment_status":"open","ping_status":"open","sticky":false,"template":"","format":"standard","meta":{"_jetpack_newsletter_access":"","_jetpack_dont_email_post_to_subs":false,"_jetpack_newsletter_tier_id":0,"_jetpack_memberships_contains_paywalled_content":false,"_mbp_banners":[],"_jetpack_feature_clip_id":0,"_jetpack_memberships_contains_paid_content":false,"footnotes":"","jetpack_publicize_message":"","jetpack_publicize_feature_enabled":true,"jetpack_social_post_already_shared":true,"jetpack_social_options":{"image_generator_settings":{"template":"highway","default_image_id":0,"font":"","enabled":false},"version":2},"jetpack_post_was_ever_published":false},"categories":[21],"tags":[],"class_list":["post-3582","post","type-post","status-publish","format-standard","has-post-thumbnail","category-sp-news"],"jetpack_publicize_connections":[],"jetpack-related-posts":[],"jetpack_shortlink":"https:\/\/wp.me\/p7Eq1F-VM","jetpack_sharing_enabled":true,"jetpack_featured_media_url":"https:\/\/i0.wp.com\/guialimeira.com.br\/news\/wp-content\/uploads\/2024\/03\/cover.png?fit=650%2C650&ssl=1","_links":{"self":[{"href":"https:\/\/guialimeira.com.br\/news\/wp-json\/wp\/v2\/posts\/3582","targetHints":{"allow":["GET"]}}],"collection":[{"href":"https:\/\/guialimeira.com.br\/news\/wp-json\/wp\/v2\/posts"}],"about":[{"href":"https:\/\/guialimeira.com.br\/news\/wp-json\/wp\/v2\/types\/post"}],"author":[{"embeddable":true,"href":"https:\/\/guialimeira.com.br\/news\/wp-json\/wp\/v2\/users\/1"}],"replies":[{"embeddable":true,"href":"https:\/\/guialimeira.com.br\/news\/wp-json\/wp\/v2\/comments?post=3582"}],"version-history":[{"count":0,"href":"https:\/\/guialimeira.com.br\/news\/wp-json\/wp\/v2\/posts\/3582\/revisions"}],"wp:featuredmedia":[{"embeddable":true,"href":"https:\/\/guialimeira.com.br\/news\/wp-json\/wp\/v2\/media\/238"}],"wp:attachment":[{"href":"https:\/\/guialimeira.com.br\/news\/wp-json\/wp\/v2\/media?parent=3582"}],"wp:term":[{"taxonomy":"category","embeddable":true,"href":"https:\/\/guialimeira.com.br\/news\/wp-json\/wp\/v2\/categories?post=3582"},{"taxonomy":"post_tag","embeddable":true,"href":"https:\/\/guialimeira.com.br\/news\/wp-json\/wp\/v2\/tags?post=3582"}],"curies":[{"name":"wp","href":"https:\/\/api.w.org\/{rel}","templated":true}]}}