{"id":3577,"date":"2024-05-03T09:00:45","date_gmt":"2024-05-03T12:00:45","guid":{"rendered":"https:\/\/guialimeira.com.br\/2024\/05\/03\/salao-de-aquarelas-de-piracicaba-seleciona-74-obras-para-a-7a-edicao-portal-do-municipio-de-piracicaba\/"},"modified":"2024-05-03T09:00:45","modified_gmt":"2024-05-03T12:00:45","slug":"salao-de-aquarelas-de-piracicaba-seleciona-74-obras-para-a-7a-edicao-portal-do-municipio-de-piracicaba","status":"publish","type":"post","link":"https:\/\/guialimeira.com.br\/news\/salao-de-aquarelas-de-piracicaba-seleciona-74-obras-para-a-7a-edicao-portal-do-municipio-de-piracicaba\/","title":{"rendered":"Sal\u00e3o de Aquarelas de Piracicaba seleciona 74 obras para a 7\u00aa edi\u00e7\u00e3o \u2013 Portal do Munic\u00edpio de Piracicaba"},"content":{"rendered":"<p> <br \/>\n<\/p>\n<div>\n<figure class=\"text-center\">\n<img data-recalc-dims=\"1\" width=\"696\" height=\"464\" src=\"https:\/\/i0.wp.com\/piracicaba.sp.gov.br\/wp-content\/uploads\/2024\/05\/Gonzalo-Ivar-Carcamo-Luna-e-Sidney-Siqueira-Meireles-escolhem-as-obras-para-o-SAP-1024x683.jpg?resize=696%2C464&#038;ssl=1\" class=\"img-fluid img-thumbnail border-1 wp-post-image\" alt=\"Gonzalo Ivar Carcamo Luna e Sidney Siqueira Meireles escolhem as obras para o SAP\" itemprop=\"image\" decoding=\"async\" fetchpriority=\"high\" srcset=\"https:\/\/piracicaba.sp.gov.br\/wp-content\/uploads\/2024\/05\/Gonzalo-Ivar-Carcamo-Luna-e-Sidney-Siqueira-Meireles-escolhem-as-obras-para-o-SAP-1024x683.jpg 1024w, https:\/\/piracicaba.sp.gov.br\/wp-content\/uploads\/2024\/05\/Gonzalo-Ivar-Carcamo-Luna-e-Sidney-Siqueira-Meireles-escolhem-as-obras-para-o-SAP-300x200.jpg 300w, https:\/\/piracicaba.sp.gov.br\/wp-content\/uploads\/2024\/05\/Gonzalo-Ivar-Carcamo-Luna-e-Sidney-Siqueira-Meireles-escolhem-as-obras-para-o-SAP-768x512.jpg 768w, https:\/\/piracicaba.sp.gov.br\/wp-content\/uploads\/2024\/05\/Gonzalo-Ivar-Carcamo-Luna-e-Sidney-Siqueira-Meireles-escolhem-as-obras-para-o-SAP-1536x1024.jpg 1536w, https:\/\/piracicaba.sp.gov.br\/wp-content\/uploads\/2024\/05\/Gonzalo-Ivar-Carcamo-Luna-e-Sidney-Siqueira-Meireles-escolhem-as-obras-para-o-SAP.jpg 2048w\" sizes=\"(max-width: 1024px) 100vw, 1024px\"\/><figcaption class=\"text-center small fw-bold fst-italic mt-1\">Gonzalo Ivar Carcamo Luna e Sidney Siqueira Meireles escolhem as obras para o SAP<\/figcaption><\/figure>\n<p>O SAP (Sal\u00e3o de Aquarelas de Piracicaba), realizado pela Prefeitura, por meio da Semac (Secretaria Municipal da A\u00e7\u00e3o Cultural), j\u00e1 definiu os trabalhos e os premiados da 7\u00aa edi\u00e7\u00e3o, que ser\u00e1 inaugurada neste m\u00eas de maio em local e data a serem divulgados em breve. Ser\u00e3o expostas 74 obras de 38 artistas de diversas partes do Brasil. No total, o evento recebeu 345 inscri\u00e7\u00f5es.<\/p>\n<p>A segunda e \u00faltima fase da sele\u00e7\u00e3o aconteceu no Armaz\u00e9m 14 do Engenho Central na \u00faltima ter\u00e7a-feira, 30\/04, e novamente reuniu a comiss\u00e3o de Sele\u00e7\u00e3o e Premia\u00e7\u00e3o, formada por Danielle Noronha Maia, Gonzalo Ivar Carcamo Luna e Sidney Siqueira Meireles, e a comiss\u00e3o Organizadora, que \u00e9 Jhullia Vieira de Matos, Renata Aparecida Rosa e Renata Gava.<\/p>\n<p>Os pr\u00eamios aquisitivos do Prefeitura de Piracicaba do 7\u00ba SAC foram concedidos para Adriana Scauri, com a obra Onde Nasce o Rio, Jo\u00e3o Paulo de Carvalho, com Textura do Sil\u00eancio V, Carlos Avelino Santos dos Reis, com Cayma \u2013 Peru, Lisete Terezinha Assen de Oliveira, com Dos Pretos (1), Arthur Guedes de Melo, com Dona Maria, e Reinaldo Nishimura, com Caminhos.<\/p>\n<figure class=\"wp-block-image size-large\"><img data-recalc-dims=\"1\" loading=\"lazy\" decoding=\"async\" width=\"696\" height=\"491\" src=\"https:\/\/i0.wp.com\/piracicaba.sp.gov.br\/wp-content\/uploads\/2024\/05\/Eliana-de-Jesus-Lima-Santos-recebe-Mencao-Honrosa-com-Passeio-de-Carroca-1024x723.jpeg?resize=696%2C491&#038;ssl=1\" alt=\"Eliana de Jesus Lima Santos recebe Men\u00e7\u00e3o Honrosa com Passeio de Carro\u00e7a\" class=\"wp-image-78322\" srcset=\"https:\/\/piracicaba.sp.gov.br\/wp-content\/uploads\/2024\/05\/Eliana-de-Jesus-Lima-Santos-recebe-Mencao-Honrosa-com-Passeio-de-Carroca-1024x723.jpeg 1024w, https:\/\/piracicaba.sp.gov.br\/wp-content\/uploads\/2024\/05\/Eliana-de-Jesus-Lima-Santos-recebe-Mencao-Honrosa-com-Passeio-de-Carroca-300x212.jpeg 300w, https:\/\/piracicaba.sp.gov.br\/wp-content\/uploads\/2024\/05\/Eliana-de-Jesus-Lima-Santos-recebe-Mencao-Honrosa-com-Passeio-de-Carroca-768x542.jpeg 768w, https:\/\/piracicaba.sp.gov.br\/wp-content\/uploads\/2024\/05\/Eliana-de-Jesus-Lima-Santos-recebe-Mencao-Honrosa-com-Passeio-de-Carroca.jpeg 1280w\" sizes=\"auto, (max-width: 1024px) 100vw, 1024px\"\/><figcaption class=\"wp-element-caption\"><strong><em>Eliana de Jesus Lima Santos recebe Men\u00e7\u00e3o Honrosa com Passeio de Carro\u00e7a<\/em><\/strong><\/figcaption><\/figure>\n<p>Nesta edi\u00e7\u00e3o, Jo\u00e3o Paulo de Carvalho tamb\u00e9m recebeu o pr\u00eamio Capa (a obra que vai estampar a capa do folder de divulga\u00e7\u00e3o com a obra Textura do Sil\u00eancio IV). J\u00e1 a Medalha Miguel Dutra foi concedida\u00a0para Carmelo\u00a0Gentil Filho, com a aquarela Vale do Anhangaba\u00fa \u2013 SP.<\/p>\n<p>Tamb\u00e9m foram conferidas men\u00e7\u00f5es honrosas para Andr\u00e9\u00a0Sakrai, com a aquarela M\u00e3e Costurando, Zilda Felisbino, com Orqu\u00eddea II, Ana Maria M\u00fcller Grollmann, com uma obra da s\u00e9rie Fragmentos da Mata Atl\u00e2ntica \u2013 Acanthaceae, Eliana de Jesus Lima Santos, com Passeio de Carro\u00e7a, e Marlene Eberhardt Prado, com a aquarela Tr\u00eas Palmeiras.<\/p>\n<p>Para a jurada Danielle Noronha Maia, a sele\u00e7\u00e3o resultou em um SAP variado. \u201cN\u00e3o s\u00f3 na quest\u00e3o do tema, mas como cada artista explora a t\u00e9cnica da aquarela, com solu\u00e7\u00f5es que divergem em intensidade, leveza ou cores\u201d.<\/p>\n<figure class=\"wp-block-image size-large\"><img data-recalc-dims=\"1\" loading=\"lazy\" decoding=\"async\" width=\"696\" height=\"504\" src=\"https:\/\/i0.wp.com\/piracicaba.sp.gov.br\/wp-content\/uploads\/2024\/05\/Lisete-Terezinha-Assen-de-Oliveira-e-premio-aquisito-com-Dos-Pretos-1-1024x741.png?resize=696%2C504&#038;ssl=1\" alt=\"Lisete Terezinha Assen de Oliveira \u00e9 premio aquisito com Dos Pretos (1)\" class=\"wp-image-78323\" srcset=\"https:\/\/piracicaba.sp.gov.br\/wp-content\/uploads\/2024\/05\/Lisete-Terezinha-Assen-de-Oliveira-e-premio-aquisito-com-Dos-Pretos-1-1024x741.png 1024w, https:\/\/piracicaba.sp.gov.br\/wp-content\/uploads\/2024\/05\/Lisete-Terezinha-Assen-de-Oliveira-e-premio-aquisito-com-Dos-Pretos-1-300x217.png 300w, https:\/\/piracicaba.sp.gov.br\/wp-content\/uploads\/2024\/05\/Lisete-Terezinha-Assen-de-Oliveira-e-premio-aquisito-com-Dos-Pretos-1-768x555.png 768w, https:\/\/piracicaba.sp.gov.br\/wp-content\/uploads\/2024\/05\/Lisete-Terezinha-Assen-de-Oliveira-e-premio-aquisito-com-Dos-Pretos-1.png 1236w\" sizes=\"auto, (max-width: 1024px) 100vw, 1024px\"\/><figcaption class=\"wp-element-caption\"><strong><em>Lisete Terezinha Assen de Oliveira \u00e9 pr\u00eamio aquisito com Dos Pretos (1)<\/em><\/strong><\/figcaption><\/figure>\n<p>Sidney Meireles exalta a qualidade dos participantes desta s\u00e9tima edi\u00e7\u00e3o. \u201cImpressionou a quantidade de \u00f3timos artistas que enviaram suas obras e \u00e9 gratificante ver como a aquarela cresce a cada dia no Brasil\u201d.<\/p>\n<p><strong>A AQUARELA \u2013\u00a0<\/strong>Aquarela \u00e9 uma t\u00e9cnica de pintura na qual os pigmentos se encontram suspensos ou dissolvidos em \u00e1gua. Os suportes utilizados na aquarela s\u00e3o muito variados, embora o mais comum seja o papel com elevada gramagem. Isso porque \u00e9 necess\u00e1rio que o papel seja mais grosso visto a utiliza\u00e7\u00e3o da \u00e1gua, fazendo com que n\u00e3o haja deforma\u00e7\u00f5es no papel. S\u00e3o tamb\u00e9m utilizados como suporte o papiro, casca de \u00e1rvore, pl\u00e1stico, cartolina, couro, tecido, madeira e tela.<\/p>\n<\/div>\n<p><br \/>\n<br \/><a href=\"https:\/\/piracicaba.sp.gov.br\/noticias\/salao-de-aquarelas-de-piracicaba-seleciona-74-obras-para-a-7a-edicao\/\" rel=\"noopener\">Informa\u00e7\u00f5es PMP <\/a><\/p>\n","protected":false},"excerpt":{"rendered":"<p>Gonzalo Ivar Carcamo Luna e Sidney Siqueira Meireles escolhem as obras para o SAP O SAP (Sal\u00e3o de Aquarelas de Piracicaba), realizado pela Prefeitura, por meio da Semac (Secretaria Municipal da A\u00e7\u00e3o Cultural), j\u00e1 definiu os trabalhos e os premiados da 7\u00aa edi\u00e7\u00e3o, que ser\u00e1 inaugurada neste m\u00eas de maio em local e data a [&hellip;]<\/p>\n","protected":false},"author":1,"featured_media":3578,"comment_status":"open","ping_status":"open","sticky":false,"template":"","format":"standard","meta":{"_jetpack_newsletter_access":"","_jetpack_dont_email_post_to_subs":false,"_jetpack_newsletter_tier_id":0,"_jetpack_memberships_contains_paywalled_content":false,"_mbp_banners":[],"_jetpack_feature_clip_id":0,"_jetpack_memberships_contains_paid_content":false,"footnotes":"","jetpack_publicize_message":"","jetpack_publicize_feature_enabled":true,"jetpack_social_post_already_shared":true,"jetpack_social_options":{"image_generator_settings":{"template":"highway","default_image_id":0,"font":"","enabled":false},"version":2},"jetpack_post_was_ever_published":false},"categories":[20],"tags":[],"class_list":["post-3577","post","type-post","status-publish","format-standard","has-post-thumbnail","category-regiao"],"jetpack_publicize_connections":[],"jetpack-related-posts":[],"jetpack_shortlink":"https:\/\/wp.me\/p7Eq1F-VH","jetpack_sharing_enabled":true,"jetpack_featured_media_url":"https:\/\/i0.wp.com\/guialimeira.com.br\/news\/wp-content\/uploads\/2024\/05\/Gonzalo-Ivar-Carcamo-Luna-e-Sidney-Siqueira-Meireles-escolhem-as-obras-para-o-SAP.jpg?fit=2048%2C1365&ssl=1","_links":{"self":[{"href":"https:\/\/guialimeira.com.br\/news\/wp-json\/wp\/v2\/posts\/3577","targetHints":{"allow":["GET"]}}],"collection":[{"href":"https:\/\/guialimeira.com.br\/news\/wp-json\/wp\/v2\/posts"}],"about":[{"href":"https:\/\/guialimeira.com.br\/news\/wp-json\/wp\/v2\/types\/post"}],"author":[{"embeddable":true,"href":"https:\/\/guialimeira.com.br\/news\/wp-json\/wp\/v2\/users\/1"}],"replies":[{"embeddable":true,"href":"https:\/\/guialimeira.com.br\/news\/wp-json\/wp\/v2\/comments?post=3577"}],"version-history":[{"count":0,"href":"https:\/\/guialimeira.com.br\/news\/wp-json\/wp\/v2\/posts\/3577\/revisions"}],"wp:featuredmedia":[{"embeddable":true,"href":"https:\/\/guialimeira.com.br\/news\/wp-json\/wp\/v2\/media\/3578"}],"wp:attachment":[{"href":"https:\/\/guialimeira.com.br\/news\/wp-json\/wp\/v2\/media?parent=3577"}],"wp:term":[{"taxonomy":"category","embeddable":true,"href":"https:\/\/guialimeira.com.br\/news\/wp-json\/wp\/v2\/categories?post=3577"},{"taxonomy":"post_tag","embeddable":true,"href":"https:\/\/guialimeira.com.br\/news\/wp-json\/wp\/v2\/tags?post=3577"}],"curies":[{"name":"wp","href":"https:\/\/api.w.org\/{rel}","templated":true}]}}