{"id":3568,"date":"2024-05-03T04:36:44","date_gmt":"2024-05-03T07:36:44","guid":{"rendered":"https:\/\/guialimeira.com.br\/2024\/05\/03\/limeira-amplia-vacinacao-contra-gripe-a-partir-de-hoje-para-pessoas-acima-de-6-meses\/"},"modified":"2024-05-03T04:36:44","modified_gmt":"2024-05-03T07:36:44","slug":"limeira-amplia-vacinacao-contra-gripe-a-partir-de-hoje-para-pessoas-acima-de-6-meses","status":"publish","type":"post","link":"https:\/\/guialimeira.com.br\/news\/limeira-amplia-vacinacao-contra-gripe-a-partir-de-hoje-para-pessoas-acima-de-6-meses\/","title":{"rendered":"Limeira amplia vacina\u00e7\u00e3o contra gripe a partir de hoje para pessoas acima de 6 meses"},"content":{"rendered":"<p> <br \/>\n<\/p>\n<div>\n            <main class=\"\">&#13;<br \/>\n                &#13;<br \/>\n&#13;<br \/>\n&#13;<br \/>\n&#13;<br \/>\n    <img data-recalc-dims=\"1\" decoding=\"async\" src=\"https:\/\/i0.wp.com\/ecrie.com.br\/sistema\/conteudos\/imagem\/m_137_0_1_25042024153346.jpg?w=696&#038;ssl=1\" alt=\"Limeira amplia vacina\u00e7\u00e3o contra gripe a partir de hoje para pessoas acima de 6 meses\"\/>&#13;<br \/>\n&#13;<\/p>\n<p>A Prefeitura de Limeira, por meio da Secretaria de Sa\u00fade amplia, a partir de hoje (2), o p\u00fablico-alvo da vacina contra a influenza, v\u00edrus que causa a gripe, para todas as pessoas com mais de 6 meses. A medida atende a uma determina\u00e7\u00e3o do Minist\u00e9rio da Sa\u00fade que, at\u00e9 ent\u00e3o, tinha como p\u00fablico-alvo os grupos priorit\u00e1rios, como idosos, gestantes, trabalhadores de sa\u00fade, crian\u00e7as at\u00e9 seis anos e povos ind\u00edgenas.<\/p>\n<p>&#13;<\/p>\n<p>\u00a0<\/p>\n<p>&#13;<\/p>\n<p>Mesmo com a amplia\u00e7\u00e3o para todas as pessoas acima de 6 meses, a equipe da secretaria ressalta a import\u00e2ncia da vacina\u00e7\u00e3o para a prote\u00e7\u00e3o dos grupos mais vulner\u00e1veis a complica\u00e7\u00f5es da gripe, como gestantes, pu\u00e9rperas, idosos, crian\u00e7as menores de cinco anos e pessoas com comorbidades ou condi\u00e7\u00f5es cl\u00ednicas especiais. \u201cA vacina oferecida na rede p\u00fablica de sa\u00fade previne os principais v\u00edrus influenza presentes no Brasil. A ampla cobertura pode, ainda, reduzir as interna\u00e7\u00f5es hospitalares\u201d, refor\u00e7a Renata Martins, diretora de Vigil\u00e2ncia em Sa\u00fade.<\/p>\n<p>&#13;<\/p>\n<p>\u00a0<\/p>\n<p>&#13;<\/p>\n<p>A vacina j\u00e1 est\u00e1 dispon\u00edvel nos 16 pontos de imuniza\u00e7\u00e3o de rotina, de segunda a sexta-feira, das 8h \u00e0s 12h e das 13h \u00e0s 16h. S\u00e3o elas: UBS Ab\u00edlio Pedro, UBS Aeroporto, UBS Campo Belo, UBS Cecap, UBS Morro Azul, UBS Dores 1, UBS Dores 2, UBS Nova Europa, UBS Nova Limeira, UBS Nova Su\u00ed\u00e7a, UBS Novo Horizonte, UBS Planalto, UBS Hip\u00f3lito 1, UBS Vista Alegre e UBS Graminha e Ambulat\u00f3rio de Especialidades Rubi.<\/p>\n<p>&#13;<br \/>\n&#13;<br \/>\n&#13;<br \/>\n&#13;<\/p>\n<aside class=\"list-related no-print\">&#13;<br \/>\n        &#13;<br \/>\n&#13;<\/p>\n<article class=\"list-item noticias \">&#13;<br \/>\n                    <a class=\"list-item__img\" href=\"https:\/\/limeira.sp.gov.br\/imprensa\/noticias\/saude\/plantao-neste-sabado-4-tera-vacinacao-contra-gripe-em-tres-locais-de-limeira\" tabindex=\"-1\" aria-hidden=\"true\" rel=\"noopener\">&#13;<br \/>\n                        <img data-recalc-dims=\"1\" decoding=\"async\" src=\"https:\/\/i0.wp.com\/ecrie.com.br\/sistema\/conteudos\/imagem\/m_137_0_1_04112023092716.jpg?w=696&#038;ssl=1\" alt=\"Plant\u00e3o neste s\u00e1bado (4) ter\u00e1 vacina\u00e7\u00e3o contra gripe em tr\u00eas locais de Limeira\"\/>&#13;<br \/>\n                    <\/a>&#13;<br \/>\n&#13;<br \/>\n                &#13;<br \/>\n            <\/article>\n<p>&#13;<\/p>\n<article class=\"list-item noticias \">&#13;<br \/>\n                    <a class=\"list-item__img\" href=\"https:\/\/limeira.sp.gov.br\/imprensa\/noticias\/saude\/com-mais-de-120-pontos-de-coleta-campanhas-do-agasalho-e-agasalho-pet-sao-lancadas-em-limeira\" tabindex=\"-1\" aria-hidden=\"true\" rel=\"noopener\">&#13;<br \/>\n                        <img data-recalc-dims=\"1\" decoding=\"async\" src=\"https:\/\/i0.wp.com\/ecrie.com.br\/sistema\/conteudos\/imagem\/m_137_0_1_30042024173201.jpg?w=696&#038;ssl=1\" alt=\"Com mais de 120 pontos de coleta, campanhas do Agasalho e Agasalho PET s\u00e3o lan\u00e7adas em Limeira\"\/>&#13;<br \/>\n                    <\/a>&#13;<br \/>\n&#13;<br \/>\n                &#13;<br \/>\n            <\/article>\n<p>&#13;<\/p>\n<article class=\"list-item noticias \">&#13;<br \/>\n                    <a class=\"list-item__img\" href=\"https:\/\/limeira.sp.gov.br\/imprensa\/noticias\/saude\/vacina-contra-hpv-e-ampliada-e-segue-disponivel-em-16-pontos\" tabindex=\"-1\" aria-hidden=\"true\" rel=\"noopener\">&#13;<br \/>\n                        <img data-recalc-dims=\"1\" decoding=\"async\" src=\"https:\/\/i0.wp.com\/ecrie.com.br\/sistema\/conteudos\/imagem\/m_137_0_1_04112023092716.jpg?w=696&#038;ssl=1\" alt=\"Vacina contra HPV \u00e9 ampliada e segue dispon\u00edvel em 16 pontos\"\/>&#13;<br \/>\n                    <\/a>&#13;<br \/>\n&#13;<br \/>\n                &#13;<br \/>\n            <\/article>\n<p>&#13;<br \/>\n    <\/aside>\n<p>&#13;<br \/>\n&#13;<br \/>\n            <\/main><\/p><\/div>\n<p><br \/>\n<br \/><a href=\"https:\/\/limeira.sp.gov.br\/limeira-amplia-vacinacao-contra-gripe-a-partir-de-hoje-para-pessoas-acima-de-6-meses\" rel=\"noopener\">Informa\u00e7\u00f5es da PML <\/a><\/p>\n","protected":false},"excerpt":{"rendered":"<p>&#13; &#13; &#13; &#13; &#13; &#13; &#13; A Prefeitura de Limeira, por meio da Secretaria de Sa\u00fade amplia, a partir de hoje (2), o p\u00fablico-alvo da vacina contra a influenza, v\u00edrus que causa a gripe, para todas as pessoas com mais de 6 meses. A medida atende a uma determina\u00e7\u00e3o do Minist\u00e9rio da Sa\u00fade que, [&hellip;]<\/p>\n","protected":false},"author":1,"featured_media":2825,"comment_status":"open","ping_status":"open","sticky":false,"template":"","format":"standard","meta":{"_jetpack_newsletter_access":"","_jetpack_dont_email_post_to_subs":false,"_jetpack_newsletter_tier_id":0,"_jetpack_memberships_contains_paywalled_content":false,"_mbp_banners":[],"_jetpack_feature_clip_id":0,"_jetpack_memberships_contains_paid_content":false,"footnotes":"","jetpack_publicize_message":"","jetpack_publicize_feature_enabled":true,"jetpack_social_post_already_shared":true,"jetpack_social_options":{"image_generator_settings":{"template":"highway","default_image_id":0,"font":"","enabled":false},"version":2},"jetpack_post_was_ever_published":false},"categories":[16],"tags":[],"class_list":["post-3568","post","type-post","status-publish","format-standard","has-post-thumbnail","category-local"],"jetpack_publicize_connections":[],"jetpack-related-posts":[],"jetpack_shortlink":"https:\/\/wp.me\/p7Eq1F-Vy","jetpack_sharing_enabled":true,"jetpack_featured_media_url":"https:\/\/i0.wp.com\/guialimeira.com.br\/news\/wp-content\/uploads\/2024\/04\/m_137_0_1_25042024153346.jpg?fit=1280%2C852&ssl=1","_links":{"self":[{"href":"https:\/\/guialimeira.com.br\/news\/wp-json\/wp\/v2\/posts\/3568","targetHints":{"allow":["GET"]}}],"collection":[{"href":"https:\/\/guialimeira.com.br\/news\/wp-json\/wp\/v2\/posts"}],"about":[{"href":"https:\/\/guialimeira.com.br\/news\/wp-json\/wp\/v2\/types\/post"}],"author":[{"embeddable":true,"href":"https:\/\/guialimeira.com.br\/news\/wp-json\/wp\/v2\/users\/1"}],"replies":[{"embeddable":true,"href":"https:\/\/guialimeira.com.br\/news\/wp-json\/wp\/v2\/comments?post=3568"}],"version-history":[{"count":0,"href":"https:\/\/guialimeira.com.br\/news\/wp-json\/wp\/v2\/posts\/3568\/revisions"}],"wp:featuredmedia":[{"embeddable":true,"href":"https:\/\/guialimeira.com.br\/news\/wp-json\/wp\/v2\/media\/2825"}],"wp:attachment":[{"href":"https:\/\/guialimeira.com.br\/news\/wp-json\/wp\/v2\/media?parent=3568"}],"wp:term":[{"taxonomy":"category","embeddable":true,"href":"https:\/\/guialimeira.com.br\/news\/wp-json\/wp\/v2\/categories?post=3568"},{"taxonomy":"post_tag","embeddable":true,"href":"https:\/\/guialimeira.com.br\/news\/wp-json\/wp\/v2\/tags?post=3568"}],"curies":[{"name":"wp","href":"https:\/\/api.w.org\/{rel}","templated":true}]}}