{"id":3567,"date":"2024-05-03T03:35:44","date_gmt":"2024-05-03T06:35:44","guid":{"rendered":"https:\/\/guialimeira.com.br\/2024\/05\/03\/plantao-neste-sabado-4-tera-vacinacao-contra-gripe-em-tres-locais-de-limeira\/"},"modified":"2024-05-03T03:35:44","modified_gmt":"2024-05-03T06:35:44","slug":"plantao-neste-sabado-4-tera-vacinacao-contra-gripe-em-tres-locais-de-limeira","status":"publish","type":"post","link":"https:\/\/guialimeira.com.br\/news\/plantao-neste-sabado-4-tera-vacinacao-contra-gripe-em-tres-locais-de-limeira\/","title":{"rendered":"Plant\u00e3o neste s\u00e1bado (4) ter\u00e1 vacina\u00e7\u00e3o contra gripe em tr\u00eas locais de Limeira"},"content":{"rendered":"<p> <br \/>\n<\/p>\n<div>\n            <main class=\"\">&#13;<br \/>\n                &#13;<br \/>\n&#13;<br \/>\n&#13;<br \/>\n&#13;<br \/>\n    <img data-recalc-dims=\"1\" decoding=\"async\" src=\"https:\/\/i0.wp.com\/ecrie.com.br\/sistema\/conteudos\/imagem\/m_137_0_1_04112023092716.jpg?w=696&#038;ssl=1\" alt=\"Plant\u00e3o neste s\u00e1bado (4) ter\u00e1 vacina\u00e7\u00e3o contra gripe em tr\u00eas locais de Limeira\"\/>&#13;<br \/>\n&#13;<\/p>\n<p style=\"text-align: justify;\" align=\"justify\">Limeira ter\u00e1 neste s\u00e1bado (4), das 8h \u00e0s 13h, um novo plant\u00e3o de vacina\u00e7\u00e3o contra Covid-19, gripe, febre amarela e as vacinas previstas no Calend\u00e1rio de Vacina\u00e7\u00e3o. <span lang=\"pt-BR\">Por conta da falta da vacina bivalente, <\/span>n\u00e3o haver\u00e1 <span lang=\"pt-BR\">imuniza\u00e7\u00e3o<\/span> contra Covid-19 para maiores de 12 anos \u2013 segundo a Secretaria de Sa\u00fade, o Minist\u00e9rio da Sa\u00fade tem repassado quantidades inferiores \u00e0 demanda do munic\u00edpio, que n\u00e3o recebeu, ainda, novas doses.<\/p>\n<p>&#13;<\/p>\n<p style=\"text-align: justify;\" align=\"justify\"><span lang=\"pt-BR\">Ser\u00e3o disponibilizados tr\u00eas locais de imuniza\u00e7\u00e3o \u2013 UBSs Aeroporto e Ab\u00edlio Pedro, al\u00e9m do drive-thru do Parque Cidade. <\/span>A vacina\u00e7\u00e3o contra Covid-19 ser\u00e1 na UBS <span lang=\"pt-BR\">Ab\u00edlio Pedro<\/span>, para crian\u00e7as de seis meses a 11 anos. A atualiza\u00e7\u00e3o vacinal e as doses contra a gripe estar\u00e3o dispon\u00edveis nas UBSs <span lang=\"pt-BR\">Aeroporto e Ab\u00edlio Pedro<\/span>. J\u00e1 no drive do Parque Cidade, ser\u00e1 poss\u00edvel se vacinar contra gripe e febre amarela.<\/p>\n<p>&#13;<\/p>\n<p align=\"justify\">A Secretaria de Sa\u00fade orienta que \u00e9 necess\u00e1rio apresentar os documentos pessoais, Carteira de Vacina\u00e7\u00e3o, comprovante de resid\u00eancia e Cart\u00e3o SUS. Menores de 18 anos devem estar acompanhados pelos pais ou respons\u00e1veis. A vacina\u00e7\u00e3o da gripe est\u00e1 dispon\u00edvel para toda popula\u00e7\u00e3o maior de 6 meses.<\/p>\n<p>&#13;<\/p>\n<p align=\"justify\">\u00a0<\/p>\n<p>&#13;<\/p>\n<p align=\"justify\"><strong>SERVI\u00c7O<\/strong><\/p>\n<p>&#13;<\/p>\n<p style=\"text-align: justify;\" align=\"justify\"><strong>Plant\u00e3o de vacina\u00e7\u00e3o<\/strong><\/p>\n<p>&#13;<\/p>\n<p style=\"text-align: justify;\" align=\"justify\">S\u00e1bado, <span lang=\"pt-BR\">4 de maio<\/span>, das 8h \u00e0s 13h<\/p>\n<p>&#13;<\/p>\n<p style=\"text-align: justify;\" align=\"justify\">UBS Ab\u00edlio Pedro \u2013 Rua Agostinho Gianotto, s\/n\u00ba (Covid-19 \u2013 de seis meses a 11 anos, gripe e atualiza\u00e7\u00e3o vacinal)<\/p>\n<p>&#13;<\/p>\n<p style=\"text-align: justify;\" align=\"justify\">UBS Jd. Aeroporto \u2013 Rua Ant\u00f4nio de Luna, s\/n\u00ba (gripe e atualiza\u00e7\u00e3o vacinal)<\/p>\n<p>&#13;<\/p>\n<p style=\"text-align: justify;\" align=\"justify\">Drive-thru do Parque Cidade \u2013 entrada pelo anel vi\u00e1rio (gripe e febre amarela)<\/p>\n<p>&#13;<br \/>\n&#13;<br \/>\n&#13;<br \/>\n&#13;<\/p>\n<aside class=\"list-related no-print\">&#13;<br \/>\n        &#13;<br \/>\n&#13;<\/p>\n<article class=\"list-item noticias \">&#13;<br \/>\n                    <a class=\"list-item__img\" href=\"https:\/\/limeira.sp.gov.br\/imprensa\/noticias\/saude\/limeira-amplia-vacinacao-contra-gripe-a-partir-de-hoje-para-pessoas-acima-de-6-meses\" tabindex=\"-1\" aria-hidden=\"true\" rel=\"noopener\">&#13;<br \/>\n                        <img data-recalc-dims=\"1\" decoding=\"async\" src=\"https:\/\/i0.wp.com\/ecrie.com.br\/sistema\/conteudos\/imagem\/m_137_0_1_25042024153346.jpg?w=696&#038;ssl=1\" alt=\"Limeira amplia vacina\u00e7\u00e3o contra gripe a partir de hoje para pessoas acima de 6 meses\"\/>&#13;<br \/>\n                    <\/a>&#13;<br \/>\n&#13;<br \/>\n                &#13;<br \/>\n            <\/article>\n<p>&#13;<\/p>\n<article class=\"list-item noticias \">&#13;<br \/>\n                    <a class=\"list-item__img\" href=\"https:\/\/limeira.sp.gov.br\/imprensa\/noticias\/saude\/com-mais-de-120-pontos-de-coleta-campanhas-do-agasalho-e-agasalho-pet-sao-lancadas-em-limeira\" tabindex=\"-1\" aria-hidden=\"true\" rel=\"noopener\">&#13;<br \/>\n                        <img data-recalc-dims=\"1\" decoding=\"async\" src=\"https:\/\/i0.wp.com\/ecrie.com.br\/sistema\/conteudos\/imagem\/m_137_0_1_30042024173201.jpg?w=696&#038;ssl=1\" alt=\"Com mais de 120 pontos de coleta, campanhas do Agasalho e Agasalho PET s\u00e3o lan\u00e7adas em Limeira\"\/>&#13;<br \/>\n                    <\/a>&#13;<br \/>\n&#13;<br \/>\n                &#13;<br \/>\n            <\/article>\n<p>&#13;<\/p>\n<article class=\"list-item noticias \">&#13;<br \/>\n                    <a class=\"list-item__img\" href=\"https:\/\/limeira.sp.gov.br\/imprensa\/noticias\/saude\/vacina-contra-hpv-e-ampliada-e-segue-disponivel-em-16-pontos\" tabindex=\"-1\" aria-hidden=\"true\" rel=\"noopener\">&#13;<br \/>\n                        <img data-recalc-dims=\"1\" decoding=\"async\" src=\"https:\/\/i0.wp.com\/ecrie.com.br\/sistema\/conteudos\/imagem\/m_137_0_1_04112023092716.jpg?w=696&#038;ssl=1\" alt=\"Vacina contra HPV \u00e9 ampliada e segue dispon\u00edvel em 16 pontos\"\/>&#13;<br \/>\n                    <\/a>&#13;<br \/>\n&#13;<br \/>\n                &#13;<br \/>\n            <\/article>\n<p>&#13;<br \/>\n    <\/aside>\n<p>&#13;<br \/>\n&#13;<br \/>\n            <\/main><\/p><\/div>\n<p><br \/>\n<br \/><a href=\"https:\/\/limeira.sp.gov.br\/plantao-neste-sabado-4-tera-vacinacao-contra-gripe-em-tres-locais-de-limeira\" rel=\"noopener\">Informa\u00e7\u00f5es da PML <\/a><\/p>\n","protected":false},"excerpt":{"rendered":"<p>&#13; &#13; &#13; &#13; &#13; &#13; &#13; Limeira ter\u00e1 neste s\u00e1bado (4), das 8h \u00e0s 13h, um novo plant\u00e3o de vacina\u00e7\u00e3o contra Covid-19, gripe, febre amarela e as vacinas previstas no Calend\u00e1rio de Vacina\u00e7\u00e3o. Por conta da falta da vacina bivalente, n\u00e3o haver\u00e1 imuniza\u00e7\u00e3o contra Covid-19 para maiores de 12 anos \u2013 segundo a Secretaria [&hellip;]<\/p>\n","protected":false},"author":1,"featured_media":3263,"comment_status":"open","ping_status":"open","sticky":false,"template":"","format":"standard","meta":{"_jetpack_newsletter_access":"","_jetpack_dont_email_post_to_subs":false,"_jetpack_newsletter_tier_id":0,"_jetpack_memberships_contains_paywalled_content":false,"_mbp_banners":[],"_jetpack_feature_clip_id":0,"_jetpack_memberships_contains_paid_content":false,"footnotes":"","jetpack_publicize_message":"","jetpack_publicize_feature_enabled":true,"jetpack_social_post_already_shared":true,"jetpack_social_options":{"image_generator_settings":{"template":"highway","default_image_id":0,"font":"","enabled":false},"version":2},"jetpack_post_was_ever_published":false},"categories":[16],"tags":[],"class_list":["post-3567","post","type-post","status-publish","format-standard","has-post-thumbnail","category-local"],"jetpack_publicize_connections":[],"jetpack-related-posts":[],"jetpack_shortlink":"https:\/\/wp.me\/p7Eq1F-Vx","jetpack_sharing_enabled":true,"jetpack_featured_media_url":"https:\/\/i0.wp.com\/guialimeira.com.br\/news\/wp-content\/uploads\/2024\/04\/m_137_0_1_04112023092716.jpg?fit=1280%2C852&ssl=1","_links":{"self":[{"href":"https:\/\/guialimeira.com.br\/news\/wp-json\/wp\/v2\/posts\/3567","targetHints":{"allow":["GET"]}}],"collection":[{"href":"https:\/\/guialimeira.com.br\/news\/wp-json\/wp\/v2\/posts"}],"about":[{"href":"https:\/\/guialimeira.com.br\/news\/wp-json\/wp\/v2\/types\/post"}],"author":[{"embeddable":true,"href":"https:\/\/guialimeira.com.br\/news\/wp-json\/wp\/v2\/users\/1"}],"replies":[{"embeddable":true,"href":"https:\/\/guialimeira.com.br\/news\/wp-json\/wp\/v2\/comments?post=3567"}],"version-history":[{"count":0,"href":"https:\/\/guialimeira.com.br\/news\/wp-json\/wp\/v2\/posts\/3567\/revisions"}],"wp:featuredmedia":[{"embeddable":true,"href":"https:\/\/guialimeira.com.br\/news\/wp-json\/wp\/v2\/media\/3263"}],"wp:attachment":[{"href":"https:\/\/guialimeira.com.br\/news\/wp-json\/wp\/v2\/media?parent=3567"}],"wp:term":[{"taxonomy":"category","embeddable":true,"href":"https:\/\/guialimeira.com.br\/news\/wp-json\/wp\/v2\/categories?post=3567"},{"taxonomy":"post_tag","embeddable":true,"href":"https:\/\/guialimeira.com.br\/news\/wp-json\/wp\/v2\/tags?post=3567"}],"curies":[{"name":"wp","href":"https:\/\/api.w.org\/{rel}","templated":true}]}}