{"id":3565,"date":"2024-05-03T02:34:45","date_gmt":"2024-05-03T05:34:45","guid":{"rendered":"https:\/\/guialimeira.com.br\/2024\/05\/03\/lancada-campanha-educativa-para-reducao-de-acidentes-de-transito\/"},"modified":"2024-05-03T02:34:45","modified_gmt":"2024-05-03T05:34:45","slug":"lancada-campanha-educativa-para-reducao-de-acidentes-de-transito","status":"publish","type":"post","link":"https:\/\/guialimeira.com.br\/news\/lancada-campanha-educativa-para-reducao-de-acidentes-de-transito\/","title":{"rendered":"Lan\u00e7ada campanha educativa para redu\u00e7\u00e3o de acidentes de tr\u00e2nsito"},"content":{"rendered":"<p> <br \/>\n<\/p>\n<div id=\"\">&#13;<br \/>\n                &#13;<br \/>\n&#13;<br \/>\n&#13;<br \/>\n&#13;<br \/>\n    <img data-recalc-dims=\"1\" decoding=\"async\" src=\"https:\/\/i0.wp.com\/ecrie.com.br\/sistema\/conteudos\/imagem\/m_137_0_1_02052024140120.jpg?w=696&#038;ssl=1\" alt=\"Lan\u00e7ada campanha educativa para redu\u00e7\u00e3o de acidentes de tr\u00e2nsito\"\/>&#13;<br \/>\n&#13;<\/p>\n<p>\u00a0<\/p>\n<p>&#13;<\/p>\n<p><span style=\"box-sizing: border-box; font-size: 16px; font-family: Arial;\">O prefeito Mario Botion e a vice-prefeita Erika Tank participaram do lan\u00e7amento do Maio Amarelo,\u00a0<\/span><span style=\"box-sizing: border-box; font-size: 16px; font-family: Arial;\">movimento internacional para redu\u00e7\u00e3o de acidentes de tr\u00e2nsito<\/span><span style=\"box-sizing: border-box; font-size: 16px; font-family: Arial;\">. Realizado no Audit\u00f3rio Prada, o evento recebeu a participa\u00e7\u00e3o do secret\u00e1rio de Mobilidade Urbana, Rodrigo Oliveira, de diretores da pasta, agentes de tr\u00e2nsito, integrantes da GCM e da PM, al\u00e9m de servidores municipais que lotaram o espa\u00e7o. A iniciativa \u00e9 da Prefeitura de Limeira, por meio da Secretaria de Mobilidade Urbana.\u00a0<\/span><\/p>\n<p>&#13;<\/p>\n<p><span style=\"box-sizing: border-box; font-size: 16px; font-family: Arial;\">Neste ano, o slogan da campanha \u00e9 \u201cPaz no tr\u00e2nsito come\u00e7a por voc\u00ea\u201d. Ao longo do m\u00eas, haver\u00e1 uma s\u00e9rie de atividades de conscientiza\u00e7\u00e3o, como palestras, blitz educativa, passeios cicl\u00edsticos e plantio de \u00e1rvore. Hoje \u00e0 noite, por exemplo, acontece uma b<\/span><span style=\"box-sizing: border-box; font-size: 16px; font-family: Arial;\">litz\u00a0<\/span><span style=\"box-sizing: border-box; font-size: 16px; font-family: Arial;\">e<\/span><span style=\"box-sizing: border-box; font-size: 16px; font-family: Arial;\">ducativa<\/span><span style=\"box-sizing: border-box; font-size: 16px; font-family: Arial;\">\u00a0na<\/span><span style=\"box-sizing: border-box; font-size: 16px; font-family: Arial;\">\u00a0Av. Piracicaba<\/span><span style=\"box-sizing: border-box; font-size: 16px; font-family: Arial;\">. No s\u00e1bado (4),\u00a0<\/span><span style=\"box-sizing: border-box; font-size: 16px; font-family: Arial;\">ser\u00e1 aberta ao p\u00fablico infantil a Minic<\/span><span style=\"box-sizing: border-box; font-size: 16px; font-family: Arial;\">idade d<\/span><span style=\"box-sizing: border-box; font-size: 16px; font-family: Arial;\">o<\/span><span style=\"box-sizing: border-box; font-size: 16px; font-family: Arial;\">\u00a0Tr\u00e2nsito,\u00a0<\/span><span style=\"box-sizing: border-box; font-size: 16px; font-family: Arial;\">n<\/span><span style=\"box-sizing: border-box; font-size: 16px; font-family: Arial;\">o Parque Cidade<\/span><span style=\"box-sizing: border-box; font-size: 16px; font-family: Arial;\">, das 8h \u00e0s 12h.\u00a0<\/span><\/p>\n<p>&#13;<\/p>\n<p><span style=\"box-sizing: border-box; font-size: 16px; font-family: Arial;\">Botion ressaltou que a seguran\u00e7a no tr\u00e2nsito depende de educa\u00e7\u00e3o, e nesse sentido, enfatizou a relev\u00e2ncia da iniciativa. \u201cTodos que est\u00e3o aqui hoje s\u00e3o formadores de opini\u00e3o e devem atuar como multiplicadores\u201d, disse aos presentes. \u201cFalar em educa\u00e7\u00e3o no tr\u00e2nsito \u00e9 salvar vidas\u201d, completou. O chefe do executivo pontuou interven\u00e7\u00f5es adotadas pela prefeitura no sentido de melhorar a seguran\u00e7a de pedestres e motoristas, como a semaforiza\u00e7\u00e3o de rotat\u00f3rias, entre elas, a do Enxuto e da Cecap.\u00a0<\/span><\/p>\n<p>&#13;<\/p>\n<p><span style=\"box-sizing: border-box; font-size: 16px; font-family: Arial;\">\u00a0<\/span><span style=\"box-sizing: border-box; font-size: 16px; font-family: Arial;\">A preserva\u00e7\u00e3o da vida tamb\u00e9m foi destacada por Erika Tank. A vice-prefeita agradeceu o trabalho desenvolvido pela Secretaria de Mobilidade Urbana e pelos agentes de tr\u00e2nsito. E a partir de exemplos cotidianos, observou a import\u00e2ncia de a sociedade seguir as leis de tr\u00e2nsito. \u201cA imprud\u00eancia impacta n\u00e3o apenas a vida de fam\u00edlias, que perdem seus entes queridos, mas tamb\u00e9m afeta outras \u00e1reas, como Sa\u00fade, Seguran\u00e7a e at\u00e9 mesmo a Assist\u00eancia Social\u201d, alertou. \u201c\u00c9 por isso que estamos reunidos aqui hoje, para participar dessa ampla campanha de conscientiza\u00e7\u00e3o\u201d, frisou.\u00a0<\/span><\/p>\n<p>&#13;<\/p>\n<p><span style=\"box-sizing: border-box; font-size: 16px; font-family: Arial;\">\u00a0<\/span><\/p>\n<p>&#13;<\/p>\n<p><strong style=\"box-sizing: border-box; font-weight: bold;\"><span style=\"box-sizing: border-box; font-size: 16px; font-family: Arial; font-weight: bold;\">10 ANOS<\/span><\/strong><\/p>\n<p>&#13;<\/p>\n<p><span style=\"box-sizing: border-box; font-size: 16px; font-family: Arial;\">Ao agradecer a presen\u00e7a dos servidores e parceiros na campanha, Rodrigo Oliveira relembrou o in\u00edcio das a\u00e7\u00f5es do Maio Amarelo no Brasil &#8211; que completa 10 anos em 2024. O secret\u00e1rio falou ainda sobre a abrang\u00eancia das quest\u00f5es ligadas ao tr\u00e2nsito. \u201cTodos n\u00f3s estamos conectados ao tr\u00e2nsito desde o momento em que sa\u00edmos de casa, seja como pedestres, usu\u00e1rios do transporte coletivo, ciclistas ou motoristas\u201d, ponderou. \u201cEspero que todos se conscientizem em respeitar as leis de tr\u00e2nsito, elas foram criadas para que tenhamos mais seguran\u00e7a nos deslocamentos\u201d, afirmou.\u00a0<\/span><\/p>\n<p>&#13;<\/p>\n<p><span style=\"box-sizing: border-box; font-size: 16px; font-family: Arial;\">\u00a0<\/span><span style=\"box-sizing: border-box; font-size: 16px; font-family: Arial;\">Ap\u00f3s a abertura da campanha, o ch<\/span><span style=\"box-sizing: border-box; font-size: 16px; font-family: Arial;\">efe de Divis\u00e3o<\/span><span style=\"box-sizing: border-box; font-size: 16px; font-family: Arial;\">\u00a0de Fiscaliza\u00e7\u00e3o de Mobilidade Urbana,\u00a0<\/span><span style=\"box-sizing: border-box; font-size: 16px; font-family: Arial;\">Norivaldo Gabriel Filho<\/span><span style=\"box-sizing: border-box; font-size: 16px; font-family: Arial;\">, ministrou uma\u00a0<\/span><span style=\"box-sizing: border-box; font-size: 16px; font-family: Arial;\">palestra sobre\u00a0<\/span><span style=\"box-sizing: border-box; font-size: 16px; font-family: Arial;\">o tema. Prestigiaram o evento, os secret\u00e1rios S\u00e9rgio Moreira (Comunica\u00e7\u00e3o Social), Wagner Marchi (Seguran\u00e7a P\u00fablica e Defesa Civil), Luiz Alberto Battistella (Administra\u00e7\u00e3o), Reinaldo Belussi\u00a0<\/span><span style=\"box-sizing: border-box; font-size: 16px; font-family: Arial; color: #444444;\">(Meio Ambiente e Agricultura)<\/span><span style=\"box-sizing: border-box; font-size: 16px; font-family: Arial; color: #444444;\">\u00a0<\/span><span style=\"box-sizing: border-box; font-size: 16px; font-family: Arial;\">e Jos\u00e9 Aparecido Vidotti (Fazenda).diretores da pasta,\u00a0<\/span><span style=\"box-sizing: border-box; font-size: 16px; font-family: Arial;\">Felipe Dollevedo<\/span><span style=\"box-sizing: border-box; font-size: 16px; font-family: Arial;\">,\u00a0<\/span><span style=\"box-sizing: border-box; font-size: 16px; font-family: Arial;\">Nilson Pasqualotto<\/span><span style=\"box-sizing: border-box; font-size: 16px; font-family: Arial;\">\u00a0e\u00a0<\/span><span style=\"box-sizing: border-box; font-size: 16px; font-family: Arial;\">Felipe Zimmermann<\/span><span style=\"box-sizing: border-box; font-size: 16px; font-family: Arial;\">, o chefe dos agentes de tr\u00e2nsito,\u00a0<\/span><span style=\"box-sizing: border-box; font-size: 16px; font-family: Arial;\">Claudinei Veloso<\/span><span style=\"box-sizing: border-box; font-size: 16px; font-family: Arial;\">.<\/span><\/p>\n<p>&#13;<\/p>\n<p><span style=\"box-sizing: border-box; font-size: 16px; font-family: Arial;\">\u00a0<\/span><\/p>\n<p>&#13;<\/p>\n<p><strong style=\"box-sizing: border-box; font-weight: bold;\"><span style=\"box-sizing: border-box; font-size: 16px; font-family: Arial; font-weight: bold;\">SERVI\u00c7O:<\/span><\/strong><\/p>\n<p>&#13;<br \/>\n&#13;<\/p>\n<p>\u00a0<\/p>\n<p>&#13;<br \/>\n&#13;<br \/>\n&#13;<br \/>\n&#13;<\/p>\n<aside class=\"list-related no-print\">&#13;<br \/>\n        &#13;<br \/>\n&#13;<\/p>\n<article class=\"list-item noticias \">&#13;<br \/>\n                    <a class=\"list-item__img\" href=\"https:\/\/limeira.sp.gov.br\/imprensa\/noticias\/gabinete-do-prefeito\/via-santo-antonio-recebe-recapeamento-prefeito-e-vice-prefeita-acompanham-inicio-das-obras\" tabindex=\"-1\" aria-hidden=\"true\" rel=\"noopener\">&#13;<br \/>\n                        <img data-recalc-dims=\"1\" decoding=\"async\" src=\"https:\/\/i0.wp.com\/ecrie.com.br\/sistema\/conteudos\/imagem\/m_137_2_3_02052024171327.jpg?w=696&#038;ssl=1\" alt=\"Via Santo Ant\u00f4nio recebe recapeamento; prefeito e vice-prefeita acompanham in\u00edcio das obras\"\/>&#13;<br \/>\n                    <\/a>&#13;<br \/>\n&#13;<br \/>\n                &#13;<br \/>\n            <\/article>\n<p>&#13;<\/p>\n<article class=\"list-item noticias \">&#13;<br \/>\n                    <a class=\"list-item__img\" href=\"https:\/\/limeira.sp.gov.br\/imprensa\/noticias\/mobilidade-urbana\/obra-para-ligacao-de-esgoto-interdita-ruapresidente-roosevelt-na-sexta-feira\" tabindex=\"-1\" aria-hidden=\"true\" rel=\"noopener\">&#13;<br \/>\n                        <img data-recalc-dims=\"1\" decoding=\"async\" src=\"https:\/\/i0.wp.com\/ecrie.com.br\/sistema\/conteudos\/imagem\/m_137_5_2_24032023103027.jpg?w=696&#038;ssl=1\" alt=\"Obra para liga\u00e7\u00e3o de esgoto interdita Rua\u00a0Presidente Roosevelt, na sexta-feira\"\/>&#13;<br \/>\n                    <\/a>&#13;<br \/>\n&#13;<br \/>\n                &#13;<br \/>\n            <\/article>\n<p>&#13;<\/p>\n<article class=\"list-item noticias \">&#13;<br \/>\n                    <a class=\"list-item__img\" href=\"https:\/\/limeira.sp.gov.br\/imprensa\/noticias\/gabinete-do-prefeito\/obras-do-complexo-viario-paulo-natal-entram-na-reta-final-novo-trecho-sera-aberto-ao-transito-nesta-terca-30\" tabindex=\"-1\" aria-hidden=\"true\" rel=\"noopener\">&#13;<br \/>\n                        <img data-recalc-dims=\"1\" decoding=\"async\" src=\"https:\/\/i0.wp.com\/ecrie.com.br\/sistema\/conteudos\/imagem\/m_137_0_1_29042024181956.jpg?w=696&#038;ssl=1\" alt=\"Obras do complexo vi\u00e1rio Paulo Natal entram na reta final; novo trecho ser\u00e1 aberto ao tr\u00e2nsito nesta ter\u00e7a (30)\"\/>&#13;<br \/>\n                    <\/a>&#13;<br \/>\n&#13;<br \/>\n                &#13;<br \/>\n            <\/article>\n<p>&#13;<br \/>\n    <\/aside>\n<p>&#13;<br \/>\n&#13;\n            <\/p><\/div>\n<p><br \/>\n<br \/><a href=\"https:\/\/limeira.sp.gov.br\/lancada-campanha-educativa-para-reducao-de-acidentes-de-transito\" rel=\"noopener\">Informa\u00e7\u00f5es da PML <\/a><\/p>\n","protected":false},"excerpt":{"rendered":"<p>&#13; &#13; &#13; &#13; &#13; &#13; &#13; \u00a0 &#13; O prefeito Mario Botion e a vice-prefeita Erika Tank participaram do lan\u00e7amento do Maio Amarelo,\u00a0movimento internacional para redu\u00e7\u00e3o de acidentes de tr\u00e2nsito. Realizado no Audit\u00f3rio Prada, o evento recebeu a participa\u00e7\u00e3o do secret\u00e1rio de Mobilidade Urbana, Rodrigo Oliveira, de diretores da pasta, agentes de tr\u00e2nsito, integrantes [&hellip;]<\/p>\n","protected":false},"author":1,"featured_media":3566,"comment_status":"open","ping_status":"open","sticky":false,"template":"","format":"standard","meta":{"_jetpack_newsletter_access":"","_jetpack_dont_email_post_to_subs":false,"_jetpack_newsletter_tier_id":0,"_jetpack_memberships_contains_paywalled_content":false,"_mbp_banners":[],"_jetpack_feature_clip_id":0,"_jetpack_memberships_contains_paid_content":false,"footnotes":"","jetpack_publicize_message":"","jetpack_publicize_feature_enabled":true,"jetpack_social_post_already_shared":true,"jetpack_social_options":{"image_generator_settings":{"template":"highway","default_image_id":0,"font":"","enabled":false},"version":2},"jetpack_post_was_ever_published":false},"categories":[16],"tags":[],"class_list":["post-3565","post","type-post","status-publish","format-standard","has-post-thumbnail","category-local"],"jetpack_publicize_connections":[],"jetpack-related-posts":[],"jetpack_shortlink":"https:\/\/wp.me\/p7Eq1F-Vv","jetpack_sharing_enabled":true,"jetpack_featured_media_url":"https:\/\/i0.wp.com\/guialimeira.com.br\/news\/wp-content\/uploads\/2024\/05\/m_137_0_1_02052024140120.jpg?fit=1280%2C852&ssl=1","_links":{"self":[{"href":"https:\/\/guialimeira.com.br\/news\/wp-json\/wp\/v2\/posts\/3565","targetHints":{"allow":["GET"]}}],"collection":[{"href":"https:\/\/guialimeira.com.br\/news\/wp-json\/wp\/v2\/posts"}],"about":[{"href":"https:\/\/guialimeira.com.br\/news\/wp-json\/wp\/v2\/types\/post"}],"author":[{"embeddable":true,"href":"https:\/\/guialimeira.com.br\/news\/wp-json\/wp\/v2\/users\/1"}],"replies":[{"embeddable":true,"href":"https:\/\/guialimeira.com.br\/news\/wp-json\/wp\/v2\/comments?post=3565"}],"version-history":[{"count":0,"href":"https:\/\/guialimeira.com.br\/news\/wp-json\/wp\/v2\/posts\/3565\/revisions"}],"wp:featuredmedia":[{"embeddable":true,"href":"https:\/\/guialimeira.com.br\/news\/wp-json\/wp\/v2\/media\/3566"}],"wp:attachment":[{"href":"https:\/\/guialimeira.com.br\/news\/wp-json\/wp\/v2\/media?parent=3565"}],"wp:term":[{"taxonomy":"category","embeddable":true,"href":"https:\/\/guialimeira.com.br\/news\/wp-json\/wp\/v2\/categories?post=3565"},{"taxonomy":"post_tag","embeddable":true,"href":"https:\/\/guialimeira.com.br\/news\/wp-json\/wp\/v2\/tags?post=3565"}],"curies":[{"name":"wp","href":"https:\/\/api.w.org\/{rel}","templated":true}]}}