{"id":3560,"date":"2024-05-03T01:34:00","date_gmt":"2024-05-03T04:34:00","guid":{"rendered":"https:\/\/guialimeira.com.br\/2024\/05\/03\/teatro-vitoria-recebe-broadway-nights-o-musical-nesta-sexta-3\/"},"modified":"2024-05-03T01:34:00","modified_gmt":"2024-05-03T04:34:00","slug":"teatro-vitoria-recebe-broadway-nights-o-musical-nesta-sexta-3","status":"publish","type":"post","link":"https:\/\/guialimeira.com.br\/news\/teatro-vitoria-recebe-broadway-nights-o-musical-nesta-sexta-3\/","title":{"rendered":"Teatro Vit\u00f3ria recebe \u201cBroadway Nights, o Musical\u201d nesta sexta (3)"},"content":{"rendered":"<p> <br \/>\n<\/p>\n<div>\n            <main class=\"\">&#13;<br \/>\n                &#13;<br \/>\n&#13;<br \/>\n&#13;<br \/>\n&#13;<br \/>\n    <img data-recalc-dims=\"1\" decoding=\"async\" src=\"https:\/\/i0.wp.com\/ecrie.com.br\/sistema\/conteudos\/imagem\/m_137_0_1_02052024142914.jpeg?w=696&#038;ssl=1\" alt=\"Teatro Vit\u00f3ria recebe \u201cBroadway Nights, o Musical\u201d nesta sexta (3)\"\/>&#13;<br \/>\n&#13;<\/p>\n<p dir=\"ltr\" style=\"text-align: justify;\">Amanh\u00e3 (3), acontece \u201cBroadway Nights, o Musical\u201d, no Teatro Vit\u00f3ria Emiliano Bernardo da Silva, \u00e0s 20h. O espet\u00e1culo traz aos palcos os maiores sucessos dos musicais e do cinema, cantado totalmente ao vivo e com dan\u00e7as. A realiza\u00e7\u00e3o \u00e9 do GT Teatro, com o apoio da Prefeitura de Limeira, por meio da Secretaria de Cultura.<\/p>\n<p>&#13;<\/p>\n<p dir=\"ltr\" style=\"text-align: justify;\">Quem nunca dan\u00e7ou ao som de \u201cGrease\u201d, se emocionou com \u201cO Fantasma da \u00d3pera\u201d ou sorriu ouvindo &#8220;New York, New York&#8221;? Essas s\u00e3o apenas algumas das can\u00e7\u00f5es deste surpreendente espet\u00e1culo. O cen\u00e1rio, coreografias, trocas de figurinos e proje\u00e7\u00f5es ambientando os n\u00fameros musicais, far\u00e1 com que todos tenham a sensa\u00e7\u00e3o de estarem em uma noite na Broadway.<\/p>\n<p>&#13;<\/p>\n<p dir=\"ltr\" style=\"text-align: justify;\">A dire\u00e7\u00e3o geral \u00e9 por conta do renomado diretor, Bruno Rizzo, que assina grandes espet\u00e1culos como \u201cQueen Experience In Concert\u201d, \u201cElvis Experience Tribute In Concert\u201d, \u201cPink Floyd Experience In Concert\u201d, \u201cAbba Experience In Concert\u201d, \u201cEmbalos de S\u00e1bado \u00e0 Noite, O Musical\u201d, \u201cAmazing Tenors, Sings Bocelli\u201d, \u201cLas Vegas Amazing Show\u201d, entre outros. A dire\u00e7\u00e3o executiva \u00e9 de Daniela Schiarreta.<\/p>\n<p>&#13;<\/p>\n<p dir=\"ltr\" style=\"text-align: justify;\">Os ingressos para plateia custam R$ 150 (inteira), R$ 75 (meia-entrada) e R$ 100 (mediante entrega de 1kg de alimento n\u00e3o perec\u00edvel). J\u00e1 os ingressos para o mezanino custam R$ 120 (inteira), R$ 60 (meia-entrada) e R$ 80 (mediante entrega de 1kg de alimento n\u00e3o perec\u00edvel). Podem ser comprados pelo link \u00a0<a href=\"https:\/\/www.ticketfacil.com.br\/eventos\/tv-broadway-nights.aspx\" target=\"_blank\" rel=\"noopener noreferrer\" data-saferedirecturl=\"https:\/\/www.google.com\/url?q=https:\/\/www.ticketfacil.com.br\/eventos\/tv-broadway-nights.aspx&amp;source=gmail&amp;ust=1714757058512000&amp;usg=AOvVaw3uZ2jLGqnJKD60AmQUPtI2\">https:\/\/www.ticketfacil.com.b<wbr\/>r\/eventos\/tv-broadway-nights.a<wbr\/>spx<\/a>\u00a0ou na bilheteria do teatro, na quinta e\u00a0\u00a0sexta-feira, das 11h \u00e0s 17h.<\/p>\n<p>&#13;<br \/>\n&#13;<br \/>\n&#13;<br \/>\n&#13;<\/p>\n<aside class=\"list-related no-print\">&#13;<br \/>\n        &#13;<br \/>\n&#13;<\/p>\n<article class=\"list-item noticias \">&#13;<br \/>\n                    <a class=\"list-item__img\" href=\"https:\/\/limeira.sp.gov.br\/imprensa\/noticias\/cultura\/festa-do-trabalhador-no-horto-florestal-recebeu-2-mil-pessoas-no-feriado\" tabindex=\"-1\" aria-hidden=\"true\" rel=\"noopener\">&#13;<br \/>\n                        <img data-recalc-dims=\"1\" decoding=\"async\" src=\"https:\/\/i0.wp.com\/ecrie.com.br\/sistema\/conteudos\/imagem\/m_137_45_130_15122022144819.jpg?w=696&#038;ssl=1\" alt=\"Festa do Trabalhador no Horto Florestal recebeu 2 mil pessoas no feriado\"\/>&#13;<br \/>\n                    <\/a>&#13;<br \/>\n&#13;<br \/>\n                &#13;<br \/>\n            <\/article>\n<p>&#13;<\/p>\n<article class=\"list-item noticias \">&#13;<br \/>\n                    <a class=\"list-item__img\" href=\"https:\/\/limeira.sp.gov.br\/imprensa\/noticias\/cultura\/espetaculo-elvis-in-concert-e-adiado\" tabindex=\"-1\" aria-hidden=\"true\" rel=\"noopener\">&#13;<br \/>\n                        <img data-recalc-dims=\"1\" decoding=\"async\" src=\"https:\/\/i0.wp.com\/ecrie.com.br\/sistema\/conteudos\/imagem\/m_137_0_1_30042024143313.jpg?w=696&#038;ssl=1\" alt=\"Espet\u00e1culo \u201cElvis in Concert\u201d \u00e9 adiado\"\/>&#13;<br \/>\n                    <\/a>&#13;<br \/>\n&#13;<br \/>\n                &#13;<br \/>\n            <\/article>\n<p>&#13;<\/p>\n<article class=\"list-item noticias \">&#13;<br \/>\n                    <a class=\"list-item__img\" href=\"https:\/\/limeira.sp.gov.br\/imprensa\/noticias\/cultura\/verso-e-voz-abre-inscricoes-para-escolas\" tabindex=\"-1\" aria-hidden=\"true\" rel=\"noopener\">&#13;<br \/>\n                        <img data-recalc-dims=\"1\" decoding=\"async\" src=\"https:\/\/i0.wp.com\/ecrie.com.br\/sistema\/conteudos\/imagem\/m_137_0_1_30042024141915.jpeg?w=696&#038;ssl=1\" alt=\"Verso e Voz abre inscri\u00e7\u00f5es para escolas\"\/>&#13;<br \/>\n                    <\/a>&#13;<br \/>\n&#13;<br \/>\n                &#13;<br \/>\n            <\/article>\n<p>&#13;<br \/>\n    <\/aside>\n<p>&#13;<br \/>\n&#13;<br \/>\n            <\/main><\/p><\/div>\n<p><br \/>\n<br \/><a href=\"https:\/\/limeira.sp.gov.br\/teatro-vitoria-recebe-broadway-nights-o-musical-nesta-sexta-3\" rel=\"noopener\">Informa\u00e7\u00f5es da PML <\/a><\/p>\n","protected":false},"excerpt":{"rendered":"<p>&#13; &#13; &#13; &#13; &#13; &#13; &#13; Amanh\u00e3 (3), acontece \u201cBroadway Nights, o Musical\u201d, no Teatro Vit\u00f3ria Emiliano Bernardo da Silva, \u00e0s 20h. O espet\u00e1culo traz aos palcos os maiores sucessos dos musicais e do cinema, cantado totalmente ao vivo e com dan\u00e7as. A realiza\u00e7\u00e3o \u00e9 do GT Teatro, com o apoio da Prefeitura de [&hellip;]<\/p>\n","protected":false},"author":1,"featured_media":3561,"comment_status":"open","ping_status":"open","sticky":false,"template":"","format":"standard","meta":{"_jetpack_newsletter_access":"","_jetpack_dont_email_post_to_subs":false,"_jetpack_newsletter_tier_id":0,"_jetpack_memberships_contains_paywalled_content":false,"_mbp_banners":[],"_jetpack_feature_clip_id":0,"_jetpack_memberships_contains_paid_content":false,"footnotes":"","jetpack_publicize_message":"","jetpack_publicize_feature_enabled":true,"jetpack_social_post_already_shared":true,"jetpack_social_options":{"image_generator_settings":{"template":"highway","default_image_id":0,"font":"","enabled":false},"version":2},"jetpack_post_was_ever_published":false},"categories":[16],"tags":[],"class_list":["post-3560","post","type-post","status-publish","format-standard","has-post-thumbnail","category-local"],"jetpack_publicize_connections":[],"jetpack-related-posts":[],"jetpack_shortlink":"https:\/\/wp.me\/p7Eq1F-Vq","jetpack_sharing_enabled":true,"jetpack_featured_media_url":"https:\/\/i0.wp.com\/guialimeira.com.br\/news\/wp-content\/uploads\/2024\/05\/m_137_0_1_02052024142914.jpeg?fit=900%2C900&ssl=1","_links":{"self":[{"href":"https:\/\/guialimeira.com.br\/news\/wp-json\/wp\/v2\/posts\/3560","targetHints":{"allow":["GET"]}}],"collection":[{"href":"https:\/\/guialimeira.com.br\/news\/wp-json\/wp\/v2\/posts"}],"about":[{"href":"https:\/\/guialimeira.com.br\/news\/wp-json\/wp\/v2\/types\/post"}],"author":[{"embeddable":true,"href":"https:\/\/guialimeira.com.br\/news\/wp-json\/wp\/v2\/users\/1"}],"replies":[{"embeddable":true,"href":"https:\/\/guialimeira.com.br\/news\/wp-json\/wp\/v2\/comments?post=3560"}],"version-history":[{"count":0,"href":"https:\/\/guialimeira.com.br\/news\/wp-json\/wp\/v2\/posts\/3560\/revisions"}],"wp:featuredmedia":[{"embeddable":true,"href":"https:\/\/guialimeira.com.br\/news\/wp-json\/wp\/v2\/media\/3561"}],"wp:attachment":[{"href":"https:\/\/guialimeira.com.br\/news\/wp-json\/wp\/v2\/media?parent=3560"}],"wp:term":[{"taxonomy":"category","embeddable":true,"href":"https:\/\/guialimeira.com.br\/news\/wp-json\/wp\/v2\/categories?post=3560"},{"taxonomy":"post_tag","embeddable":true,"href":"https:\/\/guialimeira.com.br\/news\/wp-json\/wp\/v2\/tags?post=3560"}],"curies":[{"name":"wp","href":"https:\/\/api.w.org\/{rel}","templated":true}]}}