{"id":35566,"date":"2025-06-08T17:28:17","date_gmt":"2025-06-08T20:28:17","guid":{"rendered":"https:\/\/guialimeira.com.br\/2025\/06\/08\/tiro-com-arco-marcus-dalmeida-vence-etapa-turca-da-copa-do-mundo\/"},"modified":"2025-06-08T17:28:17","modified_gmt":"2025-06-08T20:28:17","slug":"tiro-com-arco-marcus-dalmeida-vence-etapa-turca-da-copa-do-mundo","status":"publish","type":"post","link":"https:\/\/guialimeira.com.br\/news\/tiro-com-arco-marcus-dalmeida-vence-etapa-turca-da-copa-do-mundo\/","title":{"rendered":"Tiro com arco: Marcus D&#8217;Almeida vence etapa turca da Copa do Mundo"},"content":{"rendered":"<p> <br \/>\n<\/p>\n<div>\n<p>O brasileiro Marcus D&#8217;Almeida brilhou neste domingo (8), pois conquistou a medalha de ouro na etapa de Antalya (Turquia) da Copa do Mundo de tiro com arco. Com este resultado o atleta do Brasil confirmou a presen\u00e7a nas finais da competi\u00e7\u00e3o, que ser\u00e3o disputadas entre os dias 17 e 19 de outubro.<img data-recalc-dims=\"1\" decoding=\"async\" src=\"https:\/\/i0.wp.com\/agenciabrasil.ebc.com.br\/ebc.png?w=696&#038;ssl=1\" style=\"width:1px; height:1px; display:inline;\"\/><img data-recalc-dims=\"1\" decoding=\"async\" src=\"https:\/\/i0.wp.com\/agenciabrasil.ebc.com.br\/ebc.gif?w=696&#038;ssl=1\" style=\"width:1px; height:1px; display:inline;\"\/><\/p>\n<blockquote class=\"instagram-media\" data-instgrm-captioned=\"\" data-instgrm-permalink=\"https:\/\/www.instagram.com\/p\/DKpScZzA-EN\/?utm_source=ig_embed&amp;utm_campaign=loading\" data-instgrm-version=\"14\" style=\" background:#FFF; border:0; border-radius:3px; box-shadow:0 0 1px 0 rgba(0,0,0,0.5),0 1px 10px 0 rgba(0,0,0,0.15); margin: 1px; max-width:540px; min-width:326px; padding:0; width:99.375%; width:-webkit-calc(100% - 2px); width:calc(100% - 2px);\">\n<\/blockquote>\n<p>\u201cCampe\u00e3o da Copa do Mundo. Uma semana incr\u00edvel, liderei o classificat\u00f3rio e conquistei a medalha de ouro na 3\u00b0 etapa da Copa do Mundo Antalya. Obrigado a todo mundo que torceu por mim e enviou energias positivas\u201d, afirmou Marcus D&#8217;Almeida em publica\u00e7\u00e3o nas redes sociais.<\/p>\n<p>Para garantiu a medalha dourada, o arqueiro brasileiro venceu as duas disputas que teve neste domingo pelo placar de 6 a 0. Primeiro, pelas semifinais, Marcus D&#8217;Almeida superou o alem\u00e3o Jonathan Vetter. Depois, na decis\u00e3o, o atleta de 27 anos de idade\u00a0bateu o russo Buianto Tsyrendorzhiev.<\/p>\n<p>      <!-- Relacionada --><\/p>\n<p>            <!-- Relacionada -->\n    <\/div>\n<p><script async src=\"\/\/www.instagram.com\/embed.js\"><\/script><br \/>\n<br \/><br \/>\n<br \/><a href=\"https:\/\/agenciabrasil.ebc.com.br\/esportes\/noticia\/2025-06\/tiro-com-arco-marcus-dalmeida-vence-etapa-turca-da-copa-do-mundo\" rel=\"noopener\">Ag\u00eancia Brasil<\/a><\/p>\n","protected":false},"excerpt":{"rendered":"<p>O brasileiro Marcus D&#8217;Almeida brilhou neste domingo (8), pois conquistou a medalha de ouro na etapa de Antalya (Turquia) da Copa do Mundo de tiro com arco. Com este resultado o atleta do Brasil confirmou a presen\u00e7a nas finais da competi\u00e7\u00e3o, que ser\u00e3o disputadas entre os dias 17 e 19 de outubro. \u201cCampe\u00e3o da Copa [&hellip;]<\/p>\n","protected":false},"author":1,"featured_media":35567,"comment_status":"open","ping_status":"open","sticky":false,"template":"","format":"standard","meta":{"_jetpack_newsletter_access":"","_jetpack_dont_email_post_to_subs":false,"_jetpack_newsletter_tier_id":0,"_jetpack_memberships_contains_paywalled_content":false,"_mbp_banners":[],"_jetpack_feature_clip_id":0,"_jetpack_memberships_contains_paid_content":false,"footnotes":"","jetpack_publicize_message":"","jetpack_publicize_feature_enabled":true,"jetpack_social_post_already_shared":true,"jetpack_social_options":{"image_generator_settings":{"template":"highway","default_image_id":0,"font":"","enabled":false},"version":2},"jetpack_post_was_ever_published":false},"categories":[23],"tags":[],"class_list":["post-35566","post","type-post","status-publish","format-standard","has-post-thumbnail","category-esportes"],"jetpack_publicize_connections":[],"jetpack-related-posts":[],"jetpack_shortlink":"https:\/\/wp.me\/p7Eq1F-9fE","jetpack_sharing_enabled":true,"jetpack_featured_media_url":"https:\/\/i0.wp.com\/guialimeira.com.br\/news\/wp-content\/uploads\/2025\/06\/marcus_dalmeida_tiro_com_arco.jpg?fit=1600%2C800&ssl=1","_links":{"self":[{"href":"https:\/\/guialimeira.com.br\/news\/wp-json\/wp\/v2\/posts\/35566","targetHints":{"allow":["GET"]}}],"collection":[{"href":"https:\/\/guialimeira.com.br\/news\/wp-json\/wp\/v2\/posts"}],"about":[{"href":"https:\/\/guialimeira.com.br\/news\/wp-json\/wp\/v2\/types\/post"}],"author":[{"embeddable":true,"href":"https:\/\/guialimeira.com.br\/news\/wp-json\/wp\/v2\/users\/1"}],"replies":[{"embeddable":true,"href":"https:\/\/guialimeira.com.br\/news\/wp-json\/wp\/v2\/comments?post=35566"}],"version-history":[{"count":0,"href":"https:\/\/guialimeira.com.br\/news\/wp-json\/wp\/v2\/posts\/35566\/revisions"}],"wp:featuredmedia":[{"embeddable":true,"href":"https:\/\/guialimeira.com.br\/news\/wp-json\/wp\/v2\/media\/35567"}],"wp:attachment":[{"href":"https:\/\/guialimeira.com.br\/news\/wp-json\/wp\/v2\/media?parent=35566"}],"wp:term":[{"taxonomy":"category","embeddable":true,"href":"https:\/\/guialimeira.com.br\/news\/wp-json\/wp\/v2\/categories?post=35566"},{"taxonomy":"post_tag","embeddable":true,"href":"https:\/\/guialimeira.com.br\/news\/wp-json\/wp\/v2\/tags?post=35566"}],"curies":[{"name":"wp","href":"https:\/\/api.w.org\/{rel}","templated":true}]}}