{"id":3555,"date":"2024-05-03T00:52:43","date_gmt":"2024-05-03T03:52:43","guid":{"rendered":"https:\/\/guialimeira.com.br\/2024\/05\/03\/instituicoes-ja-disponibilizam-convites-para-jantar-na-39a-festa-das-nacoes-portal-do-municipio-de-piracicaba\/"},"modified":"2024-05-03T00:52:43","modified_gmt":"2024-05-03T03:52:43","slug":"instituicoes-ja-disponibilizam-convites-para-jantar-na-39a-festa-das-nacoes-portal-do-municipio-de-piracicaba","status":"publish","type":"post","link":"https:\/\/guialimeira.com.br\/news\/instituicoes-ja-disponibilizam-convites-para-jantar-na-39a-festa-das-nacoes-portal-do-municipio-de-piracicaba\/","title":{"rendered":"Institui\u00e7\u00f5es j\u00e1 disponibilizam convites para jantar na 39\u00aa Festa das Na\u00e7\u00f5es \u2013 Portal do Munic\u00edpio de Piracicaba"},"content":{"rendered":"<p> <br \/>\n<\/p>\n<div>\n<figure class=\"wp-block-image size-large\"><img data-recalc-dims=\"1\" fetchpriority=\"high\" decoding=\"async\" width=\"696\" height=\"464\" src=\"https:\/\/i0.wp.com\/piracicaba.sp.gov.br\/wp-content\/uploads\/2024\/05\/Os-jantares-serao-oferecidos-nos-restaurantes-Alemanha-Coreia-do-Sul-Espanha-Holanda-Italia-Japao-e-Suica-1024x682.jpg?resize=696%2C464&#038;ssl=1\" alt=\"\" class=\"wp-image-78237\" srcset=\"https:\/\/piracicaba.sp.gov.br\/wp-content\/uploads\/2024\/05\/Os-jantares-serao-oferecidos-nos-restaurantes-Alemanha-Coreia-do-Sul-Espanha-Holanda-Italia-Japao-e-Suica-1024x682.jpg 1024w, https:\/\/piracicaba.sp.gov.br\/wp-content\/uploads\/2024\/05\/Os-jantares-serao-oferecidos-nos-restaurantes-Alemanha-Coreia-do-Sul-Espanha-Holanda-Italia-Japao-e-Suica-300x200.jpg 300w, https:\/\/piracicaba.sp.gov.br\/wp-content\/uploads\/2024\/05\/Os-jantares-serao-oferecidos-nos-restaurantes-Alemanha-Coreia-do-Sul-Espanha-Holanda-Italia-Japao-e-Suica-768x512.jpg 768w, https:\/\/piracicaba.sp.gov.br\/wp-content\/uploads\/2024\/05\/Os-jantares-serao-oferecidos-nos-restaurantes-Alemanha-Coreia-do-Sul-Espanha-Holanda-Italia-Japao-e-Suica-1536x1024.jpg 1536w, https:\/\/piracicaba.sp.gov.br\/wp-content\/uploads\/2024\/05\/Os-jantares-serao-oferecidos-nos-restaurantes-Alemanha-Coreia-do-Sul-Espanha-Holanda-Italia-Japao-e-Suica.jpg 2000w\" sizes=\"(max-width: 1024px) 100vw, 1024px\"\/><figcaption class=\"wp-element-caption\"><strong><em><sub>Os jantares ser\u00e3o oferecidos nos restaurantes Alemanha, Coreia do Sul, Espanha, Holanda, It\u00e1lia, Jap\u00e3o e Su\u00ed\u00e7a<\/sub><\/em><\/strong><\/figcaption><\/figure>\n<p>Sete institui\u00e7\u00f5es que integram a 39\u00aa Festa das Na\u00e7\u00f5es de Piracicaba, que acontece entre os dias 15 e 19 de maio, no Engenho Central, j\u00e1 come\u00e7aram a vender os convites para os jantares do evento. Quem tiver interesse deve procurar a institui\u00e7\u00e3o e fazer a compra (confira a lista com contatos abaixo). \u00c9 importante lembrar que h\u00e1 os restaurantes que n\u00e3o realizam os jantares, dessa forma, a programa\u00e7\u00e3o da festa acontece normalmente e o evento \u00e9 aberto ao p\u00fablico em geral.<\/p>\n<p>Os jantares ser\u00e3o oferecidos nos restaurantes Alemanha, Coreia do Sul, Espanha, Holanda, It\u00e1lia, Jap\u00e3o e Su\u00ed\u00e7a; entretanto, quem prestigiar a festa poder\u00e1 degustar ainda os card\u00e1pios de \u00c1frica do Sul, \u00c1ustria, Brasil, Congo, Estados Unidos, M\u00e9xico, Mo\u00e7ambique, Na\u00e7\u00f5es \u00c1rabes, Portugal e Reino Unido.<\/p>\n<figure class=\"wp-block-image size-large\"><img data-recalc-dims=\"1\" loading=\"lazy\" decoding=\"async\" width=\"696\" height=\"465\" src=\"https:\/\/i0.wp.com\/piracicaba.sp.gov.br\/wp-content\/uploads\/2024\/05\/Sete-restaurantes-oferecerao-jantares-durante-o-evento-1024x684.jpg?resize=696%2C465&#038;ssl=1\" alt=\"\" class=\"wp-image-78238\" srcset=\"https:\/\/piracicaba.sp.gov.br\/wp-content\/uploads\/2024\/05\/Sete-restaurantes-oferecerao-jantares-durante-o-evento-1024x684.jpg 1024w, https:\/\/piracicaba.sp.gov.br\/wp-content\/uploads\/2024\/05\/Sete-restaurantes-oferecerao-jantares-durante-o-evento-300x200.jpg 300w, https:\/\/piracicaba.sp.gov.br\/wp-content\/uploads\/2024\/05\/Sete-restaurantes-oferecerao-jantares-durante-o-evento-768x513.jpg 768w, https:\/\/piracicaba.sp.gov.br\/wp-content\/uploads\/2024\/05\/Sete-restaurantes-oferecerao-jantares-durante-o-evento-1536x1025.jpg 1536w, https:\/\/piracicaba.sp.gov.br\/wp-content\/uploads\/2024\/05\/Sete-restaurantes-oferecerao-jantares-durante-o-evento.jpg 2048w\" sizes=\"auto, (max-width: 1024px) 100vw, 1024px\"\/><figcaption class=\"wp-element-caption\"><strong><em><sub>Sete restaurantes oferecer\u00e3o jantares durante o evento<\/sub><\/em><\/strong><\/figcaption><\/figure>\n<p>Realizada pela Associa\u00e7\u00e3o Cultural Festa das Na\u00e7\u00f5es (Fenapi), a Festa das Na\u00e7\u00f5es \u00e9 promovida pela Prefeitura de Piracicaba, por meio do Fundo Social de Solidariedade de Piracicaba (Fussp), com organiza\u00e7\u00e3o da Secretaria Municipal de Governo, e apresentada pelo Minist\u00e9rio da Cultura e pela Tools Digital Services. Uma parte dos recursos s\u00e3o oriundos da Lei de Incentivo \u00e0 Cultura (Lei Rouanet), do Governo Federal.<\/p>\n<p>Toda a renda da festa ser\u00e1 revertida em prol de 19 institui\u00e7\u00f5es sociais de Piracicaba, que representam as 17 na\u00e7\u00f5es.<\/p>\n<p><strong>PATROC\u00cdNIO \u2013\u00a0<\/strong>Por meio da Lei de Incentivo \u00e0 Cultura (Lei Rouanet), a 39\u00aa Festa das Na\u00e7\u00f5es de Piracicaba \u00e9 apresentada pelo Minist\u00e9rio da Cultura e pela Tools Digital Services. Os patrocinadores desta edi\u00e7\u00e3o s\u00e3o Tools Digital Services, Caterpillar e Hyundai (Ouro); Drogal, Grupo Pirasa, Pecege e Unimed Piracicaba (Prata); e Arcelor Mittal, CJ Brasil, Embraplan, Essencial, Paques e Unimil (Bronze). Apoio: Andritz, Doowon, Glovis, Hwashin, Hyundai Mobis, Hyundai Steel, Hyundai Transys, Myoung Shin Brasil, Seoyon E-hwa, S.H. e Shopping Piracicaba. A cerveja oficial \u00e9 Germ\u00e2nia.<\/p>\n<figure class=\"wp-block-image size-large\"><img data-recalc-dims=\"1\" loading=\"lazy\" decoding=\"async\" width=\"696\" height=\"464\" src=\"https:\/\/i0.wp.com\/piracicaba.sp.gov.br\/wp-content\/uploads\/2024\/05\/Festa-acontece-entre-os-dias-15-e-19-de-maio-no-Engenho-Central-1024x682.jpg?resize=696%2C464&#038;ssl=1\" alt=\"\" class=\"wp-image-78236\" srcset=\"https:\/\/piracicaba.sp.gov.br\/wp-content\/uploads\/2024\/05\/Festa-acontece-entre-os-dias-15-e-19-de-maio-no-Engenho-Central-1024x682.jpg 1024w, https:\/\/piracicaba.sp.gov.br\/wp-content\/uploads\/2024\/05\/Festa-acontece-entre-os-dias-15-e-19-de-maio-no-Engenho-Central-300x200.jpg 300w, https:\/\/piracicaba.sp.gov.br\/wp-content\/uploads\/2024\/05\/Festa-acontece-entre-os-dias-15-e-19-de-maio-no-Engenho-Central-768x512.jpg 768w, https:\/\/piracicaba.sp.gov.br\/wp-content\/uploads\/2024\/05\/Festa-acontece-entre-os-dias-15-e-19-de-maio-no-Engenho-Central-1536x1024.jpg 1536w, https:\/\/piracicaba.sp.gov.br\/wp-content\/uploads\/2024\/05\/Festa-acontece-entre-os-dias-15-e-19-de-maio-no-Engenho-Central.jpg 2000w\" sizes=\"auto, (max-width: 1024px) 100vw, 1024px\"\/><figcaption class=\"wp-element-caption\"><strong><em><sub>Festa acontece entre os dias 15 e 19 de maio, no Engenho Central<\/sub><\/em><\/strong><\/figcaption><\/figure>\n<p><strong>SERVI\u00c7O \u2013\u00a0<\/strong>39\u00aa Festa das Na\u00e7\u00f5es de Piracicaba, apresentada pelo Minist\u00e9rio da Cultura e pela Tools Digital Services. De 15 a 19 de maio, no Engenho Central, avenida Maurice Allain, 454. Contatos com a Fenapi podem ser feitos pelo e-mail\u00a0<a href=\"https:\/\/piracicaba.sp.gov.br\/mailto:diretoria@fenapi.org.br\" target=\"_blank\" rel=\"noreferrer noopener\"><u>diretoria@fenapi.org.br<\/u><\/a>. Site:\u00a0<a href=\"http:\/\/www.xn--festadasnaes-tdb0r.org.br\/\" target=\"_blank\" rel=\"noreferrer noopener\"><u>www.festadasna\u00e7\u00f5es.org.br<\/u><\/a>. Facebook: festadasnacoesdepiracicaba. Instagram: festadasnacoesdepiracicaba.<\/p>\n<p><strong>AQUISI\u00c7\u00c3O DOS CONVITES:<\/strong><\/p>\n<p>ALEMANHA \u2013 (19) 97404-0054 (F\u00e1bio)<br \/>COREIA DO SUL \u2013 (19) 98258-4553 (Paula ou Luci)<br \/>ESPANHA \u2013 (11) 97540-2351 (Ana)<br \/>HOLANDA \u2013 (19) 99656-8334 e 3437-7200 (Helena)<br \/>IT\u00c1LIA \u2013 (19) 99123-0225 ou 3401-2199 (Lana)<br \/>JAP\u00c3O \u2013 (19) 99737-4201 (Alessandra)<br \/>SU\u00cd\u00c7A \u2013 (19) 99516-3364 ou 3433-3428 (Silvana)<\/p>\n<\/div>\n<p><br \/>\n<br \/><a href=\"https:\/\/piracicaba.sp.gov.br\/noticias\/instituicoes-ja-disponibilizam-convites-para-jantar-na-39a-festa-das-nacoes\/\" rel=\"noopener\">Informa\u00e7\u00f5es PMP <\/a><\/p>\n","protected":false},"excerpt":{"rendered":"<p>Os jantares ser\u00e3o oferecidos nos restaurantes Alemanha, Coreia do Sul, Espanha, Holanda, It\u00e1lia, Jap\u00e3o e Su\u00ed\u00e7a Sete institui\u00e7\u00f5es que integram a 39\u00aa Festa das Na\u00e7\u00f5es de Piracicaba, que acontece entre os dias 15 e 19 de maio, no Engenho Central, j\u00e1 come\u00e7aram a vender os convites para os jantares do evento. Quem tiver interesse deve [&hellip;]<\/p>\n","protected":false},"author":1,"featured_media":3556,"comment_status":"open","ping_status":"open","sticky":false,"template":"","format":"standard","meta":{"_jetpack_newsletter_access":"","_jetpack_dont_email_post_to_subs":false,"_jetpack_newsletter_tier_id":0,"_jetpack_memberships_contains_paywalled_content":false,"_mbp_banners":[],"_jetpack_feature_clip_id":0,"_jetpack_memberships_contains_paid_content":false,"footnotes":"","jetpack_publicize_message":"","jetpack_publicize_feature_enabled":true,"jetpack_social_post_already_shared":true,"jetpack_social_options":{"image_generator_settings":{"template":"highway","default_image_id":0,"font":"","enabled":false},"version":2},"jetpack_post_was_ever_published":false},"categories":[20],"tags":[],"class_list":["post-3555","post","type-post","status-publish","format-standard","has-post-thumbnail","category-regiao"],"jetpack_publicize_connections":[],"jetpack-related-posts":[],"jetpack_shortlink":"https:\/\/wp.me\/p7Eq1F-Vl","jetpack_sharing_enabled":true,"jetpack_featured_media_url":"https:\/\/i0.wp.com\/guialimeira.com.br\/news\/wp-content\/uploads\/2024\/05\/Os-jantares-serao-oferecidos-nos-restaurantes-Alemanha-Coreia-do-Sul-Espanha-Holanda-Italia-Japao-e-Suica-1024x682.jpg?fit=1024%2C682&ssl=1","_links":{"self":[{"href":"https:\/\/guialimeira.com.br\/news\/wp-json\/wp\/v2\/posts\/3555","targetHints":{"allow":["GET"]}}],"collection":[{"href":"https:\/\/guialimeira.com.br\/news\/wp-json\/wp\/v2\/posts"}],"about":[{"href":"https:\/\/guialimeira.com.br\/news\/wp-json\/wp\/v2\/types\/post"}],"author":[{"embeddable":true,"href":"https:\/\/guialimeira.com.br\/news\/wp-json\/wp\/v2\/users\/1"}],"replies":[{"embeddable":true,"href":"https:\/\/guialimeira.com.br\/news\/wp-json\/wp\/v2\/comments?post=3555"}],"version-history":[{"count":0,"href":"https:\/\/guialimeira.com.br\/news\/wp-json\/wp\/v2\/posts\/3555\/revisions"}],"wp:featuredmedia":[{"embeddable":true,"href":"https:\/\/guialimeira.com.br\/news\/wp-json\/wp\/v2\/media\/3556"}],"wp:attachment":[{"href":"https:\/\/guialimeira.com.br\/news\/wp-json\/wp\/v2\/media?parent=3555"}],"wp:term":[{"taxonomy":"category","embeddable":true,"href":"https:\/\/guialimeira.com.br\/news\/wp-json\/wp\/v2\/categories?post=3555"},{"taxonomy":"post_tag","embeddable":true,"href":"https:\/\/guialimeira.com.br\/news\/wp-json\/wp\/v2\/tags?post=3555"}],"curies":[{"name":"wp","href":"https:\/\/api.w.org\/{rel}","templated":true}]}}