{"id":3553,"date":"2024-05-03T00:32:44","date_gmt":"2024-05-03T03:32:44","guid":{"rendered":"https:\/\/guialimeira.com.br\/2024\/05\/03\/festa-do-trabalhador-no-horto-florestal-recebeu-2-mil-pessoas-no-feriado\/"},"modified":"2024-05-03T00:32:44","modified_gmt":"2024-05-03T03:32:44","slug":"festa-do-trabalhador-no-horto-florestal-recebeu-2-mil-pessoas-no-feriado","status":"publish","type":"post","link":"https:\/\/guialimeira.com.br\/news\/festa-do-trabalhador-no-horto-florestal-recebeu-2-mil-pessoas-no-feriado\/","title":{"rendered":"Festa do Trabalhador no Horto Florestal recebeu 2 mil pessoas no feriado"},"content":{"rendered":"<p> <br \/>\n<\/p>\n<div>\n            <main class=\"\">&#13;<br \/>\n                &#13;<br \/>\n&#13;<br \/>\n&#13;<br \/>\n&#13;<br \/>\n    <img data-recalc-dims=\"1\" decoding=\"async\" src=\"https:\/\/i0.wp.com\/ecrie.com.br\/sistema\/conteudos\/imagem\/m_137_45_130_15122022144819.jpg?w=696&#038;ssl=1\" alt=\"Festa do Trabalhador no Horto Florestal recebeu 2 mil pessoas no feriado\"\/>&#13;<br \/>\n&#13;<\/p>\n<p style=\"text-align: justify;\"><span style=\"font-weight: 400;\">Cerca de 2 mil pessoas passaram pela Festa do Trabalhador, que aconteceu ontem (1\u00ba), no Horto Florestal de Limeira. A a\u00e7\u00e3o \u00e9 realizada pela Prefeitura de Limeira, por meio da Secretaria de Cultura. A festa teve in\u00edcio \u00e0s 10h e se encerrou no final da tarde.<\/span><\/p>\n<p>&#13;<\/p>\n<p style=\"text-align: justify;\"><span style=\"font-weight: 400;\">O evento trouxe entretenimento para o feriado, com apresenta\u00e7\u00e3o dos artistas Breno e Rafael, Power Trio e Lucas Ribeiro e Juliane. A festa contou com Pra\u00e7a de Alimenta\u00e7\u00e3o, al\u00e9m de divertir as crian\u00e7as com pula-pula, escorrega, pipocas e algod\u00e3o-doce.<\/span><\/p>\n<p>&#13;<\/p>\n<p style=\"text-align: justify;\"><span style=\"font-weight: 400;\">O prefeito Mario Botion compareceu na festa. Ele destacou o espa\u00e7o do horto, a organiza\u00e7\u00e3o do evento e a atua\u00e7\u00e3o das entidades na pra\u00e7a de alimenta\u00e7\u00e3o. \u201cAgrade\u00e7o e cumprimento os trabalhadores, que fazem a diferen\u00e7a na cidade\u201d, afirmou. O vereador Farid Zaine tamb\u00e9m esteve presente.<\/span><\/p>\n<p>&#13;<\/p>\n<p style=\"text-align: justify;\">\u00a0<\/p>\n<p>&#13;<br \/>\n&#13;<br \/>\n&#13;<br \/>\n&#13;<\/p>\n<aside class=\"list-related no-print\">&#13;<br \/>\n        &#13;<br \/>\n&#13;<\/p>\n<article class=\"list-item noticias \">&#13;<br \/>\n                    <a class=\"list-item__img\" href=\"https:\/\/limeira.sp.gov.br\/imprensa\/noticias\/cultura\/teatro-vitoria-recebe-broadway-nights-o-musical-nesta-sexta-3\" tabindex=\"-1\" aria-hidden=\"true\" rel=\"noopener\">&#13;<br \/>\n                        <img data-recalc-dims=\"1\" decoding=\"async\" src=\"https:\/\/i0.wp.com\/ecrie.com.br\/sistema\/conteudos\/imagem\/m_137_0_1_02052024142914.jpeg?w=696&#038;ssl=1\" alt=\"Teatro Vit\u00f3ria recebe \u201cBroadway Nights, o Musical\u201d nesta sexta (3)\"\/>&#13;<br \/>\n                    <\/a>&#13;<br \/>\n&#13;<br \/>\n                &#13;<br \/>\n            <\/article>\n<p>&#13;<\/p>\n<article class=\"list-item noticias \">&#13;<br \/>\n                    <a class=\"list-item__img\" href=\"https:\/\/limeira.sp.gov.br\/imprensa\/noticias\/cultura\/espetaculo-elvis-in-concert-e-adiado\" tabindex=\"-1\" aria-hidden=\"true\" rel=\"noopener\">&#13;<br \/>\n                        <img data-recalc-dims=\"1\" decoding=\"async\" src=\"https:\/\/i0.wp.com\/ecrie.com.br\/sistema\/conteudos\/imagem\/m_137_0_1_30042024143313.jpg?w=696&#038;ssl=1\" alt=\"Espet\u00e1culo \u201cElvis in Concert\u201d \u00e9 adiado\"\/>&#13;<br \/>\n                    <\/a>&#13;<br \/>\n&#13;<br \/>\n                &#13;<br \/>\n            <\/article>\n<p>&#13;<\/p>\n<article class=\"list-item noticias \">&#13;<br \/>\n                    <a class=\"list-item__img\" href=\"https:\/\/limeira.sp.gov.br\/imprensa\/noticias\/cultura\/verso-e-voz-abre-inscricoes-para-escolas\" tabindex=\"-1\" aria-hidden=\"true\" rel=\"noopener\">&#13;<br \/>\n                        <img data-recalc-dims=\"1\" decoding=\"async\" src=\"https:\/\/i0.wp.com\/ecrie.com.br\/sistema\/conteudos\/imagem\/m_137_0_1_30042024141915.jpeg?w=696&#038;ssl=1\" alt=\"Verso e Voz abre inscri\u00e7\u00f5es para escolas\"\/>&#13;<br \/>\n                    <\/a>&#13;<br \/>\n&#13;<br \/>\n                &#13;<br \/>\n            <\/article>\n<p>&#13;<br \/>\n    <\/aside>\n<p>&#13;<br \/>\n&#13;<br \/>\n            <\/main><\/p><\/div>\n<p><br \/>\n<br \/><a href=\"https:\/\/limeira.sp.gov.br\/festa-do-trabalhador-no-horto-florestal-recebeu-2-mil-pessoas-no-feriado\" rel=\"noopener\">Informa\u00e7\u00f5es da PML <\/a><\/p>\n","protected":false},"excerpt":{"rendered":"<p>&#13; &#13; &#13; &#13; &#13; &#13; &#13; Cerca de 2 mil pessoas passaram pela Festa do Trabalhador, que aconteceu ontem (1\u00ba), no Horto Florestal de Limeira. A a\u00e7\u00e3o \u00e9 realizada pela Prefeitura de Limeira, por meio da Secretaria de Cultura. A festa teve in\u00edcio \u00e0s 10h e se encerrou no final da tarde. &#13; O [&hellip;]<\/p>\n","protected":false},"author":1,"featured_media":3554,"comment_status":"open","ping_status":"open","sticky":false,"template":"","format":"standard","meta":{"_jetpack_newsletter_access":"","_jetpack_dont_email_post_to_subs":false,"_jetpack_newsletter_tier_id":0,"_jetpack_memberships_contains_paywalled_content":false,"_mbp_banners":[],"_jetpack_feature_clip_id":0,"_jetpack_memberships_contains_paid_content":false,"footnotes":"","jetpack_publicize_message":"","jetpack_publicize_feature_enabled":true,"jetpack_social_post_already_shared":true,"jetpack_social_options":{"image_generator_settings":{"template":"highway","default_image_id":0,"font":"","enabled":false},"version":2},"jetpack_post_was_ever_published":false},"categories":[16],"tags":[],"class_list":["post-3553","post","type-post","status-publish","format-standard","has-post-thumbnail","category-local"],"jetpack_publicize_connections":[],"jetpack-related-posts":[],"jetpack_shortlink":"https:\/\/wp.me\/p7Eq1F-Vj","jetpack_sharing_enabled":true,"jetpack_featured_media_url":"https:\/\/i0.wp.com\/guialimeira.com.br\/news\/wp-content\/uploads\/2024\/05\/m_137_45_130_15122022144819.jpg?fit=848%2C570&ssl=1","_links":{"self":[{"href":"https:\/\/guialimeira.com.br\/news\/wp-json\/wp\/v2\/posts\/3553","targetHints":{"allow":["GET"]}}],"collection":[{"href":"https:\/\/guialimeira.com.br\/news\/wp-json\/wp\/v2\/posts"}],"about":[{"href":"https:\/\/guialimeira.com.br\/news\/wp-json\/wp\/v2\/types\/post"}],"author":[{"embeddable":true,"href":"https:\/\/guialimeira.com.br\/news\/wp-json\/wp\/v2\/users\/1"}],"replies":[{"embeddable":true,"href":"https:\/\/guialimeira.com.br\/news\/wp-json\/wp\/v2\/comments?post=3553"}],"version-history":[{"count":0,"href":"https:\/\/guialimeira.com.br\/news\/wp-json\/wp\/v2\/posts\/3553\/revisions"}],"wp:featuredmedia":[{"embeddable":true,"href":"https:\/\/guialimeira.com.br\/news\/wp-json\/wp\/v2\/media\/3554"}],"wp:attachment":[{"href":"https:\/\/guialimeira.com.br\/news\/wp-json\/wp\/v2\/media?parent=3553"}],"wp:term":[{"taxonomy":"category","embeddable":true,"href":"https:\/\/guialimeira.com.br\/news\/wp-json\/wp\/v2\/categories?post=3553"},{"taxonomy":"post_tag","embeddable":true,"href":"https:\/\/guialimeira.com.br\/news\/wp-json\/wp\/v2\/tags?post=3553"}],"curies":[{"name":"wp","href":"https:\/\/api.w.org\/{rel}","templated":true}]}}