{"id":3546,"date":"2024-05-02T23:31:51","date_gmt":"2024-05-03T02:31:51","guid":{"rendered":"https:\/\/guialimeira.com.br\/2024\/05\/02\/prefeitura-abre-inscricoes-para-curso-gratuito-de-maquiador\/"},"modified":"2024-05-02T23:31:51","modified_gmt":"2024-05-03T02:31:51","slug":"prefeitura-abre-inscricoes-para-curso-gratuito-de-maquiador","status":"publish","type":"post","link":"https:\/\/guialimeira.com.br\/news\/prefeitura-abre-inscricoes-para-curso-gratuito-de-maquiador\/","title":{"rendered":"Prefeitura abre inscri\u00e7\u00f5es para curso gratuito de Maquiador"},"content":{"rendered":"<p> <br \/>\n<\/p>\n<div>\n            <main class=\"\">&#13;<br \/>\n                &#13;<br \/>\n&#13;<br \/>\n&#13;<br \/>\n&#13;<br \/>\n    <img data-recalc-dims=\"1\" decoding=\"async\" src=\"https:\/\/i0.wp.com\/ecrie.com.br\/sistema\/conteudos\/imagem\/m_137_0_1_02052024154146.jpg?w=696&#038;ssl=1\" alt=\"Prefeitura abre inscri\u00e7\u00f5es para curso gratuito de Maquiador\"\/>&#13;<br \/>\n&#13;<\/p>\n<p style=\"text-align: justify;\" align=\"justify\">A Prefeitura de Limeira, por meio da parceria entre Fundo Social, Ceprosom e Senac, abre na ter\u00e7a-feira (7) inscri\u00e7\u00f5es para o curso de Maquiador. Para matricular-se, \u00e9 necess\u00e1rio comparecer ao N\u00facleo de Inclus\u00e3o Socioprodutiva (Nisp), localizado no N\u00facleo de Atendimento ao Cidad\u00e3o (NAC), na Av. Dr. Lauro Corr\u00eaa da Silva, 3.800, entre 8h e 17h, e apresentar c\u00f3pias do RG, CPF e comprovante de endere\u00e7o. A idade m\u00ednima para fazer o curso \u00e9 16 anos.<\/p>\n<p>&#13;<\/p>\n<p style=\"text-align: justify;\" align=\"justify\">As inscri\u00e7\u00f5es seguem at\u00e9 o preenchimento das 18 vagas dispon\u00edveis, que ser\u00e1 por ordem de chegada. Mais informa\u00e7\u00f5es podem ser obtidas pelos telefones 3404-6209, 3404-6210 e 3404-6225.<\/p>\n<p>&#13;<\/p>\n<p style=\"text-align: justify;\" align=\"justify\">ATIVIDADE<\/p>\n<p>&#13;<\/p>\n<p style=\"text-align: justify;\" align=\"justify\">Com carga hor\u00e1ria de 160 horas, o curso de maquiador busca capacitar profissionais para criar e realizar maquiagens para eventos sociais, fotos, passarela, televis\u00e3o e cinema, visando a uma composi\u00e7\u00e3o est\u00e9tica harm\u00f4nica, e valendo-se de t\u00e9cnicas e produtos adequados, al\u00e9m de princ\u00edpios de visagismo e conceitos de arte, moda, estilo e beleza.<\/p>\n<p>&#13;<\/p>\n<p style=\"text-align: justify;\" align=\"justify\">As aulas ser\u00e3o ministradas na sala de beleza do NAC, de segunda \u00e0 quinta-feira, das 18h30 \u00e0s 22h30, entre os dias 13 de maio e 24 de julho.<\/p>\n<p>&#13;<\/p>\n<p style=\"text-align: justify;\" align=\"justify\">SERVI\u00c7O<\/p>\n<p>&#13;<\/p>\n<p style=\"text-align: justify;\" align=\"justify\">Inscri\u00e7\u00f5es para o curso de Maquiador<\/p>\n<p>&#13;<\/p>\n<p style=\"text-align: justify;\" align=\"justify\">7 de maio (ter\u00e7a-feira)<\/p>\n<p>&#13;<\/p>\n<p style=\"text-align: justify;\" align=\"justify\">Das 8h \u00e0s 17h<\/p>\n<p>&#13;<\/p>\n<p style=\"text-align: justify;\" align=\"justify\">Nisp &#8211; Av. Dr. Lauro Corr\u00eaa da Silva, n\u00ba 3.800<\/p>\n<p>&#13;<br \/>\n&#13;<br \/>\n&#13;<br \/>\n&#13;<\/p>\n<aside class=\"list-related no-print\">&#13;<br \/>\n        &#13;<br \/>\n&#13;<\/p>\n<article class=\"list-item noticias \">&#13;<br \/>\n                    <a class=\"list-item__img\" href=\"https:\/\/limeira.sp.gov.br\/imprensa\/noticias\/ceprosom\/ceprosom-recebe-visita-de-estudantes-da-sao-leopoldo-mandic\" tabindex=\"-1\" aria-hidden=\"true\" rel=\"noopener\">&#13;<br \/>\n                        <img data-recalc-dims=\"1\" decoding=\"async\" src=\"https:\/\/i0.wp.com\/ecrie.com.br\/sistema\/conteudos\/imagem\/m_137_0_1_30042024171655.jpg?w=696&#038;ssl=1\" alt=\"Ceprosom recebe visita de estudantes da S\u00e3o Leopoldo Mandic\"\/>&#13;<br \/>\n                    <\/a>&#13;<br \/>\n&#13;<br \/>\n                &#13;<br \/>\n            <\/article>\n<p>&#13;<\/p>\n<article class=\"list-item noticias \">&#13;<br \/>\n                    <a class=\"list-item__img\" href=\"https:\/\/limeira.sp.gov.br\/imprensa\/noticias\/ceprosom\/com-mais-de-120-pontos-de-coleta-campanhas-do-agasalho-e-agasalho-pet-sao-lancadas-em-limeira\" tabindex=\"-1\" aria-hidden=\"true\" rel=\"noopener\">&#13;<br \/>\n                        <img data-recalc-dims=\"1\" decoding=\"async\" src=\"https:\/\/i0.wp.com\/ecrie.com.br\/sistema\/conteudos\/imagem\/m_137_0_1_30042024173201.jpg?w=696&#038;ssl=1\" alt=\"Com mais de 120 pontos de coleta, campanhas do Agasalho e Agasalho PET s\u00e3o lan\u00e7adas em Limeira\"\/>&#13;<br \/>\n                    <\/a>&#13;<br \/>\n&#13;<br \/>\n                &#13;<br \/>\n            <\/article>\n<p>&#13;<\/p>\n<article class=\"list-item noticias \">&#13;<br \/>\n                    <a class=\"list-item__img\" href=\"https:\/\/limeira.sp.gov.br\/imprensa\/noticias\/ceprosom\/dia-do-trabalho-altera-servicos-da-prefeitura-de-limeira\" tabindex=\"-1\" aria-hidden=\"true\" rel=\"noopener\">&#13;<br \/>\n                        <img data-recalc-dims=\"1\" decoding=\"async\" src=\"https:\/\/i0.wp.com\/ecrie.com.br\/sistema\/conteudos\/imagem\/m_137_0_1_29042024173843.jpg?w=696&#038;ssl=1\" alt=\"Dia do Trabalho altera servi\u00e7os da Prefeitura de Limeira\"\/>&#13;<br \/>\n                    <\/a>&#13;<br \/>\n&#13;<br \/>\n                &#13;<br \/>\n            <\/article>\n<p>&#13;<br \/>\n    <\/aside>\n<p>&#13;<br \/>\n&#13;<br \/>\n            <\/main><\/p><\/div>\n<p><br \/>\n<br \/><a href=\"https:\/\/limeira.sp.gov.br\/prefeitura-abre-inscricoes-para-curso-gratuito-de-maquiador\" rel=\"noopener\">Informa\u00e7\u00f5es da PML <\/a><\/p>\n","protected":false},"excerpt":{"rendered":"<p>&#13; &#13; &#13; &#13; &#13; &#13; &#13; A Prefeitura de Limeira, por meio da parceria entre Fundo Social, Ceprosom e Senac, abre na ter\u00e7a-feira (7) inscri\u00e7\u00f5es para o curso de Maquiador. Para matricular-se, \u00e9 necess\u00e1rio comparecer ao N\u00facleo de Inclus\u00e3o Socioprodutiva (Nisp), localizado no N\u00facleo de Atendimento ao Cidad\u00e3o (NAC), na Av. Dr. Lauro Corr\u00eaa [&hellip;]<\/p>\n","protected":false},"author":1,"featured_media":3547,"comment_status":"open","ping_status":"open","sticky":false,"template":"","format":"standard","meta":{"_jetpack_newsletter_access":"","_jetpack_dont_email_post_to_subs":false,"_jetpack_newsletter_tier_id":0,"_jetpack_memberships_contains_paywalled_content":false,"_mbp_banners":[],"_jetpack_feature_clip_id":0,"_jetpack_memberships_contains_paid_content":false,"footnotes":"","jetpack_publicize_message":"","jetpack_publicize_feature_enabled":true,"jetpack_social_post_already_shared":true,"jetpack_social_options":{"image_generator_settings":{"template":"highway","default_image_id":0,"font":"","enabled":false},"version":2},"jetpack_post_was_ever_published":false},"categories":[16],"tags":[],"class_list":["post-3546","post","type-post","status-publish","format-standard","has-post-thumbnail","category-local"],"jetpack_publicize_connections":[],"jetpack-related-posts":[],"jetpack_shortlink":"https:\/\/wp.me\/p7Eq1F-Vc","jetpack_sharing_enabled":true,"jetpack_featured_media_url":"https:\/\/i0.wp.com\/guialimeira.com.br\/news\/wp-content\/uploads\/2024\/05\/m_137_0_1_02052024154146.jpg?fit=900%2C598&ssl=1","_links":{"self":[{"href":"https:\/\/guialimeira.com.br\/news\/wp-json\/wp\/v2\/posts\/3546","targetHints":{"allow":["GET"]}}],"collection":[{"href":"https:\/\/guialimeira.com.br\/news\/wp-json\/wp\/v2\/posts"}],"about":[{"href":"https:\/\/guialimeira.com.br\/news\/wp-json\/wp\/v2\/types\/post"}],"author":[{"embeddable":true,"href":"https:\/\/guialimeira.com.br\/news\/wp-json\/wp\/v2\/users\/1"}],"replies":[{"embeddable":true,"href":"https:\/\/guialimeira.com.br\/news\/wp-json\/wp\/v2\/comments?post=3546"}],"version-history":[{"count":0,"href":"https:\/\/guialimeira.com.br\/news\/wp-json\/wp\/v2\/posts\/3546\/revisions"}],"wp:featuredmedia":[{"embeddable":true,"href":"https:\/\/guialimeira.com.br\/news\/wp-json\/wp\/v2\/media\/3547"}],"wp:attachment":[{"href":"https:\/\/guialimeira.com.br\/news\/wp-json\/wp\/v2\/media?parent=3546"}],"wp:term":[{"taxonomy":"category","embeddable":true,"href":"https:\/\/guialimeira.com.br\/news\/wp-json\/wp\/v2\/categories?post=3546"},{"taxonomy":"post_tag","embeddable":true,"href":"https:\/\/guialimeira.com.br\/news\/wp-json\/wp\/v2\/tags?post=3546"}],"curies":[{"name":"wp","href":"https:\/\/api.w.org\/{rel}","templated":true}]}}