{"id":35404,"date":"2025-06-06T14:04:27","date_gmt":"2025-06-06T17:04:27","guid":{"rendered":"https:\/\/guialimeira.com.br\/?p=35404"},"modified":"2025-06-06T14:04:30","modified_gmt":"2025-06-06T17:04:30","slug":"4a-edicao-da-corrida-e-caminhada-suzano-faz-bem-acontece-em-20-de-julho","status":"publish","type":"post","link":"https:\/\/guialimeira.com.br\/news\/4a-edicao-da-corrida-e-caminhada-suzano-faz-bem-acontece-em-20-de-julho\/","title":{"rendered":"4\u00aa edi\u00e7\u00e3o da \u2018Corrida e Caminhada Suzano Faz Bem\u2019 acontece em 20 de julho"},"content":{"rendered":"\n<p class=\"wp-block-paragraph\"><em>Evento tem inscri\u00e7\u00f5es solid\u00e1rias; arrecada\u00e7\u00e3o ser\u00e1 destinada a institui\u00e7\u00f5es sociais <\/em><\/p>\n\n\n\n<p class=\"wp-block-paragraph\">Como parte das a\u00e7\u00f5es de celebra\u00e7\u00e3o aos 150 anos de Americana, a Suzano, maior produtora mundial de celulose e refer\u00eancia global na fabrica\u00e7\u00e3o de bioprodutos desenvolvidos a partir do eucalipto, promover\u00e1 no dia 20 de julho a 4\u00aa edi\u00e7\u00e3o da \u2018Corrida e Caminhada Suzano Faz Bem\u2019. A iniciativa se soma a uma s\u00e9rie de projetos culturais, sociais e esportivos apoiados pela companhia ao longo do ano, como forma simb\u00f3lica de retribuir o acolhimento da cidade e refor\u00e7ar os la\u00e7os com a popula\u00e7\u00e3o. Com percursos de 5 km e 10 km para corrida e 5 km para caminhada, a prova \u00e9 voltada \u00e0 comunidade, colaboradores(as) da Suzano e seus familiares, promovendo sa\u00fade, solidariedade e bem-estar coletivo.<\/p>\n\n\n\n<p class=\"wp-block-paragraph\">As inscri\u00e7\u00f5es abrem no dia 06 de junho e podem ser feitas pelo link&nbsp;<a href=\"https:\/\/www.ticketsports.com.br\/e\/CORRIDA%20SUZANO%20-%202025-72623\" target=\"_blank\" rel=\"noreferrer noopener\">https:\/\/www.ticketsports.com.br\/e\/CORRIDA%20SUZANO%20-%202025-72623<\/a>, com vagas limitadas. A expectativa \u00e9 reunir mais de 2 mil participantes. A inscri\u00e7\u00e3o solid\u00e1ria tem o valor de R$ 39,90, que ser\u00e1 integralmente revertido para a APAE (Associa\u00e7\u00e3o de Pais e Amigos dos Excepcionais) de Americana, o Lar dos Velhinhos S\u00e3o Vicente de Paulo e o Fundo Social de Solidariedade do munic\u00edpio. O pagamento deve ser efetuado no momento da inscri\u00e7\u00e3o via: Pix, boleto banc\u00e1rio ou cart\u00e3o de cr\u00e9dito.<\/p>\n\n\n\n<p class=\"wp-block-paragraph\">\u201c\u00c9 uma grande satisfa\u00e7\u00e3o para a Suzano promover mais uma edi\u00e7\u00e3o da corrida em Americana. Neste ano, a Corrida e Caminhada Suzano Faz Bem \u00e9 ainda mais especial, pois integra as a\u00e7\u00f5es que preparamos para celebrar os 150 anos da cidade. \u00c9 a nossa forma de homenagear uma comunidade que sempre nos acolheu t\u00e3o bem. Queremos que este evento seja lembrado como um presente \u00e0 popula\u00e7\u00e3o, promovendo sa\u00fade, integra\u00e7\u00e3o e fortalecendo causas sociais importantes. Na Suzano, acreditamos que s\u00f3 \u00e9 bom para n\u00f3s se for bom para o mundo, e essa iniciativa reflete nosso compromisso com a responsabilidade social e com o desenvolvimento das regi\u00f5es onde atuamos\u201d, destaca Marcelo de Mello, diretor de Seguran\u00e7a, Sa\u00fade, Qualidade de Vida e Facilities da Suzano.<\/p>\n\n\n\n<p class=\"wp-block-paragraph\">Promovida em parceria com a Chelso Sports e com o apoio da Prefeitura de Americana, a prova contar\u00e1 com uma estrutura completa para receber os(as) participantes. A concentra\u00e7\u00e3o ser\u00e1 na Rua Abrahim Abraham, 97, pr\u00f3ximo \u00e0 sede da APAE, a partir das 6h. As largadas est\u00e3o previstas para 7h15 (corrida 10 km) e 7h25 (corrida e caminhada 5 km).<\/p>\n\n\n\n<p class=\"wp-block-paragraph\">Todos(as) os(as) participantes que conclu\u00edrem a prova receber\u00e3o uma medalha de participa\u00e7\u00e3o. Haver\u00e1 tamb\u00e9m premia\u00e7\u00e3o com trof\u00e9us para os(as) cinco primeiros(as) colocados(as) na classifica\u00e7\u00e3o geral das corridas nas dist\u00e2ncias de 5 km e de 10 km e para os(as) tr\u00eas primeiros(as) colocados(as) de cada categoria, divididas por sexo e faixa et\u00e1ria a cada 10 anos.<\/p>\n\n\n\n<p class=\"wp-block-paragraph\">Al\u00e9m das provas, o evento esportivo contar\u00e1 com Arena Kids, com monitor para crian\u00e7as acima de 6 anos; plataforma de fotos e v\u00eddeos Giro 360\u00b0; e Espa\u00e7o Sustentabilidade, onde haver\u00e1 exposi\u00e7\u00e3o e venda de trabalhos artesanais desenvolvidos por projetos sociais apoiados pela Suzano. Tamb\u00e9m estar\u00e3o presentes alguns food trucks, com op\u00e7\u00f5es de alimenta\u00e7\u00e3o.<br>Nesta edi\u00e7\u00e3o, a camiseta que integra o kit da corrida ser\u00e1 entregue exclusivamente no dia da prova. J\u00e1 os demais itens, como o numeral de peito, dever\u00e3o ser retirados antecipadamente. No momento da retirada, cada participante receber\u00e1 um voucher com a indica\u00e7\u00e3o do tamanho da camiseta, que dever\u00e1 ser apresentado na tenda de distribui\u00e7\u00e3o no dia da corrida. N\u00e3o haver\u00e1 entrega dos demais itens do kit corrida no dia do evento \u2014 apenas da camiseta.<\/p>\n\n\n\n<p class=\"wp-block-paragraph\"><strong>Compromisso com o bem-estar coletivo<\/strong><br>A Corrida e Caminhada Suzano Faz Bem leva o nome de um programa interno da Suzano, o Faz Bem, que atua em cinco pilares da sa\u00fade: preventiva, mental, social, f\u00edsica e ergon\u00f4mica. Por meio desse programa, a empresa desenvolve diversas iniciativas voltadas \u00e0 sa\u00fade, qualidade de vida e bem-estar dos(as) colaboradores(as). &nbsp;<\/p>\n\n\n\n<p class=\"wp-block-paragraph\">Em 2025, ano em que Americana celebra seus 150 anos de hist\u00f3ria, a Suzano reafirma sua parceria com a cidade e amplia sua presen\u00e7a no munic\u00edpio por meio de investimentos e apoios a uma s\u00e9rie de eventos, projetos e programas culturais, sociais e esportivos locais. Entre as iniciativas realizadas est\u00e3o a participa\u00e7\u00e3o do Espa\u00e7o Sustentabilidade na tradicional Festa de S\u00e3o Jo\u00e3o de Carioba, o apoio \u00e0 Feira do Meio Ambiente de Americana (FEAMA) e a promo\u00e7\u00e3o da Corrida e Caminhada Suzano Faz Bem, cujas doa\u00e7\u00f5es ir\u00e3o beneficiar institui\u00e7\u00f5es da cidade. Essas a\u00e7\u00f5es refletem o compromisso da empresa em celebrar a trajet\u00f3ria e os valores culturais e sociais que moldam a hist\u00f3ria e o modo de vida de Americana, fortalecendo os la\u00e7os com a comunidade que sempre a acolheu. Ao promover essas iniciativas, a companhia busca n\u00e3o apenas homenagear Americana, mas tamb\u00e9m contribuir ativamente para seu desenvolvimento, refor\u00e7ando um relacionamento pautado em respeito, parceria e valoriza\u00e7\u00e3o m\u00fatua.<br><br><strong>Sobre a Suzano<\/strong><br>A Suzano \u00e9 a maior produtora mundial de celulose, uma das maiores produtoras de pap\u00e9is da Am\u00e9rica Latina, l\u00edder no segmento de papel higi\u00eanico no Brasil e refer\u00eancia no desenvolvimento de solu\u00e7\u00f5es sustent\u00e1veis e inovadoras a partir de mat\u00e9ria-prima de fonte renov\u00e1vel. Nossos produtos e solu\u00e7\u00f5es est\u00e3o presentes na vida de mais de 2 bilh\u00f5es de pessoas, abastecem mais de 100 pa\u00edses e incluem celulose; pap\u00e9is para imprimir e escrever; pap\u00e9is para embalagens, copos e canudos; pap\u00e9is sanit\u00e1rios e produtos absorventes; al\u00e9m de novos bioprodutos desenvolvidos para atender \u00e0 demanda global. A inova\u00e7\u00e3o e a sustentabilidade orientam nosso prop\u00f3sito de &#8220;Renovar a vida a partir da \u00e1rvore&#8221; e nosso trabalho no enfrentamento dos desafios da sociedade e do planeta. Com mais de 100 anos de hist\u00f3ria, temos a\u00e7\u00f5es nas bolsas do Brasil (SUZB3) e dos Estados Unidos (SUZ). Saiba mais na p\u00e1gina:&nbsp;<a href=\"http:\/\/www.suzano.com.br\/\" target=\"_blank\" rel=\"noreferrer noopener\">www.suzano.com.br<\/a>. &nbsp;<\/p>\n","protected":false},"excerpt":{"rendered":"<p>Evento tem inscri\u00e7\u00f5es solid\u00e1rias; arrecada\u00e7\u00e3o ser\u00e1 destinada a institui\u00e7\u00f5es sociais Como parte das a\u00e7\u00f5es de celebra\u00e7\u00e3o aos 150 anos de Americana, a Suzano, maior produtora mundial de celulose e refer\u00eancia global na fabrica\u00e7\u00e3o de bioprodutos desenvolvidos a partir do eucalipto, promover\u00e1 no dia 20 de julho a 4\u00aa edi\u00e7\u00e3o da \u2018Corrida e Caminhada Suzano Faz [&hellip;]<\/p>\n","protected":false},"author":2,"featured_media":35405,"comment_status":"open","ping_status":"open","sticky":false,"template":"","format":"standard","meta":{"_jetpack_newsletter_access":"","_jetpack_dont_email_post_to_subs":false,"_jetpack_newsletter_tier_id":0,"_jetpack_memberships_contains_paywalled_content":false,"_mbp_banners":[],"_jetpack_feature_clip_id":0,"_jetpack_memberships_contains_paid_content":false,"footnotes":"","jetpack_publicize_message":"","jetpack_publicize_feature_enabled":true,"jetpack_social_post_already_shared":false,"jetpack_social_options":{"image_generator_settings":{"template":"highway","enabled":false},"version":2},"jetpack_post_was_ever_published":false},"categories":[16],"tags":[],"class_list":["post-35404","post","type-post","status-publish","format-standard","has-post-thumbnail","category-local"],"jetpack_publicize_connections":[],"jetpack-related-posts":[],"jetpack_shortlink":"https:\/\/wp.me\/p7Eq1F-9d2","jetpack_sharing_enabled":true,"jetpack_featured_media_url":"https:\/\/i0.wp.com\/guialimeira.com.br\/news\/wp-content\/uploads\/2025\/06\/Corrida-Suzano-Faz-Bem-Americana-2024.jpg?fit=1307%2C875&ssl=1","_links":{"self":[{"href":"https:\/\/guialimeira.com.br\/news\/wp-json\/wp\/v2\/posts\/35404","targetHints":{"allow":["GET"]}}],"collection":[{"href":"https:\/\/guialimeira.com.br\/news\/wp-json\/wp\/v2\/posts"}],"about":[{"href":"https:\/\/guialimeira.com.br\/news\/wp-json\/wp\/v2\/types\/post"}],"author":[{"embeddable":true,"href":"https:\/\/guialimeira.com.br\/news\/wp-json\/wp\/v2\/users\/2"}],"replies":[{"embeddable":true,"href":"https:\/\/guialimeira.com.br\/news\/wp-json\/wp\/v2\/comments?post=35404"}],"version-history":[{"count":2,"href":"https:\/\/guialimeira.com.br\/news\/wp-json\/wp\/v2\/posts\/35404\/revisions"}],"predecessor-version":[{"id":35407,"href":"https:\/\/guialimeira.com.br\/news\/wp-json\/wp\/v2\/posts\/35404\/revisions\/35407"}],"wp:featuredmedia":[{"embeddable":true,"href":"https:\/\/guialimeira.com.br\/news\/wp-json\/wp\/v2\/media\/35405"}],"wp:attachment":[{"href":"https:\/\/guialimeira.com.br\/news\/wp-json\/wp\/v2\/media?parent=35404"}],"wp:term":[{"taxonomy":"category","embeddable":true,"href":"https:\/\/guialimeira.com.br\/news\/wp-json\/wp\/v2\/categories?post=35404"},{"taxonomy":"post_tag","embeddable":true,"href":"https:\/\/guialimeira.com.br\/news\/wp-json\/wp\/v2\/tags?post=35404"}],"curies":[{"name":"wp","href":"https:\/\/api.w.org\/{rel}","templated":true}]}}