{"id":3538,"date":"2024-05-02T22:30:45","date_gmt":"2024-05-03T01:30:45","guid":{"rendered":"https:\/\/guialimeira.com.br\/2024\/05\/02\/palestra-alerta-sobre-maus-tratos-e-crueldade-contra-animais-silvestres\/"},"modified":"2024-05-02T22:30:45","modified_gmt":"2024-05-03T01:30:45","slug":"palestra-alerta-sobre-maus-tratos-e-crueldade-contra-animais-silvestres","status":"publish","type":"post","link":"https:\/\/guialimeira.com.br\/news\/palestra-alerta-sobre-maus-tratos-e-crueldade-contra-animais-silvestres\/","title":{"rendered":"Palestra alerta sobre maus-tratos e crueldade contra animais silvestres"},"content":{"rendered":"<p> <br \/>\n<\/p>\n<div>\n            <main class=\"\">&#13;<br \/>\n                &#13;<br \/>\n&#13;<br \/>\n&#13;<br \/>\n&#13;<br \/>\n    <img data-recalc-dims=\"1\" decoding=\"async\" src=\"https:\/\/i0.wp.com\/ecrie.com.br\/sistema\/conteudos\/imagem\/m_137_0_1_02052024162900.jpg?w=696&#038;ssl=1\" alt=\"Palestra alerta sobre maus-tratos e crueldade contra animais silvestres\"\/>&#13;<br \/>\n&#13;<\/p>\n<p>Servidores do Zool\u00f3gico Municipal participaram, no Centro de Educa\u00e7\u00e3o Ambiental do Horto Florestal, de palestra sobre maus-tratos e crueldade contra animais silvestres. O tema foi trabalhado pela campanha Abril Laranja, promovida pela Secretaria de Meio Ambiente e Agricultura de Limeira, por meio do Departamento de Educa\u00e7\u00e3o Ambiental.<br \/>Na atividade, ministrada pela m\u00e9dica veterin\u00e1ria do pr\u00f3prio Zoo, Ariane de Oliveira Bastos, os servidores receberam informa\u00e7\u00f5es atualizadas quanto \u00e0\u00a0retirada desenfreada dos\u00a0animais\u00a0de\u00a0seus habitats naturais, situa\u00e7\u00e3o que ocasiona a morte de milhares deles anualmente.\u00a0A salvaguarda da biodiversidade e o papel de preserva\u00e7\u00e3o e conserva\u00e7\u00e3o de esp\u00e9cies desenvolvidos em centros de pesquisa zool\u00f3gicos, tamb\u00e9m foram abordados durante o encontro.\u00a0<\/p>\n<p><strong>COEXIST\u00caNCIA<\/strong><strong><br \/><\/strong><br \/>Segundo a m\u00e9dica veterin\u00e1ria, devido \u00e0 proximidade dos ref\u00fagios naturais com o meio urbano, muitos animais silvestres acabam entrando nesses espa\u00e7os em busca de alimentos e abrigo. Ele citou os saru\u00eas, popularmente conhecidos como gamb\u00e1s, que, por terem se adaptado ao ambiente urbano, constantemente s\u00e3o encontrados em resid\u00eancias.<\/p>\n<p>&#13;<\/p>\n<p>\u201cOs saru\u00eas s\u00e3o importantes dispersores de sementes, controladores de pragas e facilmente confundidos com roedores, raz\u00e3o pela qual muitos\u00a0s\u00e3o mortos quando avistados pela popula\u00e7\u00e3o\u201d, salientou Ariane. \u201cPor\u00e9m, n\u00e3o devemos acu\u00e1-los ou espant\u00e1-los\u201d, orientou. Ela esclareceu que, naturalmente, os saru\u00eas retornam a seus abrigos. \u201c\u00c9 importante manter sempre compartimentos de alimentos fechados\u00a0para prevenir a presen\u00e7a desses animais\u201d, acrescentou. <br \/>Ariane observou, ainda, que os saru\u00eas s\u00e3o protegidos pela legisla\u00e7\u00e3o\u00a0ambiental, tanto no \u00e2mbito federal e estadual, quanto no municipal, no caso, o C\u00f3digo Municipal dos Direitos dos Animais\u00a0(Lei 6.260), institu\u00eddo pelo prefeito Mario Botion\u00a0em 2019.<\/p>\n<p>&#13;<\/p>\n<p>\u00a0<\/p>\n<p>&#13;<\/p>\n<p><strong>Servi\u00e7o:<\/strong><\/p>\n<p>&#13;<\/p>\n<p>Den\u00fancias de maus-tratos devem ser encaminhadas pelos telefones 153 (Guarda Civil Municipal)\u00a0ou 190 (Pol\u00edcia Militar).<\/p>\n<p>&#13;<br \/>\n&#13;<br \/>\n&#13;<br \/>\n&#13;<\/p>\n<aside class=\"list-related no-print\">&#13;<br \/>\n        &#13;<br \/>\n&#13;<\/p>\n<article class=\"list-item noticias \">&#13;<br \/>\n                    <a class=\"list-item__img\" href=\"https:\/\/limeira.sp.gov.br\/imprensa\/noticias\/meio-ambiente-e-agricultura\/feira-livre-noturnachega-ao-estadio-do-limeirao-na-proxima-semana\" tabindex=\"-1\" aria-hidden=\"true\" rel=\"noopener\">&#13;<br \/>\n                        <img data-recalc-dims=\"1\" decoding=\"async\" src=\"https:\/\/i0.wp.com\/ecrie.com.br\/sistema\/conteudos\/imagem\/m_137_0_1_02052024165347.jpg?w=696&#038;ssl=1\" alt=\"Feira Livre Noturna\u00a0chega ao Est\u00e1dio do Limeir\u00e3o na pr\u00f3xima semana\"\/>&#13;<br \/>\n                    <\/a>&#13;<br \/>\n&#13;<br \/>\n                &#13;<br \/>\n            <\/article>\n<p>&#13;<\/p>\n<article class=\"list-item noticias \">&#13;<br \/>\n                    <a class=\"list-item__img\" href=\"https:\/\/limeira.sp.gov.br\/imprensa\/noticias\/meio-ambiente-e-agricultura\/com-mais-de-120-pontos-de-coleta-campanhas-do-agasalho-e-agasalho-pet-sao-lancadas-em-limeira\" tabindex=\"-1\" aria-hidden=\"true\" rel=\"noopener\">&#13;<br \/>\n                        <img data-recalc-dims=\"1\" decoding=\"async\" src=\"https:\/\/i0.wp.com\/ecrie.com.br\/sistema\/conteudos\/imagem\/m_137_0_1_30042024173201.jpg?w=696&#038;ssl=1\" alt=\"Com mais de 120 pontos de coleta, campanhas do Agasalho e Agasalho PET s\u00e3o lan\u00e7adas em Limeira\"\/>&#13;<br \/>\n                    <\/a>&#13;<br \/>\n&#13;<br \/>\n                &#13;<br \/>\n            <\/article>\n<p>&#13;<\/p>\n<article class=\"list-item noticias \">&#13;<br \/>\n                    <a class=\"list-item__img\" href=\"https:\/\/limeira.sp.gov.br\/imprensa\/noticias\/meio-ambiente-e-agricultura\/dia-do-trabalho-altera-servicos-da-prefeitura-de-limeira\" tabindex=\"-1\" aria-hidden=\"true\" rel=\"noopener\">&#13;<br \/>\n                        <img data-recalc-dims=\"1\" decoding=\"async\" src=\"https:\/\/i0.wp.com\/ecrie.com.br\/sistema\/conteudos\/imagem\/m_137_0_1_29042024173843.jpg?w=696&#038;ssl=1\" alt=\"Dia do Trabalho altera servi\u00e7os da Prefeitura de Limeira\"\/>&#13;<br \/>\n                    <\/a>&#13;<br \/>\n&#13;<br \/>\n                &#13;<br \/>\n            <\/article>\n<p>&#13;<br \/>\n    <\/aside>\n<p>&#13;<br \/>\n&#13;<br \/>\n            <\/main><\/p><\/div>\n<p><br \/>\n<br \/><a href=\"https:\/\/limeira.sp.gov.br\/palestra-alerta-sobre-maus-tratos-e-crueldade-contra-animais-silvestres\" rel=\"noopener\">Informa\u00e7\u00f5es da PML <\/a><\/p>\n","protected":false},"excerpt":{"rendered":"<p>&#13; &#13; &#13; &#13; &#13; &#13; &#13; Servidores do Zool\u00f3gico Municipal participaram, no Centro de Educa\u00e7\u00e3o Ambiental do Horto Florestal, de palestra sobre maus-tratos e crueldade contra animais silvestres. O tema foi trabalhado pela campanha Abril Laranja, promovida pela Secretaria de Meio Ambiente e Agricultura de Limeira, por meio do Departamento de Educa\u00e7\u00e3o Ambiental.Na atividade, [&hellip;]<\/p>\n","protected":false},"author":1,"featured_media":3539,"comment_status":"open","ping_status":"open","sticky":false,"template":"","format":"standard","meta":{"_jetpack_newsletter_access":"","_jetpack_dont_email_post_to_subs":false,"_jetpack_newsletter_tier_id":0,"_jetpack_memberships_contains_paywalled_content":false,"_mbp_banners":[],"_jetpack_feature_clip_id":0,"_jetpack_memberships_contains_paid_content":false,"footnotes":"","jetpack_publicize_message":"","jetpack_publicize_feature_enabled":true,"jetpack_social_post_already_shared":true,"jetpack_social_options":{"image_generator_settings":{"template":"highway","default_image_id":0,"font":"","enabled":false},"version":2},"jetpack_post_was_ever_published":false},"categories":[16],"tags":[],"class_list":["post-3538","post","type-post","status-publish","format-standard","has-post-thumbnail","category-local"],"jetpack_publicize_connections":[],"jetpack-related-posts":[],"jetpack_shortlink":"https:\/\/wp.me\/p7Eq1F-V4","jetpack_sharing_enabled":true,"jetpack_featured_media_url":"https:\/\/i0.wp.com\/guialimeira.com.br\/news\/wp-content\/uploads\/2024\/05\/m_137_0_1_02052024162900.jpg?fit=900%2C506&ssl=1","_links":{"self":[{"href":"https:\/\/guialimeira.com.br\/news\/wp-json\/wp\/v2\/posts\/3538","targetHints":{"allow":["GET"]}}],"collection":[{"href":"https:\/\/guialimeira.com.br\/news\/wp-json\/wp\/v2\/posts"}],"about":[{"href":"https:\/\/guialimeira.com.br\/news\/wp-json\/wp\/v2\/types\/post"}],"author":[{"embeddable":true,"href":"https:\/\/guialimeira.com.br\/news\/wp-json\/wp\/v2\/users\/1"}],"replies":[{"embeddable":true,"href":"https:\/\/guialimeira.com.br\/news\/wp-json\/wp\/v2\/comments?post=3538"}],"version-history":[{"count":0,"href":"https:\/\/guialimeira.com.br\/news\/wp-json\/wp\/v2\/posts\/3538\/revisions"}],"wp:featuredmedia":[{"embeddable":true,"href":"https:\/\/guialimeira.com.br\/news\/wp-json\/wp\/v2\/media\/3539"}],"wp:attachment":[{"href":"https:\/\/guialimeira.com.br\/news\/wp-json\/wp\/v2\/media?parent=3538"}],"wp:term":[{"taxonomy":"category","embeddable":true,"href":"https:\/\/guialimeira.com.br\/news\/wp-json\/wp\/v2\/categories?post=3538"},{"taxonomy":"post_tag","embeddable":true,"href":"https:\/\/guialimeira.com.br\/news\/wp-json\/wp\/v2\/tags?post=3538"}],"curies":[{"name":"wp","href":"https:\/\/api.w.org\/{rel}","templated":true}]}}