{"id":35370,"date":"2025-06-06T08:25:01","date_gmt":"2025-06-06T11:25:01","guid":{"rendered":"https:\/\/guialimeira.com.br\/?p=35370"},"modified":"2025-06-06T08:25:04","modified_gmt":"2025-06-06T11:25:04","slug":"com-o-apoio-da-suzano-artesaosas-locais-marcam-presenca-na-festa-de-carioba-em-americana","status":"publish","type":"post","link":"https:\/\/guialimeira.com.br\/news\/com-o-apoio-da-suzano-artesaosas-locais-marcam-presenca-na-festa-de-carioba-em-americana\/","title":{"rendered":"Com o apoio da Suzano, artes\u00e3os(as) locais marcam presen\u00e7a na Festa de Carioba, em Americana"},"content":{"rendered":"\n<p class=\"wp-block-paragraph\"><em>A iniciativa faz parte do Espa\u00e7o Sustentabilidade, que abre espa\u00e7o para produtos de projetos sociais apoiados pela companhia e tamb\u00e9m celebra o anivers\u00e1rio da cidade<\/em><\/p>\n\n\n\n<p class=\"wp-block-paragraph\">Reafirmando seu compromisso com o desenvolvimento social, a Suzano, maior produtora mundial de celulose e refer\u00eancia global na fabrica\u00e7\u00e3o de bioprodutos desenvolvidos a partir do eucalipto, levar\u00e1 artes\u00e3os(\u00e3s) de projetos sociais apoiados pela companhia para a tradicional Festa de S\u00e3o Jo\u00e3o de Carioba, em Americana, um dos eventos juninos mais esperados na regi\u00e3o. A participa\u00e7\u00e3o se dar\u00e1 por meio do Espa\u00e7o Sustentabilidade, projeto desenvolvido pela Suzano em suas unidades, que funciona como uma esp\u00e9cie de feira, onde os(as) participantes tem a oportunidade de expor e vender seus produtos dentro da empresa. Nesta edi\u00e7\u00e3o, o espa\u00e7o tamb\u00e9m ganha um significado especial ao integrar as comemora\u00e7\u00f5es pelos 150 anos de Americana, refor\u00e7ando o compromisso da companhia com a valoriza\u00e7\u00e3o da cultura local e o fortalecimento da economia criativa.<\/p>\n\n\n\n<p class=\"wp-block-paragraph\">A iniciativa est\u00e1 conectada \u00e0 estrat\u00e9gia social da companhia, que tem como uma das metas de longo prazo contribuir para a retirada de 200 mil pessoas da linha da pobreza nas suas \u00e1reas de atua\u00e7\u00e3o at\u00e9 2030 e fortalecer o relacionamento com comunidades vizinhas \u00e0s suas opera\u00e7\u00f5es, promovendo o desenvolvimento socioecon\u00f4mico das regi\u00f5es.&nbsp; \u201cA Suzano tem o compromisso de contribuir com o desenvolvimento social nas comunidades onde atua e o Espa\u00e7o Sustentabilidade \u00e9 mais uma das nossas iniciativas para fortalecer esse prop\u00f3sito, refor\u00e7ando nosso direcionador que diz que s\u00f3 \u00e9 bom para n\u00f3s se for bom para o mundo. Participar de um evento com grande visibilidade, como a Festa de Carioba, permite que artes\u00e3os tenham acesso a um mercado mais amplo e novas oportunidades de neg\u00f3cios. O espa\u00e7o da Suzano funciona como uma vitrine, onde os participantes podem apresentar seus produtos e gerar renda\u201d, explica o coordenador de Relacionamento Social da Suzano, Adriano Martins.<\/p>\n\n\n\n<p class=\"wp-block-paragraph\">A Suzano tamb\u00e9m marcar\u00e1 presen\u00e7a na Festa de Carioba com seu copo de papel Bluecup\u00ae, que ser\u00e1 distribu\u00eddo ao p\u00fablico para o consumo de bebidas durante o evento. Inovador e sustent\u00e1vel, o Bluecup\u00ae \u00e9 feito a partir de eucaliptos cultivados para esse fim e se destaca por ser um material de fonte renov\u00e1vel, recicl\u00e1vel e biodegrad\u00e1vel.<\/p>\n\n\n\n<p class=\"wp-block-paragraph\">A Festa de Carioba ser\u00e1 realizada de 6 a 28 de junho e conta com uma programa\u00e7\u00e3o diversa, incluindo quermesses, shows musicais, comidas t\u00edpicas e atra\u00e7\u00f5es para toda a fam\u00edlia, unindo cultura, f\u00e9, tradi\u00e7\u00e3o e lazer em um ambiente festivo que re\u00fane milhares de moradores e visitantes todos os anos.<\/p>\n\n\n\n<p class=\"wp-block-paragraph\">Em 2025, ano em que Americana celebra seus 150 anos de hist\u00f3ria, a Suzano tem ampliado sua presen\u00e7a no munic\u00edpio por meio de investimentos e apoios a uma s\u00e9rie de eventos, projetos e programas culturais, sociais e esportivos locais. Entre as iniciativas apoiadas est\u00e3o a Feira do Meio Ambiente de Americana (FEAMA) e a tradicional Festa de Carioba. Essas a\u00e7\u00f5es refletem o compromisso da empresa em celebrar a trajet\u00f3ria e a identidade da cidade, fortalecendo os la\u00e7os com a comunidade que sempre a acolheu.&nbsp;Ao apoiar iniciativas como essas, a Suzano busca n\u00e3o apenas homenagear Americana, mas tamb\u00e9m contribuir ativamente para seu desenvolvimento cultural e social, refor\u00e7ando um relacionamento pautado em respeito, parceria e valoriza\u00e7\u00e3o m\u00fatua, demonstrando que crescer e evoluir junto com a cidade tamb\u00e9m faz parte do prop\u00f3sito da companhia.<\/p>\n\n\n\n<p class=\"wp-block-paragraph\"><strong>Espa\u00e7o Sustentabilidade<\/strong><\/p>\n\n\n\n<p class=\"wp-block-paragraph\">Na unidade Limeira, o Espa\u00e7o Sustentabilidade ocorre semanalmente \u00e0s ter\u00e7as-feiras, desde outubro de 2024, contando com grande n\u00famero de colaboradores frequentando o espa\u00e7o. A variedade de produtos expostos \u00e9 ampla e englobam itens de artesanato, como bordados, trabalhos em madeira, biscuits, bolsas e pe\u00e7as de vestu\u00e1rio; e produtos aliment\u00edcios como p\u00e3es, bolos, cookies, brownies e doces em geral; al\u00e9m de produtos ap\u00edcolas e derivados do mel.<\/p>\n\n\n\n<p class=\"wp-block-paragraph\">Al\u00e9m de Limeira, o Espa\u00e7o Sustentabilidade est\u00e1 presente de forma fixa tamb\u00e9m em outras tr\u00eas unidades da Suzano no estado de S\u00e3o Paulo: Jacare\u00ed, Suzano e Mogi das Cruzes.&nbsp;Em 2024, considerando todas as unidades, a iniciativa beneficiou diretamente 355 pessoas e gerou uma receita bruta de mais de R$ 200 mil. S\u00f3 em Limeira, no per\u00edodo de tr\u00eas meses, foram mais de R$ 13 mil em renda gerada, beneficiando diretamente 113 fam\u00edlias no ano passado.<\/p>\n\n\n\n<p class=\"wp-block-paragraph\">A empreendedora Mary Hellen Domingues da Silva, da saboaria artesanal Mary e Suas Marias, \u00e9 uma das participantes do Espa\u00e7o Sustentabilidade na Unidade Limeira. Moradora de Americana, ela relata os impactos positivos do projeto e a import\u00e2ncia da participa\u00e7\u00e3o na Festa de Carioba: \u201cParticipar do Espa\u00e7o Sustentabilidade tem sido uma experi\u00eancia transformadora. \u00c9 uma oportunidade \u00fanica de apresentar meu trabalho de forma sensorial e aut\u00eantica, criando conex\u00f5es com o p\u00fablico. Estar na Festa de Carioba representa um passo ainda maior, \u00e9 uma vitrine poderosa que vai ampliar nosso alcance e fortalecer nossa marca. Para n\u00f3s, pequenos artes\u00e3os, essa visibilidade \u00e9 fundamental, porque mesmo que a venda n\u00e3o aconte\u00e7a de imediato, o contato direto, o encantamento com os produtos e a lembran\u00e7a da marca podem gerar frutos no futuro. Estou animada com a participa\u00e7\u00e3o!\u201d, destaca.<\/p>\n\n\n\n<p class=\"wp-block-paragraph\"><strong>Sobre a Suzano<\/strong><\/p>\n\n\n\n<p class=\"wp-block-paragraph\">A Suzano \u00e9 a maior produtora mundial de celulose, uma das maiores produtoras de pap\u00e9is da Am\u00e9rica Latina, l\u00edder no segmento de papel higi\u00eanico no Brasil e refer\u00eancia no desenvolvimento de solu\u00e7\u00f5es sustent\u00e1veis e inovadoras a partir de mat\u00e9ria-prima de fonte renov\u00e1vel. Nossos produtos e solu\u00e7\u00f5es est\u00e3o presentes na vida de mais de 2 bilh\u00f5es de pessoas, abastecem mais de 100 pa\u00edses e incluem celulose; pap\u00e9is para imprimir e escrever; pap\u00e9is para embalagens, copos e canudos; pap\u00e9is sanit\u00e1rios e produtos absorventes; al\u00e9m de novos bioprodutos desenvolvidos para atender \u00e0 demanda global. A inova\u00e7\u00e3o e a sustentabilidade orientam nosso prop\u00f3sito de \u201cRenovar a vida a partir da \u00e1rvore\u201d e nosso trabalho no enfrentamento dos desafios da sociedade e do planeta. Com mais de 100 anos de hist\u00f3ria, temos a\u00e7\u00f5es nas bolsas do Brasil (SUZB3) e dos Estados Unidos (SUZ). Saiba mais na p\u00e1gina:&nbsp;<a href=\"http:\/\/www.suzano.com.br\/\" target=\"_blank\" rel=\"noreferrer noopener\">www.suzano.com.br<\/a>.<\/p>\n","protected":false},"excerpt":{"rendered":"<p>A iniciativa faz parte do Espa\u00e7o Sustentabilidade, que abre espa\u00e7o para produtos de projetos sociais apoiados pela companhia e tamb\u00e9m celebra o anivers\u00e1rio da cidade Reafirmando seu compromisso com o desenvolvimento social, a Suzano, maior produtora mundial de celulose e refer\u00eancia global na fabrica\u00e7\u00e3o de bioprodutos desenvolvidos a partir do eucalipto, levar\u00e1 artes\u00e3os(\u00e3s) de projetos [&hellip;]<\/p>\n","protected":false},"author":2,"featured_media":35371,"comment_status":"open","ping_status":"open","sticky":false,"template":"","format":"standard","meta":{"_jetpack_newsletter_access":"","_jetpack_dont_email_post_to_subs":false,"_jetpack_newsletter_tier_id":0,"_jetpack_memberships_contains_paywalled_content":false,"_mbp_banners":[],"_jetpack_feature_clip_id":0,"_jetpack_memberships_contains_paid_content":false,"footnotes":"","jetpack_publicize_message":"","jetpack_publicize_feature_enabled":true,"jetpack_social_post_already_shared":false,"jetpack_social_options":{"image_generator_settings":{"template":"highway","enabled":false},"version":2},"jetpack_post_was_ever_published":false},"categories":[16],"tags":[],"class_list":["post-35370","post","type-post","status-publish","format-standard","has-post-thumbnail","category-local"],"jetpack_publicize_connections":[],"jetpack-related-posts":[],"jetpack_shortlink":"https:\/\/wp.me\/p7Eq1F-9cu","jetpack_sharing_enabled":true,"jetpack_featured_media_url":"https:\/\/i0.wp.com\/guialimeira.com.br\/news\/wp-content\/uploads\/2025\/06\/Foto_Espaco-Sustentabilidade_Suzano_01.jpg?fit=1280%2C960&ssl=1","_links":{"self":[{"href":"https:\/\/guialimeira.com.br\/news\/wp-json\/wp\/v2\/posts\/35370","targetHints":{"allow":["GET"]}}],"collection":[{"href":"https:\/\/guialimeira.com.br\/news\/wp-json\/wp\/v2\/posts"}],"about":[{"href":"https:\/\/guialimeira.com.br\/news\/wp-json\/wp\/v2\/types\/post"}],"author":[{"embeddable":true,"href":"https:\/\/guialimeira.com.br\/news\/wp-json\/wp\/v2\/users\/2"}],"replies":[{"embeddable":true,"href":"https:\/\/guialimeira.com.br\/news\/wp-json\/wp\/v2\/comments?post=35370"}],"version-history":[{"count":2,"href":"https:\/\/guialimeira.com.br\/news\/wp-json\/wp\/v2\/posts\/35370\/revisions"}],"predecessor-version":[{"id":35373,"href":"https:\/\/guialimeira.com.br\/news\/wp-json\/wp\/v2\/posts\/35370\/revisions\/35373"}],"wp:featuredmedia":[{"embeddable":true,"href":"https:\/\/guialimeira.com.br\/news\/wp-json\/wp\/v2\/media\/35371"}],"wp:attachment":[{"href":"https:\/\/guialimeira.com.br\/news\/wp-json\/wp\/v2\/media?parent=35370"}],"wp:term":[{"taxonomy":"category","embeddable":true,"href":"https:\/\/guialimeira.com.br\/news\/wp-json\/wp\/v2\/categories?post=35370"},{"taxonomy":"post_tag","embeddable":true,"href":"https:\/\/guialimeira.com.br\/news\/wp-json\/wp\/v2\/tags?post=35370"}],"curies":[{"name":"wp","href":"https:\/\/api.w.org\/{rel}","templated":true}]}}