{"id":3533,"date":"2024-05-02T22:10:45","date_gmt":"2024-05-03T01:10:45","guid":{"rendered":"https:\/\/guialimeira.com.br\/2024\/05\/02\/brasil-se-declara-livre-de-febre-aftosa-sem-vacinacao\/"},"modified":"2024-05-02T22:10:45","modified_gmt":"2024-05-03T01:10:45","slug":"brasil-se-declara-livre-de-febre-aftosa-sem-vacinacao","status":"publish","type":"post","link":"https:\/\/guialimeira.com.br\/news\/brasil-se-declara-livre-de-febre-aftosa-sem-vacinacao\/","title":{"rendered":"Brasil se declara livre de febre aftosa sem vacina\u00e7\u00e3o"},"content":{"rendered":"<p> <br \/>\n<\/p>\n<div>\n<p>O governo federal informou nesta quinta-feira (2) que o Brasil se tornou um pa\u00eds livre de febre aftosa sem vacina\u00e7\u00e3o animal. O an\u00fancio foi feito pelo ministro da Agricultura e Pecu\u00e1ria, Carlos F\u00e1varo, e pelo vice-presidente e ministro do Desenvolvimento, Ind\u00fastria e Com\u00e9rcio, Geraldo Alckmin. A autodeclara\u00e7\u00e3o ocorre ap\u00f3s o fim da \u00faltima campanha nacional de imuniza\u00e7\u00e3o contra a febre aftosa em 12 unidades da Federa\u00e7\u00e3o e em parte do Amazonas.<img data-recalc-dims=\"1\" decoding=\"async\" src=\"https:\/\/i0.wp.com\/agenciabrasil.ebc.com.br\/ebc.png?w=696&#038;ssl=1\" style=\"width:1px; height:1px; display:inline;\"\/><img data-recalc-dims=\"1\" decoding=\"async\" src=\"https:\/\/i0.wp.com\/agenciabrasil.ebc.com.br\/ebc.gif?w=696&#038;ssl=1\" style=\"width:1px; height:1px; display:inline;\"\/><\/p>\n<p>\u201cO Brasil sobe para o degrau de cima da sanidade animal, t\u00e3o almejada. Os mercados mais exigentes e mais remuneradores v\u00e3o estar abertos para o Brasil&#8221;, celebrou F\u00e1varo. Segundo ele, a medida abre caminho para que o Brasil possa exportar carne bovina para pa\u00edses como<a href=\"https:\/\/agenciabrasil.ebc.com.br\/politica\/noticia\/2024-05\/lula-pedira-ao-japao-acesso-ao-mercado-de-carne-bovina-do-pais\" target=\"_blank\" rel=\"noopener\"> Jap\u00e3o<\/a>\u00a0e Coreia do Sul, por exemplo, que s\u00f3 compram de mercados livres da doen\u00e7a\u00a0sem vacina\u00e7\u00e3o.<\/p>\n<p>&#8220;Hoje \u00e9 um dia hist\u00f3rico, porque sempre o Brasil sonhou em ser um pa\u00eds livre de febre aftosa sem vacina\u00e7\u00e3o, ou seja, um est\u00e1gio bem avan\u00e7ado de sanidade animal e boa defesa agropecu\u00e1ria&#8221;, afirmou o vice-presidente Geraldo Alckmin.<\/p>\n<p>A pr\u00f3xima etapa consiste na apresenta\u00e7\u00e3o de documenta\u00e7\u00e3o para Organiza\u00e7\u00e3o Mundial de Sa\u00fade Animal (OMSA), que \u00e9 quem tem poder para reconhecer o novo status sanit\u00e1rio do pa\u00eds.<\/p>\n<p>Para conceder a declara\u00e7\u00e3o de pa\u00eds livre da febre aftosa sem vacina\u00e7\u00e3o, a OMSA exige a suspens\u00e3o da vacina\u00e7\u00e3o contra a febre aftosa e a proibi\u00e7\u00e3o de ingresso de animais vacinados nos estados por, pelo menos, 12 meses. O Brasil deve apresentar o pleito em agosto deste ano. J\u00e1 o resultado, se aprovado, ser\u00e1 apresentado em maio de 2025, durante assembleia geral da entidade.<\/p>\n<p>Atualmente, no Brasil, somente os estados de Santa Catarina, Paran\u00e1, Rio Grande do Sul, Acre, Rond\u00f4nia e partes do Amazonas e do Mato Grosso t\u00eam o reconhecimento internacional de zona livre de febre aftosa sem vacina\u00e7\u00e3o pela OMSA.<\/p>\n<p>Ao todo, segundo o Minist\u00e9rio da Agricultura e Pecu\u00e1ria, mais de 244 milh\u00f5es de bovinos e bubalinos em cerca de 3,2 milh\u00f5es de propriedades deixar\u00e3o de ser vacinados contra a doen\u00e7a, trazendo uma redu\u00e7\u00e3o de custo direta, com a aplica\u00e7\u00e3o da vacina, de mais de R$ 500 milh\u00f5es.<\/p>\n<p>O ciclo de vacina\u00e7\u00e3o de bovinos e bubalinos contra a febre aftosa no Brasil come\u00e7ou h\u00e1 mais de 50 anos e o \u00faltimo registro da doen\u00e7a ocorreu em 2006. O fim da vacina\u00e7\u00e3o exigir\u00e1 protocolos mais r\u00edgidos de controle sanit\u00e1rio por parte dos estados, enfatizou o ministro Carlos F\u00e1varo.<\/p>\n<p>A carne \u00e9 o quarto principal item da pauta de exporta\u00e7\u00f5es brasileira, atr\u00e1s apenas da soja, petr\u00f3leo bruto e min\u00e9rio de ferro. \u00a0<\/p>\n<\/p><\/div>\n<p><br \/>\n<br \/><a href=\"https:\/\/agenciabrasil.ebc.com.br\/economia\/noticia\/2024-05\/brasil-se-declara-livre-de-febre-aftosa-sem-vacinacao\" rel=\"noopener\">Ag\u00eancia Brasil<\/a><\/p>\n","protected":false},"excerpt":{"rendered":"<p>O governo federal informou nesta quinta-feira (2) que o Brasil se tornou um pa\u00eds livre de febre aftosa sem vacina\u00e7\u00e3o animal. O an\u00fancio foi feito pelo ministro da Agricultura e Pecu\u00e1ria, Carlos F\u00e1varo, e pelo vice-presidente e ministro do Desenvolvimento, Ind\u00fastria e Com\u00e9rcio, Geraldo Alckmin. A autodeclara\u00e7\u00e3o ocorre ap\u00f3s o fim da \u00faltima campanha nacional [&hellip;]<\/p>\n","protected":false},"author":1,"featured_media":3534,"comment_status":"open","ping_status":"open","sticky":false,"template":"","format":"standard","meta":{"_jetpack_newsletter_access":"","_jetpack_dont_email_post_to_subs":false,"_jetpack_newsletter_tier_id":0,"_jetpack_memberships_contains_paywalled_content":false,"_mbp_banners":[],"_jetpack_feature_clip_id":0,"_jetpack_memberships_contains_paid_content":false,"footnotes":"","jetpack_publicize_message":"","jetpack_publicize_feature_enabled":true,"jetpack_social_post_already_shared":true,"jetpack_social_options":{"image_generator_settings":{"template":"highway","default_image_id":0,"font":"","enabled":false},"version":2},"jetpack_post_was_ever_published":false},"categories":[24],"tags":[],"class_list":["post-3533","post","type-post","status-publish","format-standard","has-post-thumbnail","category-economia"],"jetpack_publicize_connections":[],"jetpack-related-posts":[],"jetpack_shortlink":"https:\/\/wp.me\/p7Eq1F-UZ","jetpack_sharing_enabled":true,"jetpack_featured_media_url":"https:\/\/i0.wp.com\/guialimeira.com.br\/news\/wp-content\/uploads\/2024\/05\/0452ab20-0461-4907-90d5-abcc6a52c197.jpeg?fit=1600%2C800&ssl=1","_links":{"self":[{"href":"https:\/\/guialimeira.com.br\/news\/wp-json\/wp\/v2\/posts\/3533","targetHints":{"allow":["GET"]}}],"collection":[{"href":"https:\/\/guialimeira.com.br\/news\/wp-json\/wp\/v2\/posts"}],"about":[{"href":"https:\/\/guialimeira.com.br\/news\/wp-json\/wp\/v2\/types\/post"}],"author":[{"embeddable":true,"href":"https:\/\/guialimeira.com.br\/news\/wp-json\/wp\/v2\/users\/1"}],"replies":[{"embeddable":true,"href":"https:\/\/guialimeira.com.br\/news\/wp-json\/wp\/v2\/comments?post=3533"}],"version-history":[{"count":0,"href":"https:\/\/guialimeira.com.br\/news\/wp-json\/wp\/v2\/posts\/3533\/revisions"}],"wp:featuredmedia":[{"embeddable":true,"href":"https:\/\/guialimeira.com.br\/news\/wp-json\/wp\/v2\/media\/3534"}],"wp:attachment":[{"href":"https:\/\/guialimeira.com.br\/news\/wp-json\/wp\/v2\/media?parent=3533"}],"wp:term":[{"taxonomy":"category","embeddable":true,"href":"https:\/\/guialimeira.com.br\/news\/wp-json\/wp\/v2\/categories?post=3533"},{"taxonomy":"post_tag","embeddable":true,"href":"https:\/\/guialimeira.com.br\/news\/wp-json\/wp\/v2\/tags?post=3533"}],"curies":[{"name":"wp","href":"https:\/\/api.w.org\/{rel}","templated":true}]}}