{"id":35319,"date":"2025-06-05T18:11:42","date_gmt":"2025-06-05T21:11:42","guid":{"rendered":"https:\/\/guialimeira.com.br\/2025\/06\/05\/numero-1-do-mundo-sabalenka-avanca-a-final-inedita-em-roland-garros\/"},"modified":"2025-06-05T18:11:42","modified_gmt":"2025-06-05T21:11:42","slug":"numero-1-do-mundo-sabalenka-avanca-a-final-inedita-em-roland-garros","status":"publish","type":"post","link":"https:\/\/guialimeira.com.br\/news\/numero-1-do-mundo-sabalenka-avanca-a-final-inedita-em-roland-garros\/","title":{"rendered":"N\u00famero 1 do mundo, Sabalenka avan\u00e7a \u00e0 final in\u00e9dita em Roland Garros"},"content":{"rendered":"<p> <br \/>\n<\/p>\n<div>\n<p>A tenista n\u00famero um do mundo, Aryna Sabalenka, uma especialista em quadras duras, ouviu durante anos que as quadras de saibro n\u00e3o eram para ela, mas, nesta quinta-feira (5), depois de chegar \u00e0 sua primeira final de Roland Garros, ela disse que vencer o Aberto da Fran\u00e7a teria um significado muito especial.<img data-recalc-dims=\"1\" decoding=\"async\" src=\"https:\/\/i0.wp.com\/agenciabrasil.ebc.com.br\/ebc.png?w=696&#038;ssl=1\" style=\"width:1px; height:1px; display:inline;\"\/><img data-recalc-dims=\"1\" decoding=\"async\" src=\"https:\/\/i0.wp.com\/agenciabrasil.ebc.com.br\/ebc.gif?w=696&#038;ssl=1\" style=\"width:1px; height:1px; display:inline;\"\/><\/p>\n<p>Sabalenka superou a tetracampe\u00e3 Iga Swiatek em tr\u00eas sets para conquistar um lugar na partida decisiva, no s\u00e1bado.<\/p>\n<p>A cole\u00e7\u00e3o de tr\u00eas t\u00edtulos de Grand Slam de Sabalenka inclui conquistas consecutivas do Aberto da Austr\u00e1lia em 2023 e 2024, al\u00e9m do t\u00edtulo do Aberto dos EUA no ano passado. Ambos os torneios s\u00e3o disputados em quadras duras, que se encaixam perfeitamente com o jogo de for\u00e7a e velocidade da bielorrussa.<\/p>\n<blockquote>\n<p>&#8220;Bem, isso vai significar tudo para mim e para a minha equipe, porque tenho que dizer que quase toda a minha vida me disseram que essa (quadra de saibro) n\u00e3o \u00e9 a minha praia, e ent\u00e3o eu n\u00e3o tinha nenhuma confian\u00e7a&#8221;, disse ela em entrevista coletiva.\u00a0&#8220;No passado, n\u00e3o sei por quantos anos, conseguimos desenvolver muito meu jogo, ent\u00e3o me sinto muito confort\u00e1vel nessa superf\u00edcie e realmente gosto de jogar no saibro&#8221;, acrescentou.<\/p>\n<\/blockquote>\n<blockquote class=\"twitter-tweet\">\n<p dir=\"ltr\" lang=\"en\" xml:lang=\"en\">THE TIGER TAKES OUT THE DEFENDING CHAMP OUT \ud83d\udc2f<a href=\"https:\/\/twitter.com\/hashtag\/RolandGarros?src=hash&amp;ref_src=twsrc%5Etfw\" rel=\"noopener\">#RolandGarros<\/a> <a href=\"https:\/\/t.co\/6NAsOwx2Yb\">pic.twitter.com\/6NAsOwx2Yb<\/a><\/p>\n<p>\u2014 Roland-Garros (@rolandgarros) <a href=\"https:\/\/twitter.com\/rolandgarros\/status\/1930648866203832719?ref_src=twsrc%5Etfw\" rel=\"noopener\">June 5, 2025<\/a><\/p><\/blockquote>\n<p>Sabalenka, que havia chegado \u00e0s semifinais em Paris apenas uma vez antes, em 2023, venceu o terceiro set e ganhou 19 dos \u00faltimos 21 pontos para derrotar sua advers\u00e1ria por 7-6(1), 4-6 e 6-0.<\/p>\n<p>Ela enfrentar\u00e1 a n\u00famero dois do mundo, Coco Gauff, que passou com facilidade pela francesa Lois Boisson em sets diretos. A norte-americana, semifinalista no ano passado, tamb\u00e9m chegou \u00e0 final em 2022.<\/p>\n<blockquote>\n<p>&#8220;Se eu conseguir ganhar esse trof\u00e9u, isso ser\u00e1 muito importante&#8221;, disse ela. &#8220;Estou pronta para a final e para lutar, lutar por cada ponto e dar tudo o que tenho para dar para conseguir a vit\u00f3ria.&#8221;<\/p>\n<\/blockquote>\n<p><em><strong>* \u00c9 proibida a reprodu\u00e7\u00e3o deste conte\u00fado.<\/strong><\/em><\/p>\n<p>      <!-- Relacionada --><\/p>\n<p>            <!-- Relacionada -->\n    <\/div>\n<p><script async src=\"\/\/platform.twitter.com\/widgets.js\" charset=\"utf-8\"><\/script><br \/>\n<br \/><br \/>\n<br \/><a href=\"https:\/\/agenciabrasil.ebc.com.br\/esportes\/noticia\/2025-06\/numero-1-do-mundo-sabalenka-avanca-final-inedita-em-roland-garros\" rel=\"noopener\">Ag\u00eancia Brasil<\/a><\/p>\n","protected":false},"excerpt":{"rendered":"<p>A tenista n\u00famero um do mundo, Aryna Sabalenka, uma especialista em quadras duras, ouviu durante anos que as quadras de saibro n\u00e3o eram para ela, mas, nesta quinta-feira (5), depois de chegar \u00e0 sua primeira final de Roland Garros, ela disse que vencer o Aberto da Fran\u00e7a teria um significado muito especial. Sabalenka superou a [&hellip;]<\/p>\n","protected":false},"author":1,"featured_media":35320,"comment_status":"open","ping_status":"open","sticky":false,"template":"","format":"standard","meta":{"_jetpack_newsletter_access":"","_jetpack_dont_email_post_to_subs":false,"_jetpack_newsletter_tier_id":0,"_jetpack_memberships_contains_paywalled_content":false,"_mbp_banners":[],"_jetpack_feature_clip_id":0,"_jetpack_memberships_contains_paid_content":false,"footnotes":"","jetpack_publicize_message":"","jetpack_publicize_feature_enabled":true,"jetpack_social_post_already_shared":true,"jetpack_social_options":{"image_generator_settings":{"template":"highway","default_image_id":0,"font":"","enabled":false},"version":2},"jetpack_post_was_ever_published":false},"categories":[23],"tags":[],"class_list":["post-35319","post","type-post","status-publish","format-standard","has-post-thumbnail","category-esportes"],"jetpack_publicize_connections":[],"jetpack-related-posts":[],"jetpack_shortlink":"https:\/\/wp.me\/p7Eq1F-9bF","jetpack_sharing_enabled":true,"jetpack_featured_media_url":"https:\/\/i0.wp.com\/guialimeira.com.br\/news\/wp-content\/uploads\/2025\/06\/iryna_sabalenka_finalista_roland_garros_2025.jpg?fit=1600%2C800&ssl=1","_links":{"self":[{"href":"https:\/\/guialimeira.com.br\/news\/wp-json\/wp\/v2\/posts\/35319","targetHints":{"allow":["GET"]}}],"collection":[{"href":"https:\/\/guialimeira.com.br\/news\/wp-json\/wp\/v2\/posts"}],"about":[{"href":"https:\/\/guialimeira.com.br\/news\/wp-json\/wp\/v2\/types\/post"}],"author":[{"embeddable":true,"href":"https:\/\/guialimeira.com.br\/news\/wp-json\/wp\/v2\/users\/1"}],"replies":[{"embeddable":true,"href":"https:\/\/guialimeira.com.br\/news\/wp-json\/wp\/v2\/comments?post=35319"}],"version-history":[{"count":0,"href":"https:\/\/guialimeira.com.br\/news\/wp-json\/wp\/v2\/posts\/35319\/revisions"}],"wp:featuredmedia":[{"embeddable":true,"href":"https:\/\/guialimeira.com.br\/news\/wp-json\/wp\/v2\/media\/35320"}],"wp:attachment":[{"href":"https:\/\/guialimeira.com.br\/news\/wp-json\/wp\/v2\/media?parent=35319"}],"wp:term":[{"taxonomy":"category","embeddable":true,"href":"https:\/\/guialimeira.com.br\/news\/wp-json\/wp\/v2\/categories?post=35319"},{"taxonomy":"post_tag","embeddable":true,"href":"https:\/\/guialimeira.com.br\/news\/wp-json\/wp\/v2\/tags?post=35319"}],"curies":[{"name":"wp","href":"https:\/\/api.w.org\/{rel}","templated":true}]}}