{"id":3530,"date":"2024-05-02T21:49:43","date_gmt":"2024-05-03T00:49:43","guid":{"rendered":"https:\/\/guialimeira.com.br\/2024\/05\/02\/aberta-a-13a-edicao-dos-jogos-interpira-cerca-de-2-000-atletas-disputarao-as-partidas-portal-do-municipio-de-piracicaba\/"},"modified":"2024-05-02T21:49:43","modified_gmt":"2024-05-03T00:49:43","slug":"aberta-a-13a-edicao-dos-jogos-interpira-cerca-de-2-000-atletas-disputarao-as-partidas-portal-do-municipio-de-piracicaba","status":"publish","type":"post","link":"https:\/\/guialimeira.com.br\/news\/aberta-a-13a-edicao-dos-jogos-interpira-cerca-de-2-000-atletas-disputarao-as-partidas-portal-do-municipio-de-piracicaba\/","title":{"rendered":"Aberta a 13\u00aa edi\u00e7\u00e3o dos\u00a0Jogos Interpira;\u00a0cerca de 2.000\u00a0atletas disputar\u00e3o as partidas \u2013 Portal do Munic\u00edpio de Piracicaba"},"content":{"rendered":"<p> <br \/>\n<\/p>\n<div>\n<p><em>Evento tem organiza\u00e7\u00e3o da Prefeitura, por meio da<\/em><em>\u00a0Selam,\u00a0<\/em><em>e vai reunir cerca de 2.000 atletas\u00a0<\/em><em>da Esalq, FOP, EEP, Fatec, IFSP, Anhanguera e Anhembi\/Morumbi<\/em><\/p>\n<div class=\"wp-block-image\">\n<figure class=\"aligncenter size-large\"><img data-recalc-dims=\"1\" fetchpriority=\"high\" decoding=\"async\" width=\"696\" height=\"431\" src=\"https:\/\/i0.wp.com\/piracicaba.sp.gov.br\/wp-content\/uploads\/2024\/05\/Secretaria-da-Selam-a-Branca-na-abertura-da-13a-edicao-do-Interpira-1024x634.jpeg?resize=696%2C431&#038;ssl=1\" alt=\"\" class=\"wp-image-78309\" srcset=\"https:\/\/piracicaba.sp.gov.br\/wp-content\/uploads\/2024\/05\/Secretaria-da-Selam-a-Branca-na-abertura-da-13a-edicao-do-Interpira-1024x634.jpeg 1024w, https:\/\/piracicaba.sp.gov.br\/wp-content\/uploads\/2024\/05\/Secretaria-da-Selam-a-Branca-na-abertura-da-13a-edicao-do-Interpira-300x186.jpeg 300w, https:\/\/piracicaba.sp.gov.br\/wp-content\/uploads\/2024\/05\/Secretaria-da-Selam-a-Branca-na-abertura-da-13a-edicao-do-Interpira-768x476.jpeg 768w, https:\/\/piracicaba.sp.gov.br\/wp-content\/uploads\/2024\/05\/Secretaria-da-Selam-a-Branca-na-abertura-da-13a-edicao-do-Interpira.jpeg 1280w\" sizes=\"(max-width: 1024px) 100vw, 1024px\"\/><figcaption class=\"wp-element-caption\"><strong>Secret\u00e1ria da Selam, a Branca, na abertura da 13\u00aa edi\u00e7\u00e3o do Interpira<\/strong><\/figcaption><\/figure>\n<\/div>\n<p>Com a organiza\u00e7\u00e3o da Prefeitura, por meio da Selam (Secretaria de Esportes, Lazer e Atividades Motoras), a 13\u00aa edi\u00e7\u00e3o dos Jogos Interpira foi aberta oficialmente na manh\u00e3 de ontem, dia 1\u00ba\/05, no Gin\u00e1sio Municipal de Esportes Waldemar Blatkauskas.<\/p>\n<p>Os Jogos Interpira s\u00e3o competi\u00e7\u00f5es poliesportivas organizadas pelas associa\u00e7\u00f5es atl\u00e9ticas Acad\u00eamicas da Esalq\/USP (Escola Superior de Agricultura Luiz de Queiroz), FOP\/Unicamp (Faculdade de Odontologia de Piracicaba), EEP (Escola de Engenharia de Piracicaba), Fatec Piracicaba (Faculdade de Tecnologia), IFSP (Instituto Federal \u2013 Piracicaba), Faculdade Anhanguera Campus Piracicaba e a Universidade de Medicina Anhembi\/Morumbi.<\/p>\n<div class=\"wp-block-image\">\n<figure class=\"aligncenter size-large\"><img data-recalc-dims=\"1\" loading=\"lazy\" decoding=\"async\" width=\"696\" height=\"612\" src=\"https:\/\/i0.wp.com\/piracicaba.sp.gov.br\/wp-content\/uploads\/2024\/05\/O-juramento-do-atleta-foi-conduzido-pela-aluna-de-Medicina-da-Faculdade-Anhembi-Morumbi-Ane-Caroline-Brito-1024x900.jpeg?resize=696%2C612&#038;ssl=1\" alt=\"\" class=\"wp-image-78310\" srcset=\"https:\/\/piracicaba.sp.gov.br\/wp-content\/uploads\/2024\/05\/O-juramento-do-atleta-foi-conduzido-pela-aluna-de-Medicina-da-Faculdade-Anhembi-Morumbi-Ane-Caroline-Brito-1024x900.jpeg 1024w, https:\/\/piracicaba.sp.gov.br\/wp-content\/uploads\/2024\/05\/O-juramento-do-atleta-foi-conduzido-pela-aluna-de-Medicina-da-Faculdade-Anhembi-Morumbi-Ane-Caroline-Brito-300x264.jpeg 300w, https:\/\/piracicaba.sp.gov.br\/wp-content\/uploads\/2024\/05\/O-juramento-do-atleta-foi-conduzido-pela-aluna-de-Medicina-da-Faculdade-Anhembi-Morumbi-Ane-Caroline-Brito-768x675.jpeg 768w, https:\/\/piracicaba.sp.gov.br\/wp-content\/uploads\/2024\/05\/O-juramento-do-atleta-foi-conduzido-pela-aluna-de-Medicina-da-Faculdade-Anhembi-Morumbi-Ane-Caroline-Brito.jpeg 1092w\" sizes=\"auto, (max-width: 1024px) 100vw, 1024px\"\/><figcaption class=\"wp-element-caption\"><strong>O juramento do atleta foi conduzido pela aluna de Medicina da Faculdade Anhembi Morumbi Ane Caroline Brito.<\/strong><\/figcaption><\/figure>\n<\/div>\n<p>Neste ano de 2024 o Interpira re\u00fane cerca de 2.000 estudantes universit\u00e1rios em jogos disputados nas modalidades de futsal masculino e feminino, basquete masculino e feminino, handebol masculino e feminino, v\u00f4lei masculino e feminino, futebol de campo masculino, t\u00eanis de mesa masculino e feminino e truco.<\/p>\n<p>A solenidade de abertura dos Jogos Interpira 2024 contou com a presen\u00e7a da secret\u00e1ria da Selam, Maria Ang\u00e9lica Gon\u00e7alves da Silva, a Branca, que abriu oficialmente as competi\u00e7\u00f5es. \u201cO Interpira \u00e9 uma competi\u00e7\u00e3o poliesportiva em que os alunos t\u00eam a oportunidade de praticar o esporte em cinco dias de disputas e viver a alegria, a uni\u00e3o e o congra\u00e7amento entre v\u00e1rias universidades de nosso munic\u00edpio\u201d, disse.<\/p>\n<div class=\"wp-block-image\">\n<figure class=\"aligncenter size-large\"><img data-recalc-dims=\"1\" loading=\"lazy\" decoding=\"async\" width=\"696\" height=\"430\" src=\"https:\/\/i0.wp.com\/piracicaba.sp.gov.br\/wp-content\/uploads\/2024\/05\/Diretores-e-responsaveis-pelas-universidades-participantes-do-Interpira-2024-1024x633.jpeg?resize=696%2C430&#038;ssl=1\" alt=\"\" class=\"wp-image-78311\" srcset=\"https:\/\/piracicaba.sp.gov.br\/wp-content\/uploads\/2024\/05\/Diretores-e-responsaveis-pelas-universidades-participantes-do-Interpira-2024-1024x633.jpeg 1024w, https:\/\/piracicaba.sp.gov.br\/wp-content\/uploads\/2024\/05\/Diretores-e-responsaveis-pelas-universidades-participantes-do-Interpira-2024-300x186.jpeg 300w, https:\/\/piracicaba.sp.gov.br\/wp-content\/uploads\/2024\/05\/Diretores-e-responsaveis-pelas-universidades-participantes-do-Interpira-2024-768x475.jpeg 768w, https:\/\/piracicaba.sp.gov.br\/wp-content\/uploads\/2024\/05\/Diretores-e-responsaveis-pelas-universidades-participantes-do-Interpira-2024.jpeg 1138w\" sizes=\"auto, (max-width: 1024px) 100vw, 1024px\"\/><figcaption class=\"wp-element-caption\"><strong>Diretores e respons\u00e1veis pelas universidades participantes do Interpira 2024<\/strong><\/figcaption><\/figure>\n<\/div>\n<p>O evento tamb\u00e9m contou com a presen\u00e7a do subinspetor Jos\u00e9 Claudinei Canova, representando o comandante da Guarda Civil, Sidney Miguel da Silva Nunes, e do diretor da IFSP (Instituto Federal de Educa\u00e7\u00e3o, Ci\u00eancia e Tecnologia Campus Piracicaba) Aguinaldo Luiz de Barros Lorandi, da professora Tabata Graciano Cunha, m\u00e9dica obstetra e representante da Universidade Anhembi Morumbi, diretor da Fatec Piracicaba, Jos\u00e9 Alberto Florentino Rodrigues Filho, do coordenador da EEP, Edson Waldemir Pigoretti, de Luciano Mendes, prefeito da Esalq\/USP, da professora Karina Gonzales Silv\u00e9rio Ruiz, vice-diretora da FOP, e de Rafael Frateschi de Lima, diretor da Fatec (Faculdade de Tecnologia de Piracicaba).<\/p>\n<div class=\"wp-block-image\">\n<figure class=\"aligncenter size-large\"><img data-recalc-dims=\"1\" loading=\"lazy\" decoding=\"async\" width=\"696\" height=\"591\" src=\"https:\/\/i0.wp.com\/piracicaba.sp.gov.br\/wp-content\/uploads\/2024\/05\/Hino-Nacional-do-Brasil-na-abertura-da-13a-edicao-dos-Jogos-Interpira-1024x870.jpeg?resize=696%2C591&#038;ssl=1\" alt=\"\" class=\"wp-image-78312\" srcset=\"https:\/\/piracicaba.sp.gov.br\/wp-content\/uploads\/2024\/05\/Hino-Nacional-do-Brasil-na-abertura-da-13a-edicao-dos-Jogos-Interpira-1024x870.jpeg 1024w, https:\/\/piracicaba.sp.gov.br\/wp-content\/uploads\/2024\/05\/Hino-Nacional-do-Brasil-na-abertura-da-13a-edicao-dos-Jogos-Interpira-300x255.jpeg 300w, https:\/\/piracicaba.sp.gov.br\/wp-content\/uploads\/2024\/05\/Hino-Nacional-do-Brasil-na-abertura-da-13a-edicao-dos-Jogos-Interpira-768x653.jpeg 768w, https:\/\/piracicaba.sp.gov.br\/wp-content\/uploads\/2024\/05\/Hino-Nacional-do-Brasil-na-abertura-da-13a-edicao-dos-Jogos-Interpira.jpeg 1280w\" sizes=\"auto, (max-width: 1024px) 100vw, 1024px\"\/><figcaption class=\"wp-element-caption\"><strong>Hino Nacional do Brasil na abertura da 13\u00aa edi\u00e7\u00e3o dos Jogos Interpira<\/strong><\/figcaption><\/figure>\n<\/div>\n<p>O ponto alto da solenidade de abertura foi o acendimento da pira ol\u00edmpica, realizado pelo atleta Luiz Arthur Ferrarez, que comanda a equipe de handebol da FOP\/Unicamp h\u00e1 tr\u00eas anos. O juramento do atleta foi conduzido pela aluna do s\u00e9timo semestre de Medicina da Faculdade Anhembi Morumbi, Ane Caroline Brito.<\/p>\n<p>Ap\u00f3s a solenidade de abertura da 13\u00aa edi\u00e7\u00e3o dos Jogos Interpira iniciou-se o cronograma das competi\u00e7\u00f5es que seguem at\u00e9 o pr\u00f3ximo domingo, dia 5 de maio, em diversas pra\u00e7as esportivas do munic\u00edpio. Para saber mais \u00e9 s\u00f3 acessar o Instagram:\u00a0<a href=\"https:\/\/www.instagram.com\/interpira_oficial\/\" target=\"_blank\" rel=\"noreferrer noopener\">https:\/\/www.instagram.com\/interpira_oficial\/<\/a><\/p>\n<\/div>\n<p><script async src=\"\/\/www.instagram.com\/embed.js\"><\/script><br \/>\n<br \/><br \/>\n<br \/><a href=\"https:\/\/piracicaba.sp.gov.br\/noticias\/aberta-a-13a-edicao-dos-jogos-interpira-cerca-de-2-000-atletas-disputarao-as-partidas\/\" rel=\"noopener\">Informa\u00e7\u00f5es PMP <\/a><\/p>\n","protected":false},"excerpt":{"rendered":"<p>Evento tem organiza\u00e7\u00e3o da Prefeitura, por meio da\u00a0Selam,\u00a0e vai reunir cerca de 2.000 atletas\u00a0da Esalq, FOP, EEP, Fatec, IFSP, Anhanguera e Anhembi\/Morumbi Secret\u00e1ria da Selam, a Branca, na abertura da 13\u00aa edi\u00e7\u00e3o do Interpira Com a organiza\u00e7\u00e3o da Prefeitura, por meio da Selam (Secretaria de Esportes, Lazer e Atividades Motoras), a 13\u00aa edi\u00e7\u00e3o dos Jogos [&hellip;]<\/p>\n","protected":false},"author":1,"featured_media":3531,"comment_status":"open","ping_status":"open","sticky":false,"template":"","format":"standard","meta":{"_jetpack_newsletter_access":"","_jetpack_dont_email_post_to_subs":false,"_jetpack_newsletter_tier_id":0,"_jetpack_memberships_contains_paywalled_content":false,"_mbp_banners":[],"_jetpack_feature_clip_id":0,"_jetpack_memberships_contains_paid_content":false,"footnotes":"","jetpack_publicize_message":"","jetpack_publicize_feature_enabled":true,"jetpack_social_post_already_shared":true,"jetpack_social_options":{"image_generator_settings":{"template":"highway","default_image_id":0,"font":"","enabled":false},"version":2},"jetpack_post_was_ever_published":false},"categories":[20],"tags":[],"class_list":["post-3530","post","type-post","status-publish","format-standard","has-post-thumbnail","category-regiao"],"jetpack_publicize_connections":[],"jetpack-related-posts":[],"jetpack_shortlink":"https:\/\/wp.me\/p7Eq1F-UW","jetpack_sharing_enabled":true,"jetpack_featured_media_url":"https:\/\/i0.wp.com\/guialimeira.com.br\/news\/wp-content\/uploads\/2024\/05\/Secretaria-da-Selam-a-Branca-na-abertura-da-13a-edicao-do-Interpira-1024x634.jpeg?fit=1024%2C634&ssl=1","_links":{"self":[{"href":"https:\/\/guialimeira.com.br\/news\/wp-json\/wp\/v2\/posts\/3530","targetHints":{"allow":["GET"]}}],"collection":[{"href":"https:\/\/guialimeira.com.br\/news\/wp-json\/wp\/v2\/posts"}],"about":[{"href":"https:\/\/guialimeira.com.br\/news\/wp-json\/wp\/v2\/types\/post"}],"author":[{"embeddable":true,"href":"https:\/\/guialimeira.com.br\/news\/wp-json\/wp\/v2\/users\/1"}],"replies":[{"embeddable":true,"href":"https:\/\/guialimeira.com.br\/news\/wp-json\/wp\/v2\/comments?post=3530"}],"version-history":[{"count":0,"href":"https:\/\/guialimeira.com.br\/news\/wp-json\/wp\/v2\/posts\/3530\/revisions"}],"wp:featuredmedia":[{"embeddable":true,"href":"https:\/\/guialimeira.com.br\/news\/wp-json\/wp\/v2\/media\/3531"}],"wp:attachment":[{"href":"https:\/\/guialimeira.com.br\/news\/wp-json\/wp\/v2\/media?parent=3530"}],"wp:term":[{"taxonomy":"category","embeddable":true,"href":"https:\/\/guialimeira.com.br\/news\/wp-json\/wp\/v2\/categories?post=3530"},{"taxonomy":"post_tag","embeddable":true,"href":"https:\/\/guialimeira.com.br\/news\/wp-json\/wp\/v2\/tags?post=3530"}],"curies":[{"name":"wp","href":"https:\/\/api.w.org\/{rel}","templated":true}]}}