{"id":3527,"date":"2024-05-02T21:45:38","date_gmt":"2024-05-03T00:45:38","guid":{"rendered":"https:\/\/guialimeira.com.br\/?p=3527"},"modified":"2024-05-02T21:45:42","modified_gmt":"2024-05-03T00:45:42","slug":"em-evento-gratuito-fatec-de-araras-reune-empresarios-para-debate-sobre-carreiras","status":"publish","type":"post","link":"https:\/\/guialimeira.com.br\/news\/em-evento-gratuito-fatec-de-araras-reune-empresarios-para-debate-sobre-carreiras\/","title":{"rendered":"Em evento gratuito, Fatec de Araras re\u00fane empres\u00e1rios para debate sobre carreiras"},"content":{"rendered":"\n<p class=\"wp-block-paragraph\">Evento \u00e9 coordenado pelo N\u00facleo de Apoio a Carreira (NAC) e ser\u00e1 no Teatro Estadual de Araras \u201cMaestro Francisco Paulo Russo\u201d<\/p>\n\n\n\n<p class=\"wp-block-paragraph\">A Faculdade de Tecnologia (Fatec) de Araras \u201cAntonio Brambilla\u201d realizar\u00e1 no dia 16 de maio um evento gratuito e aberto \u00e0 comunidade no Teatro Estadual de Araras \u201cMaestro Francisco Paulo Russo\u201d. Coordenada pelo N\u00facleo de Aceleramento da Carreira (NAC), a atividade integra as a\u00e7\u00f5es da VII Semana de Carreira da Fatec de Araras e reunir\u00e1 empres\u00e1rios e representantes de empresas que contar\u00e3o suas trajet\u00f3rias pessoais e profissionais.<\/p>\n\n\n\n<p class=\"wp-block-paragraph\">O NAC da Fatec de Araras promove a\u00e7\u00f5es que contribuem para o desenvolvimento profissional dos alunos por meio de atividades acad\u00eamicas conciliadas com capacita\u00e7\u00f5es que preparam o estudante para o mercado de trabalho. \u00c9 nesse sentido que, dentro da VII Semana da Carreira, o NAC reunir\u00e1 pessoas que chefiam e t\u00eam cargo de lideran\u00e7a em suas empresas. Cada uma ter\u00e1 entre 10 e 15 minutos para apresentar os desafios de suas carreiras. Logo em seguida, o professor Fernando Bryan Frizzarin intermediar\u00e1 um bate-papo com todos os palestrantes, que dar\u00e3o dicas e orienta\u00e7\u00f5es ao p\u00fablico presente, sobre, por exemplo, como se preparar para uma entrevista de emprego.<\/p>\n\n\n\n<p class=\"wp-block-paragraph\">Est\u00e3o confirmadas as presen\u00e7as de Murilo Roland (diretor administrativo da Data System), Ulisses Penteado (CTO da BluePex Cybersecurity), Jo\u00e3o Eduardo Rocha (CEO da Alpha 7), Raul Soares Groppo (s\u00f3cio fundador da Transforma Neg\u00f3cios), Nicholas Provinciatto (Head de Tecnologia da Starplast), Bruno Luis Ferreira (s\u00f3cio diretor da DevCoffee) e Danilo do Val (Head de Tecnologia &#8211; Kabum!).<\/p>\n\n\n\n<p class=\"wp-block-paragraph\">Apesar de gratuita, a VII Semana de Carreira da Fatec de Araras tem vagas limitadas. Os interessados devem comparecer nos dias \u00fateis e em hor\u00e1rio comercial na faculdade, localizada na Rua Jarbas Leme Godoy, n\u00ba 875, Jardim Jos\u00e9 Ometto II, para retirar o ingresso. O evento ter\u00e1 in\u00edcio \u00e0s 19h e o Teatro Estadual de Araras fica na Avenida Dona Renata, n\u00ba 4.901, Centro, e tem o apoio da F\u00e1brica de Inova\u00e7\u00e3o de Limeira e das empresas Kabum!, Starplast e DevCoffee.<\/p>\n\n\n\n<p class=\"wp-block-paragraph\">Mais informa\u00e7\u00f5es sobre o evento podem ser obtidas pelo telefone (19) 3541-3004.<\/p>\n\n\n\n<p class=\"wp-block-paragraph\">Inscri\u00e7\u00f5es para o vestibular est\u00e3o abertas<\/p>\n\n\n\n<p class=\"wp-block-paragraph\">As inscri\u00e7\u00f5es para o processo seletivo do segundo semestre est\u00e3o abertas e seguem at\u00e9 \u00e0s 15h do dia 7 de julho deste ano. A Fatec de Araras conta com dois cursos superiores de tecnologia e ambos presenciais:<\/p>\n\n\n\n<ul class=\"wp-block-list\">\n<li>Desenvolvimento de Software Multiplataforma<\/li>\n\n\n\n<li>Gest\u00e3o Empresarial<\/li>\n<\/ul>\n\n\n\n<p class=\"wp-block-paragraph\">A taxa de inscri\u00e7\u00e3o \u00e9 de R$ 90 e o exame est\u00e1 agendado para o dia 30 de junho (domingo), \u00e0s 13h, com dura\u00e7\u00e3o de 5 horas. Mais informa\u00e7\u00f5es sobre o vestibular est\u00e3o dispon\u00edveis no site: https:\/\/www.vestibularfatec.com.br\/home\/. Quem tiver interesse em conhecer detalhes sobre os cursos disponibilizados pela Fatec de Araras pode acessar o site https:\/\/fatecararas.cps.sp.gov.br ou ligar para (19) 3541-3004, das 8h \u00e0s 18h.<\/p>\n\n\n\n<p class=\"wp-block-paragraph\">Foto: Divulga\u00e7\u00e3o<\/p>\n","protected":false},"excerpt":{"rendered":"<p>Evento \u00e9 coordenado pelo N\u00facleo de Apoio a Carreira (NAC) e ser\u00e1 no Teatro Estadual de Araras \u201cMaestro Francisco Paulo Russo\u201d A Faculdade de Tecnologia (Fatec) de Araras \u201cAntonio Brambilla\u201d realizar\u00e1 no dia 16 de maio um evento gratuito e aberto \u00e0 comunidade no Teatro Estadual de Araras \u201cMaestro Francisco Paulo Russo\u201d. Coordenada pelo N\u00facleo [&hellip;]<\/p>\n","protected":false},"author":1,"featured_media":3528,"comment_status":"open","ping_status":"open","sticky":false,"template":"","format":"standard","meta":{"_jetpack_newsletter_access":"","_jetpack_dont_email_post_to_subs":false,"_jetpack_newsletter_tier_id":0,"_jetpack_memberships_contains_paywalled_content":false,"_mbp_banners":[],"_jetpack_feature_clip_id":0,"_jetpack_memberships_contains_paid_content":false,"footnotes":"","jetpack_publicize_message":"","jetpack_publicize_feature_enabled":true,"jetpack_social_post_already_shared":true,"jetpack_social_options":{"image_generator_settings":{"template":"highway","default_image_id":0,"font":"","enabled":false},"version":2},"jetpack_post_was_ever_published":false},"categories":[16,20],"tags":[],"class_list":["post-3527","post","type-post","status-publish","format-standard","has-post-thumbnail","category-local","category-regiao"],"jetpack_publicize_connections":[],"jetpack-related-posts":[],"jetpack_shortlink":"https:\/\/wp.me\/p7Eq1F-UT","jetpack_sharing_enabled":true,"jetpack_featured_media_url":"https:\/\/i0.wp.com\/guialimeira.com.br\/news\/wp-content\/uploads\/2024\/05\/WhatsApp-Image-2024-05-02-at-13.54.33.jpeg?fit=1600%2C1200&ssl=1","_links":{"self":[{"href":"https:\/\/guialimeira.com.br\/news\/wp-json\/wp\/v2\/posts\/3527","targetHints":{"allow":["GET"]}}],"collection":[{"href":"https:\/\/guialimeira.com.br\/news\/wp-json\/wp\/v2\/posts"}],"about":[{"href":"https:\/\/guialimeira.com.br\/news\/wp-json\/wp\/v2\/types\/post"}],"author":[{"embeddable":true,"href":"https:\/\/guialimeira.com.br\/news\/wp-json\/wp\/v2\/users\/1"}],"replies":[{"embeddable":true,"href":"https:\/\/guialimeira.com.br\/news\/wp-json\/wp\/v2\/comments?post=3527"}],"version-history":[{"count":1,"href":"https:\/\/guialimeira.com.br\/news\/wp-json\/wp\/v2\/posts\/3527\/revisions"}],"predecessor-version":[{"id":3529,"href":"https:\/\/guialimeira.com.br\/news\/wp-json\/wp\/v2\/posts\/3527\/revisions\/3529"}],"wp:featuredmedia":[{"embeddable":true,"href":"https:\/\/guialimeira.com.br\/news\/wp-json\/wp\/v2\/media\/3528"}],"wp:attachment":[{"href":"https:\/\/guialimeira.com.br\/news\/wp-json\/wp\/v2\/media?parent=3527"}],"wp:term":[{"taxonomy":"category","embeddable":true,"href":"https:\/\/guialimeira.com.br\/news\/wp-json\/wp\/v2\/categories?post=3527"},{"taxonomy":"post_tag","embeddable":true,"href":"https:\/\/guialimeira.com.br\/news\/wp-json\/wp\/v2\/tags?post=3527"}],"curies":[{"name":"wp","href":"https:\/\/api.w.org\/{rel}","templated":true}]}}