{"id":3523,"date":"2024-05-02T21:14:49","date_gmt":"2024-05-03T00:14:49","guid":{"rendered":"https:\/\/guialimeira.com.br\/2024\/05\/02\/sanidade-animal-campanha-de-atualizacao-de-rebanhos-comeca-em-sao-paulo\/"},"modified":"2024-05-02T21:14:49","modified_gmt":"2024-05-03T00:14:49","slug":"sanidade-animal-campanha-de-atualizacao-de-rebanhos-comeca-em-sao-paulo","status":"publish","type":"post","link":"https:\/\/guialimeira.com.br\/news\/sanidade-animal-campanha-de-atualizacao-de-rebanhos-comeca-em-sao-paulo\/","title":{"rendered":"Sanidade animal: campanha de atualiza\u00e7\u00e3o de rebanhos come\u00e7a em S\u00e3o Paulo"},"content":{"rendered":"<p> <br \/>\n<\/p>\n<div id=\"\">&#13;<br \/>\n                                <!-- Title -->&#13;<br \/>\n                                &#13;<br \/>\n&#13;<br \/>\n                                <!-- Excerpt -->&#13;<\/p>\n<p class=\"excerpt\">Produtores Rurais t\u00eam obriga\u00e7\u00e3o de declarar todas as esp\u00e9cies de sua propriedade<\/p>\n<p>&#13;<br \/>\n&#13;<br \/>\n                                &#13;\n                            <\/p><\/div>\n<div id=\"\">&#13;<\/p>\n<figure id=\"attachment_5875804\" style=\"width: 100%;max-width: 1000px\" class=\"wp-caption alignnone caption-hide\"><img data-recalc-dims=\"1\" decoding=\"async\" loading=\"lazy\" class=\"size-full wp-image-5875804\" src=\"https:\/\/i0.wp.com\/www.saopaulo.sp.gov.br\/wp-content\/uploads\/2024\/05\/Animais.jpg?resize=696%2C475&#038;ssl=1\" alt=\"\" width=\"696\" height=\"475\" srcset=\"https:\/\/www.saopaulo.sp.gov.br\/wp-content\/uploads\/2024\/05\/Animais.jpg 1000w, https:\/\/www.saopaulo.sp.gov.br\/wp-content\/uploads\/2024\/05\/Animais-300x205.jpg 300w, https:\/\/www.saopaulo.sp.gov.br\/wp-content\/uploads\/2024\/05\/Animais-100x69.jpg 100w, https:\/\/www.saopaulo.sp.gov.br\/wp-content\/uploads\/2024\/05\/Animais-768x525.jpg 768w, https:\/\/www.saopaulo.sp.gov.br\/wp-content\/uploads\/2024\/05\/Animais-620x424.jpg 620w\" sizes=\"auto, (max-width: 1000px) 100vw, 1000px\"\/><\/figure>\n<p><span style=\"font-weight: 400;\">Ap\u00f3s o fim da obrigatoriedade da vacina\u00e7\u00e3o contra a Febre Aftosa no estado de S\u00e3o Paulo, o produtor rural passou, desde o dia 1\u00ba de maio, tamb\u00e9m em car\u00e1ter obrigat\u00f3rio, a ter que atualizar seus rebanhos no sistema de Gest\u00e3o de Defesa Animal e Vegetal (Gedave). A Coordenadoria de Defesa Agropecu\u00e1ria (CDA) da Secretaria de Agricultura e Abastecimento (SAA) informa que os propriet\u00e1rios devem declarar todas as esp\u00e9cies, al\u00e9m dos bov\u00eddeos, presentes em suas propriedades.<\/span><\/p>\n<p><span style=\"font-weight: 400;\">A declara\u00e7\u00e3o pode ser feita diretamente no sistema Gedave. Outra forma de efetuar a declara\u00e7\u00e3o \u00e9 pessoalmente em uma das Unidades da Defesa Agropecu\u00e1ria distribu\u00eddas nas <\/span><a href=\"https:\/\/www.defesa.agricultura.sp.gov.br\/enderecos\/\" rel=\"noopener\"><span style=\"font-weight: 400;\">40 regionais<\/span><\/a><span style=\"font-weight: 400;\">\u00a0 e tamb\u00e9m, atrav\u00e9s do envio por e-mail do formul\u00e1rio que est\u00e1 dispon\u00edvel em <\/span><a href=\"https:\/\/www.defesa.agricultura.sp.gov.br\/arquivos\/sanidade-animal\/atualizacao_rebanho.pdf\" rel=\"noopener\"><span style=\"font-weight: 400;\">https:\/\/www.defesa.agricultura.sp.gov.br\/arquivos\/sanidade-animal\/atualizacao_rebanho.pdf<\/span><\/a><span style=\"font-weight: 400;\">.<\/span><\/p>\n<p><span style=\"font-weight: 400;\">O produtor nesta nova etapa, principalmente em rela\u00e7\u00e3o \u00e0 atualiza\u00e7\u00e3o do saldo do rebanho, tr\u00e2nsito e vigil\u00e2ncia para a Febre Aftosa, pode ter mais informa\u00e7\u00f5es em \u201c<\/span><a href=\"https:\/\/www.defesa.agricultura.sp.gov.br\/arquivos\/sanidade-animal\/atualizacao_rebanho.pdf\" rel=\"noopener\"><span style=\"font-weight: 400;\">D\u00favidas Frequentes<\/span><\/a><span style=\"font-weight: 400;\">\u201d. Al\u00e9m disso, a Defesa Agropecu\u00e1ria est\u00e1 disponibilizando tutoriais para o uso do Gedave, que no dia 25 de abril lan\u00e7ou sua vers\u00e3o 2.0, em seu canal do Youtube. Acesse <\/span><a href=\"https:\/\/www.youtube.com\/@DefesaAgropecuariaSP\" rel=\"noopener\"><span style=\"font-weight: 400;\">aqui<\/span><\/a><span style=\"font-weight: 400;\">.<\/span><\/p>\n<p><strong>Reconhecimento nacional<\/strong><\/p>\n<p><span style=\"font-weight: 400;\">Publicada no dia 25 de mar\u00e7o, a Portaria n\u00ba 665 de 21 de mar\u00e7o de 2024 do Minist\u00e9rio da Agricultura e Pecu\u00e1ria (Mapa), que entrou em vigor em 2 de maio de 2024, reconheceu nacionalmente o estado de S\u00e3o Paulo como livre de Febre Aftosa sem vacina\u00e7\u00e3o. Al\u00e9m de S\u00e3o Paulo, passaram a ser considerados \u00e1reas livres da doen\u00e7a sem vacina\u00e7\u00e3o os estados do Amap\u00e1, Amazonas, Bahia, Esp\u00edrito Santo, Goi\u00e1s, Maranh\u00e3o, Mato Grosso, Mato Grosso do Sul, Minas Gerais, Par\u00e1, Piau\u00ed, Rio de Janeiro, Roraima, Sergipe, Tocantins, al\u00e9m do Distrito Federal.<\/span><\/p>\n<p><span style=\"font-weight: 400;\">De acordo com o Artigo 3\u00ba da Portaria, ficam proibido o ingresso e a incorpora\u00e7\u00e3o de animais vacinados contra a Febre Aftosa nos estados reconhecidos como \u00e1rea livre sem a aplica\u00e7\u00e3o do imunizante, oriundos dos estados que realizam a vacina\u00e7\u00e3o regular de bovinos e bubalinos.<\/span><\/p>\n<p><span style=\"font-weight: 400;\">Neste momento, ainda ficam mantidas a proibi\u00e7\u00e3o do ingresso e a incorpora\u00e7\u00e3o de bovinos e bubalinos nos estados, munic\u00edpios e parte dos munic\u00edpios que comp\u00f5em as zonas reconhecidas pela Organiza\u00e7\u00e3o Mundial de Sa\u00fade Animal (OMSA) como livres da doen\u00e7a sem vacina\u00e7\u00e3o oriundos dos estados reconhecidos na portaria.<\/span><\/p>\n<p><span style=\"font-weight: 400;\">A proibi\u00e7\u00e3o no tr\u00e2nsito se dar\u00e1 at\u00e9 que a OMSA conceda o reconhecimento do status sanit\u00e1rio de livre da Febre Aftosa aos estados supracitados, fato que est\u00e1 previsto para acontecer em 2025.<\/span><\/p>\n<p>Siga o canal \u201cGoverno de S\u00e3o Paulo\u201d no WhatsApp:<br \/><a href=\"https:\/\/bit.ly\/govspnozap\" target=\"_blank\" rel=\"noopener noreferrer\">https:\/\/bit.ly\/govspnozap<\/a><\/p>\n<\/p><\/div>\n<p><br \/>\n<br \/><a href=\"https:\/\/www.saopaulo.sp.gov.br\/spnoticias\/ultimas-noticias\/sanidade-animal-campanha-de-atualizacao-de-rebanhos-comeca-em-sao-paulo\/\" rel=\"noopener\">Informa\u00e7\u00f5es GOV.SP<\/a><\/p>\n","protected":false},"excerpt":{"rendered":"<p>&#13; &#13; &#13; &#13; &#13; Produtores Rurais t\u00eam obriga\u00e7\u00e3o de declarar todas as esp\u00e9cies de sua propriedade &#13; &#13; &#13; &#13; Ap\u00f3s o fim da obrigatoriedade da vacina\u00e7\u00e3o contra a Febre Aftosa no estado de S\u00e3o Paulo, o produtor rural passou, desde o dia 1\u00ba de maio, tamb\u00e9m em car\u00e1ter obrigat\u00f3rio, a ter que atualizar [&hellip;]<\/p>\n","protected":false},"author":1,"featured_media":3524,"comment_status":"open","ping_status":"open","sticky":false,"template":"","format":"standard","meta":{"_jetpack_newsletter_access":"","_jetpack_dont_email_post_to_subs":false,"_jetpack_newsletter_tier_id":0,"_jetpack_memberships_contains_paywalled_content":false,"_mbp_banners":[],"_jetpack_feature_clip_id":0,"_jetpack_memberships_contains_paid_content":false,"footnotes":"","jetpack_publicize_message":"","jetpack_publicize_feature_enabled":true,"jetpack_social_post_already_shared":true,"jetpack_social_options":{"image_generator_settings":{"template":"highway","default_image_id":0,"font":"","enabled":false},"version":2},"jetpack_post_was_ever_published":false},"categories":[21],"tags":[],"class_list":["post-3523","post","type-post","status-publish","format-standard","has-post-thumbnail","category-sp-news"],"jetpack_publicize_connections":[],"jetpack-related-posts":[],"jetpack_shortlink":"https:\/\/wp.me\/p7Eq1F-UP","jetpack_sharing_enabled":true,"jetpack_featured_media_url":"https:\/\/i0.wp.com\/guialimeira.com.br\/news\/wp-content\/uploads\/2024\/05\/Sanidade-animal-campanha-de-atualizacao-de-rebanhos-comeca-em-Sao.jpg?fit=1000%2C683&ssl=1","_links":{"self":[{"href":"https:\/\/guialimeira.com.br\/news\/wp-json\/wp\/v2\/posts\/3523","targetHints":{"allow":["GET"]}}],"collection":[{"href":"https:\/\/guialimeira.com.br\/news\/wp-json\/wp\/v2\/posts"}],"about":[{"href":"https:\/\/guialimeira.com.br\/news\/wp-json\/wp\/v2\/types\/post"}],"author":[{"embeddable":true,"href":"https:\/\/guialimeira.com.br\/news\/wp-json\/wp\/v2\/users\/1"}],"replies":[{"embeddable":true,"href":"https:\/\/guialimeira.com.br\/news\/wp-json\/wp\/v2\/comments?post=3523"}],"version-history":[{"count":0,"href":"https:\/\/guialimeira.com.br\/news\/wp-json\/wp\/v2\/posts\/3523\/revisions"}],"wp:featuredmedia":[{"embeddable":true,"href":"https:\/\/guialimeira.com.br\/news\/wp-json\/wp\/v2\/media\/3524"}],"wp:attachment":[{"href":"https:\/\/guialimeira.com.br\/news\/wp-json\/wp\/v2\/media?parent=3523"}],"wp:term":[{"taxonomy":"category","embeddable":true,"href":"https:\/\/guialimeira.com.br\/news\/wp-json\/wp\/v2\/categories?post=3523"},{"taxonomy":"post_tag","embeddable":true,"href":"https:\/\/guialimeira.com.br\/news\/wp-json\/wp\/v2\/tags?post=3523"}],"curies":[{"name":"wp","href":"https:\/\/api.w.org\/{rel}","templated":true}]}}