{"id":35206,"date":"2025-06-04T20:47:52","date_gmt":"2025-06-04T23:47:52","guid":{"rendered":"https:\/\/guialimeira.com.br\/2025\/06\/04\/ancelotti-demonstra-confianca-antes-de-estreia-no-comando-da-selecao\/"},"modified":"2025-06-04T20:47:52","modified_gmt":"2025-06-04T23:47:52","slug":"ancelotti-demonstra-confianca-antes-de-estreia-no-comando-da-selecao","status":"publish","type":"post","link":"https:\/\/guialimeira.com.br\/news\/ancelotti-demonstra-confianca-antes-de-estreia-no-comando-da-selecao\/","title":{"rendered":"Ancelotti demonstra confian\u00e7a antes de estreia no comando da sele\u00e7\u00e3o"},"content":{"rendered":"<p> <br \/>\n<\/p>\n<div>\n<p>O t\u00e9cnico italiano Carlo Ancelotti demonstrou confian\u00e7a e afirmou que espera fazer o melhor trabalho poss\u00edvel no comando da sele\u00e7\u00e3o brasileira. A declara\u00e7\u00e3o foi dada nesta quarta-feira (4), em entrevista coletiva concedida um dia antes do jogo contra o Equador pelas Eliminat\u00f3rias Sul-Americanas para a Copa do Mundo.<img data-recalc-dims=\"1\" decoding=\"async\" src=\"https:\/\/i0.wp.com\/agenciabrasil.ebc.com.br\/ebc.png?w=696&#038;ssl=1\" style=\"width:1px; height:1px; display:inline;\"\/><img data-recalc-dims=\"1\" decoding=\"async\" src=\"https:\/\/i0.wp.com\/agenciabrasil.ebc.com.br\/ebc.gif?w=696&#038;ssl=1\" style=\"width:1px; height:1px; display:inline;\"\/><\/p>\n<p>\u201cPenso que estar aqui \u00e9 algo muito bonito para a minha carreira, treinar uma sele\u00e7\u00e3o pela primeira vez, ainda mais a sele\u00e7\u00e3o do Brasil, que n\u00e3o \u00e9 uma qualquer. Hist\u00f3rica. Tenho uma grande ilus\u00e3o, motiva\u00e7\u00e3o para fazer o melhor poss\u00edvel e tentar chegar ao objetivo final. Me d\u00e1 muita confian\u00e7a o que vejo, os jogadores, a gana que os jogadores t\u00eam para vestir a camisa amarela\u201d, disse Ancelotti.<\/p>\n<p>Apesar do pouco tempo de trabalho com o selecionado brasileiro, o t\u00e9cnico italiano deixou claro que espera uma boa atua\u00e7\u00e3o: \u201cUma equipe que luta, que joga bem futebol. Muitos jogadores com capacidade, extraordin\u00e1rios e queremos ver isso\u201d. Por\u00e9m, Ancelotti afirmou que espera dificuldades diante do Equador, um time que \u201cest\u00e1 jogando bem e \u00e9 organizado\u201d, e que \u201cser\u00e1 um \u00f3timo teste\u201d.<\/p>\n<p>O Brasil mede for\u00e7as com o Equador a partir das 20 horas (de Bras\u00edlia) da pr\u00f3xima quinta-feira (5) no est\u00e1dio Monumental Isidro Romero Carbo, em Guayaquil. A <strong>R\u00e1dio Nacional<\/strong> transmite ao vivo.<\/p>\n<p>      <!-- Relacionada --><\/p>\n<p>            <!-- Relacionada -->\n    <\/div>\n<p><br \/>\n<br \/><a href=\"https:\/\/agenciabrasil.ebc.com.br\/esportes\/noticia\/2025-06\/ancelotti-demonstra-confianca-antes-de-estreia-no-comando-da-selecao\" rel=\"noopener\">Ag\u00eancia Brasil<\/a><\/p>\n","protected":false},"excerpt":{"rendered":"<p>O t\u00e9cnico italiano Carlo Ancelotti demonstrou confian\u00e7a e afirmou que espera fazer o melhor trabalho poss\u00edvel no comando da sele\u00e7\u00e3o brasileira. A declara\u00e7\u00e3o foi dada nesta quarta-feira (4), em entrevista coletiva concedida um dia antes do jogo contra o Equador pelas Eliminat\u00f3rias Sul-Americanas para a Copa do Mundo. \u201cPenso que estar aqui \u00e9 algo muito [&hellip;]<\/p>\n","protected":false},"author":1,"featured_media":35207,"comment_status":"open","ping_status":"open","sticky":false,"template":"","format":"standard","meta":{"_jetpack_newsletter_access":"","_jetpack_dont_email_post_to_subs":false,"_jetpack_newsletter_tier_id":0,"_jetpack_memberships_contains_paywalled_content":false,"_mbp_banners":[],"_jetpack_feature_clip_id":0,"_jetpack_memberships_contains_paid_content":false,"footnotes":"","jetpack_publicize_message":"","jetpack_publicize_feature_enabled":true,"jetpack_social_post_already_shared":true,"jetpack_social_options":{"image_generator_settings":{"template":"highway","default_image_id":0,"font":"","enabled":false},"version":2},"jetpack_post_was_ever_published":false},"categories":[23],"tags":[],"class_list":["post-35206","post","type-post","status-publish","format-standard","has-post-thumbnail","category-esportes"],"jetpack_publicize_connections":[],"jetpack-related-posts":[],"jetpack_shortlink":"https:\/\/wp.me\/p7Eq1F-99Q","jetpack_sharing_enabled":true,"jetpack_featured_media_url":"https:\/\/i0.wp.com\/guialimeira.com.br\/news\/wp-content\/uploads\/2025\/06\/54568009668_6a824a287f_o.jpg?fit=1600%2C800&ssl=1","_links":{"self":[{"href":"https:\/\/guialimeira.com.br\/news\/wp-json\/wp\/v2\/posts\/35206","targetHints":{"allow":["GET"]}}],"collection":[{"href":"https:\/\/guialimeira.com.br\/news\/wp-json\/wp\/v2\/posts"}],"about":[{"href":"https:\/\/guialimeira.com.br\/news\/wp-json\/wp\/v2\/types\/post"}],"author":[{"embeddable":true,"href":"https:\/\/guialimeira.com.br\/news\/wp-json\/wp\/v2\/users\/1"}],"replies":[{"embeddable":true,"href":"https:\/\/guialimeira.com.br\/news\/wp-json\/wp\/v2\/comments?post=35206"}],"version-history":[{"count":0,"href":"https:\/\/guialimeira.com.br\/news\/wp-json\/wp\/v2\/posts\/35206\/revisions"}],"wp:featuredmedia":[{"embeddable":true,"href":"https:\/\/guialimeira.com.br\/news\/wp-json\/wp\/v2\/media\/35207"}],"wp:attachment":[{"href":"https:\/\/guialimeira.com.br\/news\/wp-json\/wp\/v2\/media?parent=35206"}],"wp:term":[{"taxonomy":"category","embeddable":true,"href":"https:\/\/guialimeira.com.br\/news\/wp-json\/wp\/v2\/categories?post=35206"},{"taxonomy":"post_tag","embeddable":true,"href":"https:\/\/guialimeira.com.br\/news\/wp-json\/wp\/v2\/tags?post=35206"}],"curies":[{"name":"wp","href":"https:\/\/api.w.org\/{rel}","templated":true}]}}