{"id":35196,"date":"2025-06-04T19:46:17","date_gmt":"2025-06-04T22:46:17","guid":{"rendered":"https:\/\/guialimeira.com.br\/2025\/06\/04\/brasil-estreia-na-liga-das-nacoes-com-vitoria-sobre-a-republica-tcheca\/"},"modified":"2025-06-04T19:46:17","modified_gmt":"2025-06-04T22:46:17","slug":"brasil-estreia-na-liga-das-nacoes-com-vitoria-sobre-a-republica-tcheca","status":"publish","type":"post","link":"https:\/\/guialimeira.com.br\/news\/brasil-estreia-na-liga-das-nacoes-com-vitoria-sobre-a-republica-tcheca\/","title":{"rendered":"Brasil estreia na Liga das Na\u00e7\u00f5es com vit\u00f3ria sobre a Rep\u00fablica Tcheca"},"content":{"rendered":"<p> <br \/>\n<\/p>\n<div>\n<p>Apoiada por uma torcida apaixonada, a sele\u00e7\u00e3o feminina estreou na Liga das Na\u00e7\u00f5es Feminina (VNL) de v\u00f4lei com uma vit\u00f3ria por 3 sets a 0 (parciais de 25\/21, 25\/20 e 25\/17) sobre a Rep\u00fablica Tcheca, nesta quarta-feira (4) no gin\u00e1sio do Maracan\u00e3zinho.<img data-recalc-dims=\"1\" decoding=\"async\" src=\"https:\/\/i0.wp.com\/agenciabrasil.ebc.com.br\/ebc.png?w=696&#038;ssl=1\" style=\"width:1px; height:1px; display:inline;\"\/><img data-recalc-dims=\"1\" decoding=\"async\" src=\"https:\/\/i0.wp.com\/agenciabrasil.ebc.com.br\/ebc.gif?w=696&#038;ssl=1\" style=\"width:1px; height:1px; display:inline;\"\/><\/p>\n<blockquote class=\"twitter-tweet\">\n<p dir=\"ltr\" lang=\"pt\" xml:lang=\"pt\">Vit\u00f3ria em casa! \u2728\ud83c\udde7\ud83c\uddf7<\/p>\n<p>A sele\u00e7\u00e3o feminina venceu a Rep\u00fablica Tcheca por 3 sets a 0 na estreia na Liga das Na\u00e7\u00f5es 2025, no Maracan\u00e3zinho. \ud83d\udc4f<\/p>\n<p>Destaque para a ponteira Ana Cristina, que foi a maior pontuadora da partida, com 16 pontos. \ud83d\udd25 <a href=\"https:\/\/t.co\/lgeFr2qet5\">pic.twitter.com\/lgeFr2qet5<\/a><\/p>\n<p>\u2014 V\u00f4lei Brasil (@volei) <a href=\"https:\/\/twitter.com\/volei\/status\/1930389069638578541?ref_src=twsrc%5Etfw\" rel=\"noopener\">June 4, 2025<\/a><\/p><\/blockquote>\n<p>O destaque do time do Brasil nesta quarta foi a ponteira Ana Cristina, que contribuiu com 16 pontos para a vit\u00f3ria da sele\u00e7\u00e3o, que tamb\u00e9m contou com boas atua\u00e7\u00f5es da oposta Tainara (com 13 pontos) e da ponteira Julia Bergmann (com 10 pontos).<\/p>\n<p>O pr\u00f3ximo compromisso da equipe comandada pelo t\u00e9cnico Z\u00e9 Roberto Guimar\u00e3es ser\u00e1 contra os Estados Unidos. O palco do confronto ser\u00e1 o Maracan\u00e3zinho. A partida est\u00e1 programada para ser disputada a partir das 21h (hor\u00e1rio de Bras\u00edlia) da pr\u00f3xima quinta-feira (5).<\/p>\n<p>      <!-- Relacionada --><\/p>\n<p>            <!-- Relacionada -->\n    <\/div>\n<p><script async src=\"\/\/platform.twitter.com\/widgets.js\" charset=\"utf-8\"><\/script><br \/>\n<br \/><br \/>\n<br \/><a href=\"https:\/\/agenciabrasil.ebc.com.br\/esportes\/noticia\/2025-06\/brasil-estreia-na-liga-das-nacoes-com-vitoria-sobre-republica-tcheca\" rel=\"noopener\">Ag\u00eancia Brasil<\/a><\/p>\n","protected":false},"excerpt":{"rendered":"<p>Apoiada por uma torcida apaixonada, a sele\u00e7\u00e3o feminina estreou na Liga das Na\u00e7\u00f5es Feminina (VNL) de v\u00f4lei com uma vit\u00f3ria por 3 sets a 0 (parciais de 25\/21, 25\/20 e 25\/17) sobre a Rep\u00fablica Tcheca, nesta quarta-feira (4) no gin\u00e1sio do Maracan\u00e3zinho. Vit\u00f3ria em casa! \u2728\ud83c\udde7\ud83c\uddf7 A sele\u00e7\u00e3o feminina venceu a Rep\u00fablica Tcheca por 3 [&hellip;]<\/p>\n","protected":false},"author":1,"featured_media":35197,"comment_status":"open","ping_status":"open","sticky":false,"template":"","format":"standard","meta":{"_jetpack_newsletter_access":"","_jetpack_dont_email_post_to_subs":false,"_jetpack_newsletter_tier_id":0,"_jetpack_memberships_contains_paywalled_content":false,"_mbp_banners":[],"_jetpack_feature_clip_id":0,"_jetpack_memberships_contains_paid_content":false,"footnotes":"","jetpack_publicize_message":"","jetpack_publicize_feature_enabled":true,"jetpack_social_post_already_shared":true,"jetpack_social_options":{"image_generator_settings":{"template":"highway","default_image_id":0,"font":"","enabled":false},"version":2},"jetpack_post_was_ever_published":false},"categories":[23],"tags":[],"class_list":["post-35196","post","type-post","status-publish","format-standard","has-post-thumbnail","category-esportes"],"jetpack_publicize_connections":[],"jetpack-related-posts":[],"jetpack_shortlink":"https:\/\/wp.me\/p7Eq1F-99G","jetpack_sharing_enabled":true,"jetpack_featured_media_url":"https:\/\/i0.wp.com\/guialimeira.com.br\/news\/wp-content\/uploads\/2025\/06\/1a_etapa_adulto_rio_de_janeiro_feminino_04062025_8.jpg?fit=1600%2C800&ssl=1","_links":{"self":[{"href":"https:\/\/guialimeira.com.br\/news\/wp-json\/wp\/v2\/posts\/35196","targetHints":{"allow":["GET"]}}],"collection":[{"href":"https:\/\/guialimeira.com.br\/news\/wp-json\/wp\/v2\/posts"}],"about":[{"href":"https:\/\/guialimeira.com.br\/news\/wp-json\/wp\/v2\/types\/post"}],"author":[{"embeddable":true,"href":"https:\/\/guialimeira.com.br\/news\/wp-json\/wp\/v2\/users\/1"}],"replies":[{"embeddable":true,"href":"https:\/\/guialimeira.com.br\/news\/wp-json\/wp\/v2\/comments?post=35196"}],"version-history":[{"count":0,"href":"https:\/\/guialimeira.com.br\/news\/wp-json\/wp\/v2\/posts\/35196\/revisions"}],"wp:featuredmedia":[{"embeddable":true,"href":"https:\/\/guialimeira.com.br\/news\/wp-json\/wp\/v2\/media\/35197"}],"wp:attachment":[{"href":"https:\/\/guialimeira.com.br\/news\/wp-json\/wp\/v2\/media?parent=35196"}],"wp:term":[{"taxonomy":"category","embeddable":true,"href":"https:\/\/guialimeira.com.br\/news\/wp-json\/wp\/v2\/categories?post=35196"},{"taxonomy":"post_tag","embeddable":true,"href":"https:\/\/guialimeira.com.br\/news\/wp-json\/wp\/v2\/tags?post=35196"}],"curies":[{"name":"wp","href":"https:\/\/api.w.org\/{rel}","templated":true}]}}