{"id":35179,"date":"2025-06-04T18:13:24","date_gmt":"2025-06-04T21:13:24","guid":{"rendered":"https:\/\/guialimeira.com.br\/?p=35179"},"modified":"2025-06-04T18:18:36","modified_gmt":"2025-06-04T21:18:36","slug":"pat-limeira-oferece-63-vagas-de-emprego-nesta-quinta-feira-05-06","status":"publish","type":"post","link":"https:\/\/guialimeira.com.br\/news\/pat-limeira-oferece-63-vagas-de-emprego-nesta-quinta-feira-05-06\/","title":{"rendered":"PAT Limeira oferece 63 vagas de emprego nesta quinta-feira (05\/06)"},"content":{"rendered":"\n<p class=\"wp-block-paragraph\">O Posto de Atendimento ao Trabalhador (PAT) de Limeira est\u00e1 com <strong>63 oportunidades de trabalho abertas<\/strong> para esta quinta-feira, 05 de junho de 2025. As vagas contemplam diversos n\u00edveis de escolaridade e \u00e1reas profissionais, com ou sem experi\u00eancia, e s\u00e3o atualizadas diariamente.<\/p>\n\n\n\n<p class=\"wp-block-paragraph\">O atendimento ocorre no <strong>Shopping P\u00e1tio Limeira (Rua Tiradentes, 1366 \u2013 1\u00ba andar)<\/strong>, das <strong>9h \u00e0s 16h<\/strong>. Os interessados devem comparecer munidos de <strong>curr\u00edculo atualizado, RG, CPF e Carteira de Trabalho (f\u00edsica ou digital)<\/strong> para triagem.<\/p>\n\n\n\n<h3 class=\"wp-block-heading\">\ud83d\udcc4 Vagas em destaque:<\/h3>\n\n\n\n<ul class=\"wp-block-list\">\n<li><strong>Ajudante de Confeiteiro<\/strong> \u2013 sem experi\u00eancia<\/li>\n\n\n\n<li><strong>Assistente Administrativo<\/strong> \u2013 com experi\u00eancia<\/li>\n\n\n\n<li><strong>Atendente de Lanchonete<\/strong> \u2013 sem experi\u00eancia<\/li>\n\n\n\n<li><strong>Auxiliar de Cozinha<\/strong> \u2013 com e sem experi\u00eancia<\/li>\n\n\n\n<li><strong>Auxiliar de Limpeza e Servi\u00e7os Gerais<\/strong> \u2013 com experi\u00eancia<\/li>\n\n\n\n<li><strong>Caixa<\/strong> \u2013 com experi\u00eancia<\/li>\n\n\n\n<li><strong>Cozinheiro(a)<\/strong> \u2013 com experi\u00eancia<\/li>\n\n\n\n<li><strong>Cuidador(a)<\/strong> \u2013 com experi\u00eancia<\/li>\n\n\n\n<li><strong>Frentista<\/strong> \u2013 sem experi\u00eancia<\/li>\n\n\n\n<li><strong>L\u00edder de Limpeza<\/strong> \u2013 com experi\u00eancia<\/li>\n\n\n\n<li><strong>Oficial de Manuten\u00e7\u00e3o<\/strong> \u2013 com experi\u00eancia<\/li>\n\n\n\n<li><strong>Operador Industrial<\/strong> \u2013 vaga tempor\u00e1ria<\/li>\n\n\n\n<li><strong>Padeiro<\/strong> \u2013 com experi\u00eancia<\/li>\n\n\n\n<li><strong>T\u00e9cnico de Manuten\u00e7\u00e3o Pleno<\/strong> \u2013 com experi\u00eancia<\/li>\n<\/ul>\n\n\n\n<p class=\"wp-block-paragraph\">Todas as vagas incluem <strong>benef\u00edcios variados<\/strong>, como vale-transporte, cesta b\u00e1sica, refei\u00e7\u00e3o no local, assist\u00eancia m\u00e9dica e odontol\u00f3gica, participa\u00e7\u00e3o nos lucros, entre outros.<\/p>\n\n\n\n<p class=\"wp-block-paragraph\">\ud83d\udc49 Algumas oportunidades aceitam <strong>pessoas com defici\u00eancia (PcD)<\/strong>.<\/p>\n\n\n\n<h3 class=\"wp-block-heading\">\u2705 Como se candidatar<\/h3>\n\n\n\n<p class=\"wp-block-paragraph\">Compare\u00e7a pessoalmente ao PAT com os documentos solicitados ou acompanhe novas vagas diariamente por canais oficiais da Prefeitura de Limeira.<\/p>\n\n\n\n<p class=\"wp-block-paragraph\">\ud83d\udd17 Para mais informa\u00e7\u00f5es:<br>\ud83d\udccd Endere\u00e7o: Rua Tiradentes, 1366 \u2013 Shopping P\u00e1tio Limeira \u2013 1\u00ba andar<br>\ud83d\udd58 Hor\u00e1rio: das 9h \u00e0s 16h<\/p>\n","protected":false},"excerpt":{"rendered":"<p>O Posto de Atendimento ao Trabalhador (PAT) de Limeira est\u00e1 com 63 oportunidades de trabalho abertas para esta quinta-feira, 05 de junho de 2025. As vagas contemplam diversos n\u00edveis de escolaridade e \u00e1reas profissionais, com ou sem experi\u00eancia, e s\u00e3o atualizadas diariamente.<\/p>\n","protected":false},"author":1,"featured_media":35180,"comment_status":"open","ping_status":"open","sticky":false,"template":"","format":"standard","meta":{"_jetpack_newsletter_access":"","_jetpack_dont_email_post_to_subs":false,"_jetpack_newsletter_tier_id":0,"_jetpack_memberships_contains_paywalled_content":false,"_mbp_banners":[],"_jetpack_feature_clip_id":0,"_jetpack_memberships_contains_paid_content":false,"footnotes":"","jetpack_publicize_message":"","jetpack_publicize_feature_enabled":true,"jetpack_social_post_already_shared":false,"jetpack_social_options":{"image_generator_settings":{"template":"highway","enabled":false},"version":2},"jetpack_post_was_ever_published":false},"categories":[17,16],"tags":[],"class_list":["post-35179","post","type-post","status-publish","format-standard","has-post-thumbnail","category-empregos","category-local"],"jetpack_publicize_connections":[],"jetpack-related-posts":[],"jetpack_shortlink":"https:\/\/wp.me\/p7Eq1F-99p","jetpack_sharing_enabled":true,"jetpack_featured_media_url":"https:\/\/i0.wp.com\/guialimeira.com.br\/news\/wp-content\/uploads\/2025\/06\/emprego06.jpg?fit=2048%2C2048&ssl=1","_links":{"self":[{"href":"https:\/\/guialimeira.com.br\/news\/wp-json\/wp\/v2\/posts\/35179","targetHints":{"allow":["GET"]}}],"collection":[{"href":"https:\/\/guialimeira.com.br\/news\/wp-json\/wp\/v2\/posts"}],"about":[{"href":"https:\/\/guialimeira.com.br\/news\/wp-json\/wp\/v2\/types\/post"}],"author":[{"embeddable":true,"href":"https:\/\/guialimeira.com.br\/news\/wp-json\/wp\/v2\/users\/1"}],"replies":[{"embeddable":true,"href":"https:\/\/guialimeira.com.br\/news\/wp-json\/wp\/v2\/comments?post=35179"}],"version-history":[{"count":1,"href":"https:\/\/guialimeira.com.br\/news\/wp-json\/wp\/v2\/posts\/35179\/revisions"}],"predecessor-version":[{"id":35181,"href":"https:\/\/guialimeira.com.br\/news\/wp-json\/wp\/v2\/posts\/35179\/revisions\/35181"}],"wp:featuredmedia":[{"embeddable":true,"href":"https:\/\/guialimeira.com.br\/news\/wp-json\/wp\/v2\/media\/35180"}],"wp:attachment":[{"href":"https:\/\/guialimeira.com.br\/news\/wp-json\/wp\/v2\/media?parent=35179"}],"wp:term":[{"taxonomy":"category","embeddable":true,"href":"https:\/\/guialimeira.com.br\/news\/wp-json\/wp\/v2\/categories?post=35179"},{"taxonomy":"post_tag","embeddable":true,"href":"https:\/\/guialimeira.com.br\/news\/wp-json\/wp\/v2\/tags?post=35179"}],"curies":[{"name":"wp","href":"https:\/\/api.w.org\/{rel}","templated":true}]}}