{"id":3517,"date":"2024-05-02T20:48:48","date_gmt":"2024-05-02T23:48:48","guid":{"rendered":"https:\/\/guialimeira.com.br\/2024\/05\/02\/equipe-selam-de-futsal-joga-nesta-sexta-dia-3-05-na-cidade-de-saltinho-portal-do-municipio-de-piracicaba\/"},"modified":"2024-05-02T20:48:48","modified_gmt":"2024-05-02T23:48:48","slug":"equipe-selam-de-futsal-joga-nesta-sexta-dia-3-05-na-cidade-de-saltinho-portal-do-municipio-de-piracicaba","status":"publish","type":"post","link":"https:\/\/guialimeira.com.br\/news\/equipe-selam-de-futsal-joga-nesta-sexta-dia-3-05-na-cidade-de-saltinho-portal-do-municipio-de-piracicaba\/","title":{"rendered":"Equipe Selam de futsal joga nesta sexta, dia 3\/05, na cidade de Saltinho \u2013 Portal do Munic\u00edpio de Piracicaba"},"content":{"rendered":"<p> <br \/>\n<\/p>\n<div>\n<p><em>Atletas de Piracicaba entram em quadra a partir das 18h, pela Copa de Futsal Portal Nova 15<\/em><\/p>\n<div class=\"wp-block-image\">\n<figure class=\"aligncenter size-full\"><img data-recalc-dims=\"1\" fetchpriority=\"high\" decoding=\"async\" width=\"681\" height=\"491\" src=\"https:\/\/i0.wp.com\/piracicaba.sp.gov.br\/wp-content\/uploads\/2024\/05\/Equipe-de-futsal-sub-11-participa-da-rodada-da-Copa-Portal-Nova-15-agendada-para-Saltinho.jpeg?resize=681%2C491&#038;ssl=1\" alt=\"\" class=\"wp-image-78315\" srcset=\"https:\/\/piracicaba.sp.gov.br\/wp-content\/uploads\/2024\/05\/Equipe-de-futsal-sub-11-participa-da-rodada-da-Copa-Portal-Nova-15-agendada-para-Saltinho.jpeg 681w, https:\/\/piracicaba.sp.gov.br\/wp-content\/uploads\/2024\/05\/Equipe-de-futsal-sub-11-participa-da-rodada-da-Copa-Portal-Nova-15-agendada-para-Saltinho-300x216.jpeg 300w\" sizes=\"(max-width: 681px) 100vw, 681px\"\/><figcaption class=\"wp-element-caption\"><strong>Equipe de futsal sub-11 participa da rodada da Copa Portal Nova 15, agendada para Saltinho<\/strong><\/figcaption><\/figure>\n<\/div>\n<p>A equipe de futsal da Selam (Secretaria de Esportes, Lazer e Atividades Motoras) entra em quadra nesta sexta-feira, dia 3\/05, para mais uma rodada da fase de classifica\u00e7\u00e3o da Copa de Futsal de Base Portal Nova 15.<\/p>\n<p>Com 100% de atletas formados pelo PDB (Programa Desporto de Base), que \u00e9 mantido pela Prefeitura de Piracicaba, as equipes de sub-10 e sub-12 s\u00e3o comandadas pelo t\u00e9cnico e professor de Educa\u00e7\u00e3o F\u00edsica da Selam Gustavo de Sousa Cerqueira.<\/p>\n<p>De acordo com o cronograma da rodada, as equipes piracicabanas entram em quadra a partir das 18h, com o confronto entre a equipe sub-10 do PDB\/Selam diante do Clube de Campo B e, logo ap\u00f3s, \u00e0s 18h50, \u00e9 a vez da equipe sub-12 PDB\/Selam enfrentar o Clube de Campo A. Todas as partidas ser\u00e3o disputadas na quadra municipal de Saltinho.<\/p>\n<p>De acordo com o t\u00e9cnico Gustavo de Sousa Cerqueira, as equipes que participam da competi\u00e7\u00e3o s\u00e3o formadas por alunos que integram as aulas gratuitas oferecidas pela Prefeitura. O professor explica que o torneio \u00e9 um ambiente farto de possibilidades para que os atletas possam viver a competitividade, sempre com um olhar voltado para o lado pedag\u00f3gico.<\/p>\n<p>\u201cO nosso foco n\u00e3o \u00e9 o resultado e nem tampouco o desenvolvimento das habilidades t\u00e9cnicas de cada atleta, mas permitir que o futsal seja um instrumento para a forma\u00e7\u00e3o humana com valores, princ\u00edpios e atitudes\u201d, ressalta o professor da Selam.<\/p>\n<p>Confira\u00a0os resultados\u00a0das equipes de futsal da Selam nas duas primeiras rodadas da fase de classifica\u00e7\u00e3o:<\/p>\n<p><strong>Sub-8 \u2013 Selam 3 x 0 CEC (Clube Empregados da Caterpillar)<\/strong><\/p>\n<p><strong>gols:<\/strong>\u00a0Matheus Delanhese, Levi Batista e Davi Romualdo<\/p>\n<p><strong>Sub-10 \u2013 Selam 2 x 0 Garotos da Serra\/Santa Maria da Serra<\/strong><\/p>\n<p><strong>gols:<\/strong>\u00a0Lucas Trevisan e Nicolas Miguel<\/p>\n<p><strong>Sub-8 \u2013 Selam 8 x 2 CEC (Clube de Empregados da Caterpillar)<\/strong><\/p>\n<p><strong>gols:<\/strong>\u00a0Arthur Gasparotti (3), gols de Miguel Lima (2), Davi Biazon (1), Isaac Apolin\u00e1rio (1) e Enzo Ferreira (1).<\/p>\n<p><strong>Sub-11 \u2013 Selam 1 x 6 Educando Campe\u00f5es<\/strong><\/p>\n<p><strong>gol:<\/strong>\u00a0Davi Polastri<\/p>\n<\/div>\n<p><br \/>\n<br \/><a href=\"https:\/\/piracicaba.sp.gov.br\/noticias\/equipe-selam-de-futsal-joga-nesta-sexta-dia-3-05-na-cidade-de-saltinho\/\" rel=\"noopener\">Informa\u00e7\u00f5es PMP <\/a><\/p>\n","protected":false},"excerpt":{"rendered":"<p>Atletas de Piracicaba entram em quadra a partir das 18h, pela Copa de Futsal Portal Nova 15 Equipe de futsal sub-11 participa da rodada da Copa Portal Nova 15, agendada para Saltinho A equipe de futsal da Selam (Secretaria de Esportes, Lazer e Atividades Motoras) entra em quadra nesta sexta-feira, dia 3\/05, para mais uma [&hellip;]<\/p>\n","protected":false},"author":1,"featured_media":3518,"comment_status":"open","ping_status":"open","sticky":false,"template":"","format":"standard","meta":{"_jetpack_newsletter_access":"","_jetpack_dont_email_post_to_subs":false,"_jetpack_newsletter_tier_id":0,"_jetpack_memberships_contains_paywalled_content":false,"_mbp_banners":[],"_jetpack_feature_clip_id":0,"_jetpack_memberships_contains_paid_content":false,"footnotes":"","jetpack_publicize_message":"","jetpack_publicize_feature_enabled":true,"jetpack_social_post_already_shared":true,"jetpack_social_options":{"image_generator_settings":{"template":"highway","default_image_id":0,"font":"","enabled":false},"version":2},"jetpack_post_was_ever_published":false},"categories":[20],"tags":[],"class_list":["post-3517","post","type-post","status-publish","format-standard","has-post-thumbnail","category-regiao"],"jetpack_publicize_connections":[],"jetpack-related-posts":[],"jetpack_shortlink":"https:\/\/wp.me\/p7Eq1F-UJ","jetpack_sharing_enabled":true,"jetpack_featured_media_url":"https:\/\/i0.wp.com\/guialimeira.com.br\/news\/wp-content\/uploads\/2024\/05\/Equipe-de-futsal-sub-11-participa-da-rodada-da-Copa-Portal-Nova-15-agendada-para-Saltinho.jpeg?fit=681%2C491&ssl=1","_links":{"self":[{"href":"https:\/\/guialimeira.com.br\/news\/wp-json\/wp\/v2\/posts\/3517","targetHints":{"allow":["GET"]}}],"collection":[{"href":"https:\/\/guialimeira.com.br\/news\/wp-json\/wp\/v2\/posts"}],"about":[{"href":"https:\/\/guialimeira.com.br\/news\/wp-json\/wp\/v2\/types\/post"}],"author":[{"embeddable":true,"href":"https:\/\/guialimeira.com.br\/news\/wp-json\/wp\/v2\/users\/1"}],"replies":[{"embeddable":true,"href":"https:\/\/guialimeira.com.br\/news\/wp-json\/wp\/v2\/comments?post=3517"}],"version-history":[{"count":0,"href":"https:\/\/guialimeira.com.br\/news\/wp-json\/wp\/v2\/posts\/3517\/revisions"}],"wp:featuredmedia":[{"embeddable":true,"href":"https:\/\/guialimeira.com.br\/news\/wp-json\/wp\/v2\/media\/3518"}],"wp:attachment":[{"href":"https:\/\/guialimeira.com.br\/news\/wp-json\/wp\/v2\/media?parent=3517"}],"wp:term":[{"taxonomy":"category","embeddable":true,"href":"https:\/\/guialimeira.com.br\/news\/wp-json\/wp\/v2\/categories?post=3517"},{"taxonomy":"post_tag","embeddable":true,"href":"https:\/\/guialimeira.com.br\/news\/wp-json\/wp\/v2\/tags?post=3517"}],"curies":[{"name":"wp","href":"https:\/\/api.w.org\/{rel}","templated":true}]}}