{"id":3515,"date":"2024-05-02T20:28:48","date_gmt":"2024-05-02T23:28:48","guid":{"rendered":"https:\/\/guialimeira.com.br\/2024\/05\/02\/tecipar-e-campea-do-torneio-1o-de-maio\/"},"modified":"2024-05-02T20:28:48","modified_gmt":"2024-05-02T23:28:48","slug":"tecipar-e-campea-do-torneio-1o-de-maio","status":"publish","type":"post","link":"https:\/\/guialimeira.com.br\/news\/tecipar-e-campea-do-torneio-1o-de-maio\/","title":{"rendered":"Tecipar \u00e9 campe\u00e3 do Torneio 1\u00ba de Maio"},"content":{"rendered":"<p> <br \/>\n<\/p>\n<div>\n            <main class=\"\">&#13;<br \/>\n                &#13;<br \/>\n&#13;<br \/>\n&#13;<br \/>\n&#13;<br \/>\n    <img data-recalc-dims=\"1\" decoding=\"async\" src=\"https:\/\/i0.wp.com\/ecrie.com.br\/sistema\/conteudos\/imagem\/m_137_0_1_02052024192708.jpg?w=696&#038;ssl=1\" alt=\"Tecipar \u00e9 campe\u00e3 do Torneio 1\u00ba de Maio\"\/>&#13;<br \/>\n&#13;<\/p>\n<p>O time da Tecipar conquistou o t\u00edtulo de campe\u00e3o do 76\u00ba Torneio 1\u00ba de Maio de futebol. A Tecipar venceu a equipe da Dana, por 3 a 0. A final foi realizada no Prad\u00e3o na manh\u00e3 desta quarta-feira (1).<\/p>\n<p>&#13;<\/p>\n<p>Al\u00e9m do t\u00edtulo, a Tecipar teve ainda o artilheiro da competi\u00e7\u00e3o, o jogador Matheus Cabral. J\u00e1 o goleiro menos vazado foi Guilherme da Cunha Claro, da empresa Mahle.<\/p>\n<p>&#13;<\/p>\n<p>O torneio teve a participa\u00e7\u00e3o de 37 empresas e 812 inscritos entre jogadores e comiss\u00e3o t\u00e9cnica.<\/p>\n<p>&#13;<\/p>\n<p>A Tecipar teve uma campanha de cinco vit\u00f3rias, incluindo a partida decisiva. A equipe venceu a Pralana (3 x0), a Uniplastic (5 x 0) e a CCS ( 3 x 1), nos p\u00eanaltis -jogos da primeira etapa do torneio, todos eles realizados no domingo (28), no campo do bairro Parronchi.<\/p>\n<p>&#13;<\/p>\n<p>Na fase final, a campe\u00e3 bateu a ZF (4 x 2), tamb\u00e9m nos p\u00eanaltis. E, finalmente, a Dana, por 3 a 0 na partida final.<\/p>\n<p>&#13;<\/p>\n<p>O prefeito Mario Botion esteve no Prad\u00e3o, onde acompanhou os jogos da fase final. A vereadora Lu Bogo e o vereador Everton Ferreira foram os respons\u00e1veis pela premia\u00e7\u00e3o da equipe campe\u00e3.<\/p>\n<p>&#13;<\/p>\n<p>\u00a0<\/p>\n<p>&#13;<\/p>\n<p>\u00a0<\/p>\n<p>&#13;<br \/>\n&#13;<br \/>\n&#13;<br \/>\n&#13;<\/p>\n<aside class=\"list-related no-print\">&#13;<br \/>\n        &#13;<br \/>\n&#13;<\/p>\n<article class=\"list-item noticias \">&#13;<br \/>\n                    <a class=\"list-item__img\" href=\"https:\/\/limeira.sp.gov.br\/imprensa\/noticias\/esporte-e-lazer\/definidos-finalistas-do-76-torneio-1-de-maio\" tabindex=\"-1\" aria-hidden=\"true\" rel=\"noopener\">&#13;<br \/>\n                        <img data-recalc-dims=\"1\" decoding=\"async\" src=\"https:\/\/i0.wp.com\/ecrie.com.br\/sistema\/conteudos\/imagem\/m_137_0_1_30042024122250.jpg?w=696&#038;ssl=1\" alt=\"Definidos finalistas do 76\u00ba Torneio \u201c1\u00ba de Maio\u201d\"\/>&#13;<br \/>\n                    <\/a>&#13;<br \/>\n&#13;<br \/>\n                &#13;<br \/>\n            <\/article>\n<p>&#13;<\/p>\n<article class=\"list-item noticias \">&#13;<br \/>\n                    <a class=\"list-item__img\" href=\"https:\/\/limeira.sp.gov.br\/imprensa\/noticias\/esporte-e-lazer\/copa-jaboti-segue-com-jogos-ao-longo-da-semana\" tabindex=\"-1\" aria-hidden=\"true\" rel=\"noopener\">&#13;<br \/>\n                        <img data-recalc-dims=\"1\" decoding=\"async\" src=\"https:\/\/i0.wp.com\/ecrie.com.br\/sistema\/conteudos\/imagem\/m_137_0_1_29042024164135.jpeg?w=696&#038;ssl=1\" alt=\"Copa Jaboti segue com jogos ao longo da semana\"\/>&#13;<br \/>\n                    <\/a>&#13;<br \/>\n&#13;<br \/>\n                &#13;<br \/>\n            <\/article>\n<p>&#13;<\/p>\n<article class=\"list-item noticias \">&#13;<br \/>\n                    <a class=\"list-item__img\" href=\"https:\/\/limeira.sp.gov.br\/imprensa\/noticias\/esporte-e-lazer\/limeira-conquista-8-lugar-nos-jogos-da-melhor-idade-etapa-casa-branca\" tabindex=\"-1\" aria-hidden=\"true\" rel=\"noopener\">&#13;<br \/>\n                        <img data-recalc-dims=\"1\" decoding=\"async\" src=\"https:\/\/i0.wp.com\/ecrie.com.br\/sistema\/conteudos\/imagem\/m_137_0_1_25042024145341.jpg?w=696&#038;ssl=1\" alt=\"Limeira conquista 8\u00ba lugar nos Jogos da Melhor Idade, etapa Casa Branca\"\/>&#13;<br \/>\n                    <\/a>&#13;<br \/>\n&#13;<br \/>\n                &#13;<br \/>\n            <\/article>\n<p>&#13;<br \/>\n    <\/aside>\n<p>&#13;<br \/>\n&#13;<br \/>\n            <\/main><\/p><\/div>\n<p><br \/>\n<br \/><a href=\"https:\/\/limeira.sp.gov.br\/tecipar-e-campea-do-torneio-1-de-maio\" rel=\"noopener\">Informa\u00e7\u00f5es da PML <\/a><\/p>\n","protected":false},"excerpt":{"rendered":"<p>&#13; &#13; &#13; &#13; &#13; &#13; &#13; O time da Tecipar conquistou o t\u00edtulo de campe\u00e3o do 76\u00ba Torneio 1\u00ba de Maio de futebol. A Tecipar venceu a equipe da Dana, por 3 a 0. A final foi realizada no Prad\u00e3o na manh\u00e3 desta quarta-feira (1). &#13; Al\u00e9m do t\u00edtulo, a Tecipar teve ainda o [&hellip;]<\/p>\n","protected":false},"author":1,"featured_media":3516,"comment_status":"open","ping_status":"open","sticky":false,"template":"","format":"standard","meta":{"_jetpack_newsletter_access":"","_jetpack_dont_email_post_to_subs":false,"_jetpack_newsletter_tier_id":0,"_jetpack_memberships_contains_paywalled_content":false,"_mbp_banners":[],"_jetpack_feature_clip_id":0,"_jetpack_memberships_contains_paid_content":false,"footnotes":"","jetpack_publicize_message":"","jetpack_publicize_feature_enabled":true,"jetpack_social_post_already_shared":true,"jetpack_social_options":{"image_generator_settings":{"template":"highway","default_image_id":0,"font":"","enabled":false},"version":2},"jetpack_post_was_ever_published":false},"categories":[16],"tags":[],"class_list":["post-3515","post","type-post","status-publish","format-standard","has-post-thumbnail","category-local"],"jetpack_publicize_connections":[],"jetpack-related-posts":[],"jetpack_shortlink":"https:\/\/wp.me\/p7Eq1F-UH","jetpack_sharing_enabled":true,"jetpack_featured_media_url":"https:\/\/i0.wp.com\/guialimeira.com.br\/news\/wp-content\/uploads\/2024\/05\/m_137_0_1_02052024192708.jpg?fit=1280%2C852&ssl=1","_links":{"self":[{"href":"https:\/\/guialimeira.com.br\/news\/wp-json\/wp\/v2\/posts\/3515","targetHints":{"allow":["GET"]}}],"collection":[{"href":"https:\/\/guialimeira.com.br\/news\/wp-json\/wp\/v2\/posts"}],"about":[{"href":"https:\/\/guialimeira.com.br\/news\/wp-json\/wp\/v2\/types\/post"}],"author":[{"embeddable":true,"href":"https:\/\/guialimeira.com.br\/news\/wp-json\/wp\/v2\/users\/1"}],"replies":[{"embeddable":true,"href":"https:\/\/guialimeira.com.br\/news\/wp-json\/wp\/v2\/comments?post=3515"}],"version-history":[{"count":0,"href":"https:\/\/guialimeira.com.br\/news\/wp-json\/wp\/v2\/posts\/3515\/revisions"}],"wp:featuredmedia":[{"embeddable":true,"href":"https:\/\/guialimeira.com.br\/news\/wp-json\/wp\/v2\/media\/3516"}],"wp:attachment":[{"href":"https:\/\/guialimeira.com.br\/news\/wp-json\/wp\/v2\/media?parent=3515"}],"wp:term":[{"taxonomy":"category","embeddable":true,"href":"https:\/\/guialimeira.com.br\/news\/wp-json\/wp\/v2\/categories?post=3515"},{"taxonomy":"post_tag","embeddable":true,"href":"https:\/\/guialimeira.com.br\/news\/wp-json\/wp\/v2\/tags?post=3515"}],"curies":[{"name":"wp","href":"https:\/\/api.w.org\/{rel}","templated":true}]}}