{"id":35094,"date":"2025-06-03T23:25:42","date_gmt":"2025-06-04T02:25:42","guid":{"rendered":"https:\/\/guialimeira.com.br\/2025\/06\/03\/paralimpiada-de-2028-tera-560-provas-com-direito-a-medalhas\/"},"modified":"2025-06-03T23:25:42","modified_gmt":"2025-06-04T02:25:42","slug":"paralimpiada-de-2028-tera-560-provas-com-direito-a-medalhas","status":"publish","type":"post","link":"https:\/\/guialimeira.com.br\/news\/paralimpiada-de-2028-tera-560-provas-com-direito-a-medalhas\/","title":{"rendered":"Paralimp\u00edada de 2028 ter\u00e1 560 provas com direito a medalhas"},"content":{"rendered":"<p> <br \/>\n<\/p>\n<div>\n<p>Os Jogos Paral\u00edmpicos de 2028, que ser\u00e3o sediados em Los Angeles (Estados Unidos), ter\u00e3o o total de 560 provas com direito a medalhas (considerando todas as 23 modalidades), informaram nesta ter\u00e7a-feira (3) o Comit\u00ea Paral\u00edmpico Internacional (IPC, na sigla em ingl\u00eas) e o Comit\u00ea Organizador da competi\u00e7\u00e3o.<img data-recalc-dims=\"1\" decoding=\"async\" src=\"https:\/\/i0.wp.com\/agenciabrasil.ebc.com.br\/ebc.png?w=696&#038;ssl=1\" style=\"width:1px; height:1px; display:inline;\"\/><img data-recalc-dims=\"1\" decoding=\"async\" src=\"https:\/\/i0.wp.com\/agenciabrasil.ebc.com.br\/ebc.gif?w=696&#038;ssl=1\" style=\"width:1px; height:1px; display:inline;\"\/><\/p>\n<p>Nesta mesma oportunidade foi anunciado que o megaevento esportivo, que ser\u00e1 realizado entre os dias 15 e 27 de agosto de 2028, ter\u00e1 o total de 4.480 vagas para atletas com defici\u00eancia (80 a mais do n\u00famero de vagas para os Jogos de Paris e de T\u00f3quio, que n\u00e3o contavam com a disputa da escalada, novidade nos Jogos de 2028).<\/p>\n<p>Segundo o comunicado emitido pelo IPC e pelo Comit\u00ea Organizados dos Jogos de 2028, haver\u00e1 247 provas de medalhas para mulheres e 267 para homens. J\u00e1 o n\u00famero de provas de medalhas abertas ou mistas \u00e9 de 46.<\/p>\n<p>Na \u00faltima edi\u00e7\u00e3o dos Jogos Paral\u00edmpicos, que foram disputados em Paris (2024), o Brasil conquistou a sua melhor campanha em uma edi\u00e7\u00e3o do evento, garantindo a quinta posi\u00e7\u00e3o no quadro de medalhas com 25 medalhas de ouro, 26 de prata e 38 de bronze.<\/p>\n<p>      <!-- Relacionada --><\/p>\n<p>            <!-- Relacionada -->\n    <\/div>\n<p><br \/>\n<br \/><a href=\"https:\/\/agenciabrasil.ebc.com.br\/esportes\/noticia\/2025-06\/paralimpiada-de-2028-tera-560-provas-com-direito-medalhas\" rel=\"noopener\">Ag\u00eancia Brasil<\/a><\/p>\n","protected":false},"excerpt":{"rendered":"<p>Os Jogos Paral\u00edmpicos de 2028, que ser\u00e3o sediados em Los Angeles (Estados Unidos), ter\u00e3o o total de 560 provas com direito a medalhas (considerando todas as 23 modalidades), informaram nesta ter\u00e7a-feira (3) o Comit\u00ea Paral\u00edmpico Internacional (IPC, na sigla em ingl\u00eas) e o Comit\u00ea Organizador da competi\u00e7\u00e3o. Nesta mesma oportunidade foi anunciado que o megaevento [&hellip;]<\/p>\n","protected":false},"author":1,"featured_media":35095,"comment_status":"open","ping_status":"open","sticky":false,"template":"","format":"standard","meta":{"_jetpack_newsletter_access":"","_jetpack_dont_email_post_to_subs":false,"_jetpack_newsletter_tier_id":0,"_jetpack_memberships_contains_paywalled_content":false,"_mbp_banners":[],"_jetpack_feature_clip_id":0,"_jetpack_memberships_contains_paid_content":false,"footnotes":"","jetpack_publicize_message":"","jetpack_publicize_feature_enabled":true,"jetpack_social_post_already_shared":true,"jetpack_social_options":{"image_generator_settings":{"template":"highway","default_image_id":0,"font":"","enabled":false},"version":2},"jetpack_post_was_ever_published":false},"categories":[23],"tags":[],"class_list":["post-35094","post","type-post","status-publish","format-standard","has-post-thumbnail","category-esportes"],"jetpack_publicize_connections":[],"jetpack-related-posts":[],"jetpack_shortlink":"https:\/\/wp.me\/p7Eq1F-982","jetpack_sharing_enabled":true,"jetpack_featured_media_url":"https:\/\/i0.wp.com\/guialimeira.com.br\/news\/wp-content\/uploads\/2025\/06\/2025-05-08t175854z_1366129872_rc2qdea0v9km_rtrmadp_3_olympics-2028-ceremony.jpg?fit=1600%2C800&ssl=1","_links":{"self":[{"href":"https:\/\/guialimeira.com.br\/news\/wp-json\/wp\/v2\/posts\/35094","targetHints":{"allow":["GET"]}}],"collection":[{"href":"https:\/\/guialimeira.com.br\/news\/wp-json\/wp\/v2\/posts"}],"about":[{"href":"https:\/\/guialimeira.com.br\/news\/wp-json\/wp\/v2\/types\/post"}],"author":[{"embeddable":true,"href":"https:\/\/guialimeira.com.br\/news\/wp-json\/wp\/v2\/users\/1"}],"replies":[{"embeddable":true,"href":"https:\/\/guialimeira.com.br\/news\/wp-json\/wp\/v2\/comments?post=35094"}],"version-history":[{"count":0,"href":"https:\/\/guialimeira.com.br\/news\/wp-json\/wp\/v2\/posts\/35094\/revisions"}],"wp:featuredmedia":[{"embeddable":true,"href":"https:\/\/guialimeira.com.br\/news\/wp-json\/wp\/v2\/media\/35095"}],"wp:attachment":[{"href":"https:\/\/guialimeira.com.br\/news\/wp-json\/wp\/v2\/media?parent=35094"}],"wp:term":[{"taxonomy":"category","embeddable":true,"href":"https:\/\/guialimeira.com.br\/news\/wp-json\/wp\/v2\/categories?post=35094"},{"taxonomy":"post_tag","embeddable":true,"href":"https:\/\/guialimeira.com.br\/news\/wp-json\/wp\/v2\/tags?post=35094"}],"curies":[{"name":"wp","href":"https:\/\/api.w.org\/{rel}","templated":true}]}}