{"id":3509,"date":"2024-05-02T19:47:43","date_gmt":"2024-05-02T22:47:43","guid":{"rendered":"https:\/\/guialimeira.com.br\/2024\/05\/02\/biblioteca-municipal-realiza-palestra-sobre-maternidade-neste-sabado-4-05-portal-do-municipio-de-piracicaba\/"},"modified":"2024-05-02T19:47:43","modified_gmt":"2024-05-02T22:47:43","slug":"biblioteca-municipal-realiza-palestra-sobre-maternidade-neste-sabado-4-05-portal-do-municipio-de-piracicaba","status":"publish","type":"post","link":"https:\/\/guialimeira.com.br\/news\/biblioteca-municipal-realiza-palestra-sobre-maternidade-neste-sabado-4-05-portal-do-municipio-de-piracicaba\/","title":{"rendered":"Biblioteca Municipal realiza palestra sobre maternidade neste s\u00e1bado, 4\/05 \u2013 Portal do Munic\u00edpio de Piracicaba"},"content":{"rendered":"<p> <br \/>\n<\/p>\n<div itemprop=\"articleBody\">\n<div class=\"m-auto col-lg-8\">\n<figure class=\"text-center\">\n<img data-recalc-dims=\"1\" width=\"696\" height=\"870\" src=\"https:\/\/i0.wp.com\/piracicaba.sp.gov.br\/wp-content\/uploads\/2024\/05\/Polly-Rodrigues-traz-sua-jornada-de-determinacao-e-paixao-para-o-debate-819x1024.jpeg?resize=696%2C870&#038;ssl=1\" class=\"img-fluid img-thumbnail border-1 wp-post-image\" alt=\"Polly Rodrigues traz sua jornada de determina\u00e7\u00e3o e paix\u00e3o para o debate\" itemprop=\"image\" decoding=\"async\" fetchpriority=\"high\" srcset=\"https:\/\/piracicaba.sp.gov.br\/wp-content\/uploads\/2024\/05\/Polly-Rodrigues-traz-sua-jornada-de-determinacao-e-paixao-para-o-debate-819x1024.jpeg 819w, https:\/\/piracicaba.sp.gov.br\/wp-content\/uploads\/2024\/05\/Polly-Rodrigues-traz-sua-jornada-de-determinacao-e-paixao-para-o-debate-240x300.jpeg 240w, https:\/\/piracicaba.sp.gov.br\/wp-content\/uploads\/2024\/05\/Polly-Rodrigues-traz-sua-jornada-de-determinacao-e-paixao-para-o-debate-768x960.jpeg 768w, https:\/\/piracicaba.sp.gov.br\/wp-content\/uploads\/2024\/05\/Polly-Rodrigues-traz-sua-jornada-de-determinacao-e-paixao-para-o-debate.jpeg 1024w\" sizes=\"(max-width: 819px) 100vw, 819px\"\/><figcaption class=\"text-center small fw-bold fst-italic mt-1\">Polly Rodrigues traz sua jornada de determina\u00e7\u00e3o e paix\u00e3o para o debate<\/figcaption><\/figure>\n<p>Em homenagem ao Dia das M\u00e3es e ao Maio Furta-Cor, a Biblioteca Municipal Ricardo Ferraz de Arruda Pinto apresenta neste s\u00e1bado, 4\/05, \u00e0s 9h, a palestra Aceita\u00e7\u00e3o e Imperfei\u00e7\u00e3o: Abra\u00e7ando a Realidade Materna. Nesta atividade, a doula Carol dos Anjos e a estudante de enfermagem Polly Rodrigues, duas mulheres inspiradoras, compartilhar\u00e3o suas experi\u00eancias e reflex\u00f5es sobre maternidade, aceita\u00e7\u00e3o e a beleza da imperfei\u00e7\u00e3o. A entrada \u00e9 gratuita.<\/p>\n<p>Carol dos Anjos \u00e9 m\u00e3e desde 2013, doula formada e educadora perinatal, \u00e9 defensora ativa dos direitos das mulheres, especialmente no que diz respeito ao parto digno e aos direitos sexuais e reprodutivos. Natural de Piracicaba, \u00e9 tamb\u00e9m integrante do Comit\u00ea Municipal de Aleitamento Materno e Alimenta\u00e7\u00e3o Complementar, contribuindo para uma maternidade mais informada e acolhedora.<\/p>\n<p>Por sua vez, Polly Rodrigues, m\u00e3e de dois filhos e apaixonada por artesanato, traz sua jornada de determina\u00e7\u00e3o e paix\u00e3o para o debate. Ap\u00f3s sua decis\u00e3o de estudar Enfermagem, Polly demonstrou a capacidade de equilibrar m\u00faltiplos pap\u00e9is em sua vida profissional e pessoal.<\/p>\n<p>\u201cA palestra promete ser um momento de reflex\u00e3o, trocas e inspira\u00e7\u00e3o para todas as m\u00e3es e outras cuidadoras presentes, proporcionando uma oportunidade valiosa de celebrar a diversidade e a for\u00e7a da maternidade\u201d, destaca Melysse Martin, diretora da biblioteca.<\/p>\n<p><strong>SERVI\u00c7O<\/strong>\u00a0\u2013 Palestra Aceita\u00e7\u00e3o e Imperfei\u00e7\u00e3o: Abra\u00e7ando a Realidade Materna. S\u00e1bado, 4\/05, \u00e0s 9h, na Biblioteca Municipal Ricardo Ferraz de Arruda Pinto. Na rua Saldanha Marinho, 333. Classifica\u00e7\u00e3o livre. Entrada gratuita. Informa\u00e7\u00f5es (19) 3433-3674.<\/p>\n<\/div>\n<\/div>\n<p><br \/>\n<br \/><a href=\"https:\/\/piracicaba.sp.gov.br\/noticias\/biblioteca-municipal-realiza-palestra-sobre-maternidade-neste-sabado-4-05\/\" rel=\"noopener\">Informa\u00e7\u00f5es PMP <\/a><\/p>\n","protected":false},"excerpt":{"rendered":"<p>Polly Rodrigues traz sua jornada de determina\u00e7\u00e3o e paix\u00e3o para o debate Em homenagem ao Dia das M\u00e3es e ao Maio Furta-Cor, a Biblioteca Municipal Ricardo Ferraz de Arruda Pinto apresenta neste s\u00e1bado, 4\/05, \u00e0s 9h, a palestra Aceita\u00e7\u00e3o e Imperfei\u00e7\u00e3o: Abra\u00e7ando a Realidade Materna. Nesta atividade, a doula Carol dos Anjos e a estudante [&hellip;]<\/p>\n","protected":false},"author":1,"featured_media":3510,"comment_status":"open","ping_status":"open","sticky":false,"template":"","format":"standard","meta":{"_jetpack_newsletter_access":"","_jetpack_dont_email_post_to_subs":false,"_jetpack_newsletter_tier_id":0,"_jetpack_memberships_contains_paywalled_content":false,"_mbp_banners":[],"_jetpack_feature_clip_id":0,"_jetpack_memberships_contains_paid_content":false,"footnotes":"","jetpack_publicize_message":"","jetpack_publicize_feature_enabled":true,"jetpack_social_post_already_shared":true,"jetpack_social_options":{"image_generator_settings":{"template":"highway","default_image_id":0,"font":"","enabled":false},"version":2},"jetpack_post_was_ever_published":false},"categories":[20],"tags":[],"class_list":["post-3509","post","type-post","status-publish","format-standard","has-post-thumbnail","category-regiao"],"jetpack_publicize_connections":[],"jetpack-related-posts":[],"jetpack_shortlink":"https:\/\/wp.me\/p7Eq1F-UB","jetpack_sharing_enabled":true,"jetpack_featured_media_url":"https:\/\/i0.wp.com\/guialimeira.com.br\/news\/wp-content\/uploads\/2024\/05\/Polly-Rodrigues-traz-sua-jornada-de-determinacao-e-paixao-para-o-debate.jpeg?fit=1024%2C1280&ssl=1","_links":{"self":[{"href":"https:\/\/guialimeira.com.br\/news\/wp-json\/wp\/v2\/posts\/3509","targetHints":{"allow":["GET"]}}],"collection":[{"href":"https:\/\/guialimeira.com.br\/news\/wp-json\/wp\/v2\/posts"}],"about":[{"href":"https:\/\/guialimeira.com.br\/news\/wp-json\/wp\/v2\/types\/post"}],"author":[{"embeddable":true,"href":"https:\/\/guialimeira.com.br\/news\/wp-json\/wp\/v2\/users\/1"}],"replies":[{"embeddable":true,"href":"https:\/\/guialimeira.com.br\/news\/wp-json\/wp\/v2\/comments?post=3509"}],"version-history":[{"count":0,"href":"https:\/\/guialimeira.com.br\/news\/wp-json\/wp\/v2\/posts\/3509\/revisions"}],"wp:featuredmedia":[{"embeddable":true,"href":"https:\/\/guialimeira.com.br\/news\/wp-json\/wp\/v2\/media\/3510"}],"wp:attachment":[{"href":"https:\/\/guialimeira.com.br\/news\/wp-json\/wp\/v2\/media?parent=3509"}],"wp:term":[{"taxonomy":"category","embeddable":true,"href":"https:\/\/guialimeira.com.br\/news\/wp-json\/wp\/v2\/categories?post=3509"},{"taxonomy":"post_tag","embeddable":true,"href":"https:\/\/guialimeira.com.br\/news\/wp-json\/wp\/v2\/tags?post=3509"}],"curies":[{"name":"wp","href":"https:\/\/api.w.org\/{rel}","templated":true}]}}