{"id":35080,"date":"2025-06-03T20:22:37","date_gmt":"2025-06-03T23:22:37","guid":{"rendered":"https:\/\/guialimeira.com.br\/2025\/06\/03\/marquinhos-espera-que-selecao-se-adapte-rapidamente-a-ancelotti\/"},"modified":"2025-06-03T20:22:37","modified_gmt":"2025-06-03T23:22:37","slug":"marquinhos-espera-que-selecao-se-adapte-rapidamente-a-ancelotti","status":"publish","type":"post","link":"https:\/\/guialimeira.com.br\/news\/marquinhos-espera-que-selecao-se-adapte-rapidamente-a-ancelotti\/","title":{"rendered":"Marquinhos espera que sele\u00e7\u00e3o se adapte rapidamente a Ancelotti"},"content":{"rendered":"<p> <br \/>\n<\/p>\n<div>\n<p>Na opini\u00e3o do zagueiro Marquinhos, os jogadores da sele\u00e7\u00e3o brasileira se adaptar\u00e3o rapidamente ao t\u00e9cnico italiano Carlo Ancelotti. O jogador do PSG (Fran\u00e7a) deu esta declara\u00e7\u00e3o em entrevista coletiva concedida nesta ter\u00e7a-feira (3) no Centro de Treinamento do Corinthians, em S\u00e3o Paulo.<img data-recalc-dims=\"1\" decoding=\"async\" src=\"https:\/\/i0.wp.com\/agenciabrasil.ebc.com.br\/ebc.png?w=696&#038;ssl=1\" style=\"width:1px; height:1px; display:inline;\"\/><img data-recalc-dims=\"1\" decoding=\"async\" src=\"https:\/\/i0.wp.com\/agenciabrasil.ebc.com.br\/ebc.gif?w=696&#038;ssl=1\" style=\"width:1px; height:1px; display:inline;\"\/><\/p>\n<blockquote class=\"instagram-media\" data-instgrm-captioned=\"\" data-instgrm-permalink=\"https:\/\/www.instagram.com\/p\/DKa8EvlNtna\/?utm_source=ig_embed&amp;utm_campaign=loading\" data-instgrm-version=\"14\" style=\" background:#FFF; border:0; border-radius:3px; box-shadow:0 0 1px 0 rgba(0,0,0,0.5),0 1px 10px 0 rgba(0,0,0,0.15); margin: 1px; max-width:540px; min-width:326px; padding:0; width:99.375%; width:-webkit-calc(100% - 2px); width:calc(100% - 2px);\">\n<\/blockquote>\n<p>\u201cAs expectativas, o desejo e a ambi\u00e7\u00e3o s\u00e3o as melhores poss\u00edveis. O treinador j\u00e1 mostrou a for\u00e7a que tem e o que pode fazer no futebol, a intelig\u00eancia que tem. Foi isso que a sele\u00e7\u00e3o foi buscar nele [&#8230;]. Com a experi\u00eancia que ele tem, essa adapta\u00e7\u00e3o ser\u00e1 muito r\u00e1pida. J\u00e1 vimos ele ter muita estrat\u00e9gia, ter os jogadores na m\u00e3o e isso \u00e9 importante para uma sele\u00e7\u00e3o\u201d, declarou o capit\u00e3o do PSG, que conquistou o seu primeiro t\u00edtulo da Liga dos Campe\u00f5es no \u00faltimo s\u00e1bado (31).<\/p>\n<h2>Treino e viagem<\/h2>\n<p>Nesta ter\u00e7a a sele\u00e7\u00e3o brasileira realizou sua segunda atividade sob o comando de Carlo Ancelotti. Ap\u00f3s o treino realizado em S\u00e3o Paulo, o time do Brasil seguiu para a cidade de Guayaquil, na qual enfrenta o Equador pelas Eliminat\u00f3rias Sul-Americanas para a Copa do Mundo, a partir das 20h (hor\u00e1rio de Bras\u00edlia) da pr\u00f3xima quinta-feira (5), no est\u00e1dio Monumental Isidro Romero Carbo. A <strong>R\u00e1dio Nacional<\/strong> transmite a partida ao vivo.<\/p>\n<blockquote class=\"instagram-media\" data-instgrm-captioned=\"\" data-instgrm-permalink=\"https:\/\/www.instagram.com\/reel\/DKc9V5nPqMR\/?utm_source=ig_embed&amp;utm_campaign=loading\" data-instgrm-version=\"14\" style=\" background:#FFF; border:0; border-radius:3px; box-shadow:0 0 1px 0 rgba(0,0,0,0.5),0 1px 10px 0 rgba(0,0,0,0.15); margin: 1px; max-width:540px; min-width:326px; padding:0; width:99.375%; width:-webkit-calc(100% - 2px); width:calc(100% - 2px);\">\n<\/blockquote>\n<p>Antes da partida, a sele\u00e7\u00e3o ainda realizar\u00e1 mais um treino, na pr\u00f3xima quarta-feira (4) a partir das 17h30 (hor\u00e1rio local) no palco da partida.<\/p>\n<p>      <!-- Relacionada --><\/p>\n<p>            <!-- Relacionada -->\n    <\/div>\n<p><script async src=\"\/\/www.instagram.com\/embed.js\"><\/script><br \/>\n<br \/><br \/>\n<br \/><a href=\"https:\/\/agenciabrasil.ebc.com.br\/esportes\/noticia\/2025-06\/marquinhos-espera-que-selecao-se-adapte-rapidamente-ancelotti\" rel=\"noopener\">Ag\u00eancia Brasil<\/a><\/p>\n","protected":false},"excerpt":{"rendered":"<p>Na opini\u00e3o do zagueiro Marquinhos, os jogadores da sele\u00e7\u00e3o brasileira se adaptar\u00e3o rapidamente ao t\u00e9cnico italiano Carlo Ancelotti. O jogador do PSG (Fran\u00e7a) deu esta declara\u00e7\u00e3o em entrevista coletiva concedida nesta ter\u00e7a-feira (3) no Centro de Treinamento do Corinthians, em S\u00e3o Paulo. \u201cAs expectativas, o desejo e a ambi\u00e7\u00e3o s\u00e3o as melhores poss\u00edveis. O treinador [&hellip;]<\/p>\n","protected":false},"author":1,"featured_media":35081,"comment_status":"open","ping_status":"open","sticky":false,"template":"","format":"standard","meta":{"_jetpack_newsletter_access":"","_jetpack_dont_email_post_to_subs":false,"_jetpack_newsletter_tier_id":0,"_jetpack_memberships_contains_paywalled_content":false,"_mbp_banners":[],"_jetpack_feature_clip_id":0,"_jetpack_memberships_contains_paid_content":false,"footnotes":"","jetpack_publicize_message":"","jetpack_publicize_feature_enabled":true,"jetpack_social_post_already_shared":true,"jetpack_social_options":{"image_generator_settings":{"template":"highway","default_image_id":0,"font":"","enabled":false},"version":2},"jetpack_post_was_ever_published":false},"categories":[23],"tags":[],"class_list":["post-35080","post","type-post","status-publish","format-standard","has-post-thumbnail","category-esportes"],"jetpack_publicize_connections":[],"jetpack-related-posts":[],"jetpack_shortlink":"https:\/\/wp.me\/p7Eq1F-97O","jetpack_sharing_enabled":true,"jetpack_featured_media_url":"https:\/\/i0.wp.com\/guialimeira.com.br\/news\/wp-content\/uploads\/2025\/06\/54564770092_f07e6d8a1a_o.jpg?fit=1600%2C800&ssl=1","_links":{"self":[{"href":"https:\/\/guialimeira.com.br\/news\/wp-json\/wp\/v2\/posts\/35080","targetHints":{"allow":["GET"]}}],"collection":[{"href":"https:\/\/guialimeira.com.br\/news\/wp-json\/wp\/v2\/posts"}],"about":[{"href":"https:\/\/guialimeira.com.br\/news\/wp-json\/wp\/v2\/types\/post"}],"author":[{"embeddable":true,"href":"https:\/\/guialimeira.com.br\/news\/wp-json\/wp\/v2\/users\/1"}],"replies":[{"embeddable":true,"href":"https:\/\/guialimeira.com.br\/news\/wp-json\/wp\/v2\/comments?post=35080"}],"version-history":[{"count":0,"href":"https:\/\/guialimeira.com.br\/news\/wp-json\/wp\/v2\/posts\/35080\/revisions"}],"wp:featuredmedia":[{"embeddable":true,"href":"https:\/\/guialimeira.com.br\/news\/wp-json\/wp\/v2\/media\/35081"}],"wp:attachment":[{"href":"https:\/\/guialimeira.com.br\/news\/wp-json\/wp\/v2\/media?parent=35080"}],"wp:term":[{"taxonomy":"category","embeddable":true,"href":"https:\/\/guialimeira.com.br\/news\/wp-json\/wp\/v2\/categories?post=35080"},{"taxonomy":"post_tag","embeddable":true,"href":"https:\/\/guialimeira.com.br\/news\/wp-json\/wp\/v2\/tags?post=35080"}],"curies":[{"name":"wp","href":"https:\/\/api.w.org\/{rel}","templated":true}]}}