{"id":3503,"date":"2024-05-02T19:07:49","date_gmt":"2024-05-02T22:07:49","guid":{"rendered":"https:\/\/guialimeira.com.br\/2024\/05\/02\/dolar-cai-para-r-511-com-alivio-externo-e-decisao-da-agencia-moodys\/"},"modified":"2024-05-02T19:07:49","modified_gmt":"2024-05-02T22:07:49","slug":"dolar-cai-para-r-511-com-alivio-externo-e-decisao-da-agencia-moodys","status":"publish","type":"post","link":"https:\/\/guialimeira.com.br\/news\/dolar-cai-para-r-511-com-alivio-externo-e-decisao-da-agencia-moodys\/","title":{"rendered":"D\u00f3lar cai para R$ 5,11 com al\u00edvio externo e decis\u00e3o da ag\u00eancia Moody\u2019s"},"content":{"rendered":"<p> <br \/>\n<\/p>\n<div>\n<p>Embalado pelo cen\u00e1rio internacional e pela melhoria da perspectiva da nota de cr\u00e9dito do Brasil, o mercado financeiro teve um dia de al\u00edvio. O d\u00f3lar teve forte queda e voltou a aproximar-se de R$ 5,10. A bolsa de valores subiu quase 1% e recuperou os 127 mil pontos.<img data-recalc-dims=\"1\" decoding=\"async\" src=\"https:\/\/i0.wp.com\/agenciabrasil.ebc.com.br\/ebc.png?w=696&#038;ssl=1\" style=\"width:1px; height:1px; display:inline;\"\/><img data-recalc-dims=\"1\" decoding=\"async\" src=\"https:\/\/i0.wp.com\/agenciabrasil.ebc.com.br\/ebc.gif?w=696&#038;ssl=1\" style=\"width:1px; height:1px; display:inline;\"\/><\/p>\n<p>O d\u00f3lar comercial encerrou esta quinta-feira (2) vendido a R$ 5,113, com recuo de R$ 0,079 (-1,53%). A cota\u00e7\u00e3o operou em baixa durante toda a sess\u00e3o. Na m\u00ednima do dia, por volta das 14h45, chegou a R$ 5,10, mas operou em torno de R$ 5,11 nas horas finais de negocia\u00e7\u00e3o porque investidores aproveitaram para comprar d\u00f3lar mais barato.<\/p>\n<p>A moeda norte-americana est\u00e1 no menor valor desde 11 de abril, quando\u00a0fechou a R$ 5,09. Em 2024, a divisa acumula alta de 5,36%.<\/p>\n<p>No mercado de a\u00e7\u00f5es, o dia foi marcado por ganhos. O \u00edndice Ibovespa, da B3, fechou aos 127.122 pontos, com alta de 0,95%. O indicador quase rep\u00f4s as perdas da \u00faltima ter\u00e7a-feira (30).<\/p>\n<p>No exterior, o mercado global teve um dia de al\u00edvio ap\u00f3s o presidente do Federal Reserve (Fed, Banco Central norte-americano), Jerome Powell, indicar que um eventual atraso no in\u00edcio da queda de juros na maior economia do planeta n\u00e3o significa novas eleva\u00e7\u00f5es de taxas. Isso reduziu a migra\u00e7\u00e3o de recursos para os t\u00edtulos do Tesouro norte-americano e atenuou as press\u00f5es sobre pa\u00edses emergentes, como o Brasil.<\/p>\n<p>No cen\u00e1rio interno, os investidores repercutiram a <a href=\"https:\/\/agenciabrasil.ebc.com.br\/economia\/noticia\/2024-05\/agencia-moodys-melhora-perspectiva-da-nota-de-credito-do-brasil\" target=\"_blank\" rel=\"noopener\">decis\u00e3o da ag\u00eancia de classifica\u00e7\u00e3o de risco\u00a0Moody\u2019s <\/a>de elevar a perspectiva da nota de cr\u00e9dito brasileira. Nos pr\u00f3ximos meses, a ag\u00eancia pode melhorar a classifica\u00e7\u00e3o do Brasil caso o crescimento econ\u00f4mico e um \u201cprogresso cont\u00ednuo, embora gradual\u201d para o reequil\u00edbrio das contas p\u00fablicas estabilizem a d\u00edvida p\u00fablica do pa\u00eds.<\/p>\n<p><em>*Com informa\u00e7\u00f5es da Reuters<\/em><\/p>\n<\/p><\/div>\n<p><br \/>\n<br \/><a href=\"https:\/\/agenciabrasil.ebc.com.br\/economia\/noticia\/2024-05\/dolar-cai-para-r-511-com-alivio-externo-e-decisao-da-agencia-moodys\" rel=\"noopener\">Ag\u00eancia Brasil<\/a><\/p>\n","protected":false},"excerpt":{"rendered":"<p>Embalado pelo cen\u00e1rio internacional e pela melhoria da perspectiva da nota de cr\u00e9dito do Brasil, o mercado financeiro teve um dia de al\u00edvio. O d\u00f3lar teve forte queda e voltou a aproximar-se de R$ 5,10. A bolsa de valores subiu quase 1% e recuperou os 127 mil pontos. O d\u00f3lar comercial encerrou esta quinta-feira (2) [&hellip;]<\/p>\n","protected":false},"author":1,"featured_media":1072,"comment_status":"open","ping_status":"open","sticky":false,"template":"","format":"standard","meta":{"_jetpack_newsletter_access":"","_jetpack_dont_email_post_to_subs":false,"_jetpack_newsletter_tier_id":0,"_jetpack_memberships_contains_paywalled_content":false,"_mbp_banners":[],"_jetpack_feature_clip_id":0,"_jetpack_memberships_contains_paid_content":false,"footnotes":"","jetpack_publicize_message":"","jetpack_publicize_feature_enabled":true,"jetpack_social_post_already_shared":true,"jetpack_social_options":{"image_generator_settings":{"template":"highway","default_image_id":0,"font":"","enabled":false},"version":2},"jetpack_post_was_ever_published":false},"categories":[24],"tags":[],"class_list":["post-3503","post","type-post","status-publish","format-standard","has-post-thumbnail","category-economia"],"jetpack_publicize_connections":[],"jetpack-related-posts":[],"jetpack_shortlink":"https:\/\/wp.me\/p7Eq1F-Uv","jetpack_sharing_enabled":true,"jetpack_featured_media_url":"https:\/\/i0.wp.com\/guialimeira.com.br\/news\/wp-content\/uploads\/2024\/04\/1712359003_dolar_moeda_0803221206.jpg?fit=1600%2C800&ssl=1","_links":{"self":[{"href":"https:\/\/guialimeira.com.br\/news\/wp-json\/wp\/v2\/posts\/3503","targetHints":{"allow":["GET"]}}],"collection":[{"href":"https:\/\/guialimeira.com.br\/news\/wp-json\/wp\/v2\/posts"}],"about":[{"href":"https:\/\/guialimeira.com.br\/news\/wp-json\/wp\/v2\/types\/post"}],"author":[{"embeddable":true,"href":"https:\/\/guialimeira.com.br\/news\/wp-json\/wp\/v2\/users\/1"}],"replies":[{"embeddable":true,"href":"https:\/\/guialimeira.com.br\/news\/wp-json\/wp\/v2\/comments?post=3503"}],"version-history":[{"count":0,"href":"https:\/\/guialimeira.com.br\/news\/wp-json\/wp\/v2\/posts\/3503\/revisions"}],"wp:featuredmedia":[{"embeddable":true,"href":"https:\/\/guialimeira.com.br\/news\/wp-json\/wp\/v2\/media\/1072"}],"wp:attachment":[{"href":"https:\/\/guialimeira.com.br\/news\/wp-json\/wp\/v2\/media?parent=3503"}],"wp:term":[{"taxonomy":"category","embeddable":true,"href":"https:\/\/guialimeira.com.br\/news\/wp-json\/wp\/v2\/categories?post=3503"},{"taxonomy":"post_tag","embeddable":true,"href":"https:\/\/guialimeira.com.br\/news\/wp-json\/wp\/v2\/tags?post=3503"}],"curies":[{"name":"wp","href":"https:\/\/api.w.org\/{rel}","templated":true}]}}