{"id":34987,"date":"2025-06-03T08:48:46","date_gmt":"2025-06-03T11:48:46","guid":{"rendered":"https:\/\/guialimeira.com.br\/?p=34987"},"modified":"2025-06-03T08:48:48","modified_gmt":"2025-06-03T11:48:48","slug":"suzano-e-instituto-alianca-apoiam-iniciativa-de-qualificacao-profissional-para-jovens-em-limeira-e-regiao","status":"publish","type":"post","link":"https:\/\/guialimeira.com.br\/news\/suzano-e-instituto-alianca-apoiam-iniciativa-de-qualificacao-profissional-para-jovens-em-limeira-e-regiao\/","title":{"rendered":"Suzano e Instituto Alian\u00e7a apoiam iniciativa de qualifica\u00e7\u00e3o profissional para jovens em\u00a0Limeira e\u00a0regi\u00e3o"},"content":{"rendered":"\n<p class=\"wp-block-paragraph\"><em>Programa Rotas e Travessias qualifica jovens de 17 a 24 anos para o mercado de trabalho; inscri\u00e7\u00f5es podem ser feitas at\u00e9 8 de junho<\/em><\/p>\n\n\n\n<p class=\"wp-block-paragraph\">O Instituto Alian\u00e7a, em parceria com a Suzano, maior produtora mundial de celulose e refer\u00eancia global na fabrica\u00e7\u00e3o de bioprodutos, Funda\u00e7\u00e3o Forge e Zurich Foundation, est\u00e1 com inscri\u00e7\u00f5es abertas para uma nova turma do programa de forma\u00e7\u00e3o profissional Rotas e Travessias&nbsp;em Limeira.&nbsp;A iniciativa oferece cursos gratuitos para jovens de 17 a 24 anos, visando ampliar a inclus\u00e3o no mercado de trabalho. Al\u00e9m de Jacare\u00ed, o projeto tamb\u00e9m abrange outras cidades do Estado de S\u00e3o Paulo como, S\u00e3o Bernardo do Campo, S\u00e3o Jos\u00e9 dos Campos, Campinas, Limeira e Americana. De acordo com o Instituto Alian\u00e7a, mais de 70% dos(as) jovens que concluem essa forma\u00e7\u00e3o conseguem inser\u00e7\u00e3o no mercado de trabalho.<\/p>\n\n\n\n<p class=\"wp-block-paragraph\">Com dura\u00e7\u00e3o de tr\u00eas meses e realizado totalmente on-line, o curso \u00e9 focado no desenvolvimento de compet\u00eancias socioemocionais, digitais e empreendedoras, al\u00e9m de preparar os(as) participantes para processos seletivos. Ao final do programa, os(as) alunos(as) que completarem a forma\u00e7\u00e3o receber\u00e3o certificado pela Universidade Estadual do Cear\u00e1 (UECE).&nbsp; Com o apoio a essa iniciativa, a Suzano refor\u00e7a seu compromisso com o desenvolvimento sustent\u00e1vel e social. Giordano Bruno Barbosa, gerente executivo de Relacionamento Social da Suzano, afirma que o apoio ao projeto est\u00e1 alinhado com as metas sociais da companhia. \u201cEstamos engajados(as) com o desenvolvimento social das \u00e1reas onde temos atua\u00e7\u00e3o. At\u00e9 2030, a Suzano se compromete a ajudar a tirar 200 mil pessoas da linha da pobreza, e a inser\u00e7\u00e3o profissional de jovens \u00e9 um dos pilares fundamentais para que consigamos alcan\u00e7ar essa meta\u201d, afirma.<\/p>\n\n\n\n<p class=\"wp-block-paragraph\">O programa Rotas e Travessias tem como meta formar 800 jovens at\u00e9 2025, promovendo desenvolvimento social e econ\u00f4mico nas comunidades atendidas, al\u00e9m de oferecer ferramentas para que os(as) participantes tenham mais oportunidades profissionais, contribuindo para sua autonomia e crescimento no mercado de trabalho. \u201cNossa metodologia n\u00e3o se limita \u00e0 capacita\u00e7\u00e3o t\u00e9cnica; ela \u00e9 um convite \u00e0 transforma\u00e7\u00e3o. Oferecemos aos(\u00e0s) jovens as ferramentas necess\u00e1rias para que possam construir um futuro repleto de oportunidades e autonomia. Acreditamos que, ao investir no potencial desses(as) jovens, estamos contribuindo n\u00e3o apenas para suas trajet\u00f3rias individuais, mas tamb\u00e9m para o desenvolvimento social e econ\u00f4mico das comunidades em que est\u00e3o inseridos\u201d, ressalta Adenil Vieira, diretora do Instituto Alian\u00e7a.<\/p>\n\n\n\n<p class=\"wp-block-paragraph\">Nesta edi\u00e7\u00e3o, as aulas ter\u00e3o in\u00edcio em 10 de junho, e as inscri\u00e7\u00f5es podem ser realizadas at\u00e9 8 de junho pelo site do&nbsp;<a href=\"https:\/\/institutoalianca.org.br\/rotas\/\" target=\"_blank\" rel=\"noreferrer noopener\">Instituto Alian\u00e7a<\/a>. Para participar, al\u00e9m de se enquadrarem na faixa et\u00e1ria, os(as) jovens devem atender aos seguintes crit\u00e9rios: estar cursando o 3\u00ba ano ou ter conclu\u00eddo o Ensino M\u00e9dio em escola p\u00fablica; possuir o certificado de reservista (homens); ser residente nos munic\u00edpios de execu\u00e7\u00e3o do programa; e ter o desejo de ingressar no mercado de trabalho. Para garantir o acesso \u00e0 educa\u00e7\u00e3o, os(as) participantes receber\u00e3o tablets com internet, facilitando a participa\u00e7\u00e3o nas aulas, que acontecer\u00e3o em dois encontros semanais.<\/p>\n\n\n\n<p class=\"wp-block-paragraph\"><strong>Servi\u00e7o<\/strong><\/p>\n\n\n\n<p class=\"wp-block-paragraph\">Programa: Rotas e Travessias \u2013 Turma 2025<\/p>\n\n\n\n<p class=\"wp-block-paragraph\">Inscri\u00e7\u00f5es: at\u00e9&nbsp;08 de junho de 2025<\/p>\n\n\n\n<p class=\"wp-block-paragraph\">Link para inscri\u00e7\u00f5es:<a href=\"https:\/\/institutoalianca.org.br\/rotas\/\" target=\"_blank\" rel=\"noreferrer noopener\">&nbsp;<\/a><a href=\"https:\/\/institutoalianca.org.br\/rotas\/\" target=\"_blank\" rel=\"noreferrer noopener\">https:\/\/institutoalianca.org.br\/rotas\/<\/a><\/p>\n\n\n\n<p class=\"wp-block-paragraph\">P\u00fablico-Alvo: Jovens de 17 a 24 anos das cidades de Campinas, Americana, Limeira,&nbsp;S\u00e3o Jos\u00e9 dos Campos&nbsp;e Jacare\u00ed.<\/p>\n\n\n\n<p class=\"wp-block-paragraph\">Metodologia: 100% on-line (empr\u00e9stimo de tablet com acesso \u00e0 internet)<\/p>\n\n\n\n<p class=\"wp-block-paragraph\">Carga Hor\u00e1ria: 200 horas<\/p>\n\n\n\n<p class=\"wp-block-paragraph\">Turno: Manh\u00e3 ou tarde<\/p>\n\n\n\n<p class=\"wp-block-paragraph\">In\u00edcio das Aulas:&nbsp;10 de junho<\/p>\n\n\n\n<p class=\"wp-block-paragraph\"><strong>Sobre o Instituto Alian\u00e7a<\/strong><\/p>\n\n\n\n<p class=\"wp-block-paragraph\">O Instituto Alian\u00e7a, fundado em 2002, atua com foco na inclus\u00e3o social e no desenvolvimento sustent\u00e1vel. Em 2023, implementou 21 projetos que alcan\u00e7aram 214 munic\u00edpios, beneficiando mais de 570 mil pessoas com suas iniciativas. Saiba mais em&nbsp;<a href=\"http:\/\/www.institutoalianca.org.br\/\" target=\"_blank\" rel=\"noreferrer noopener\">www.institutoalianca.org.br<\/a><strong><\/strong><\/p>\n\n\n\n<p class=\"wp-block-paragraph\"><strong>Sobre a Suzano<\/strong><\/p>\n\n\n\n<p class=\"wp-block-paragraph\">A Suzano \u00e9 a maior produtora mundial de celulose, uma das maiores fabricantes de pap\u00e9is da Am\u00e9rica Latina e l\u00edder no segmento de papel higi\u00eanico no Brasil. A companhia adota as melhores pr\u00e1ticas de inova\u00e7\u00e3o e sustentabilidade para desenvolver produtos e solu\u00e7\u00f5es a partir de mat\u00e9ria-prima renov\u00e1vel. Os produtos da Suzano est\u00e3o presentes na vida de mais de 2 bilh\u00f5es de pessoas, cerca de 25% da popula\u00e7\u00e3o mundial, e incluem celulose; itens para higiene pessoal como papel higi\u00eanico e guardanapos; pap\u00e9is para embalagens, copos e canudos; pap\u00e9is para imprimir e escrever, entre outros produtos desenvolvidos para atender \u00e0 crescente necessidade do planeta por itens mais sustent\u00e1veis. Entre suas marcas no Brasil est\u00e3o Neve\u00ae, P\u00f3len\u00ae, Suzano Report\u00ae, Mimmo\u00ae, entre outras. Com sede no Brasil e opera\u00e7\u00f5es na Am\u00e9rica Latina, Am\u00e9rica do Norte, Europa e \u00c1sia, a empresa tem mais de 100 anos de hist\u00f3ria e a\u00e7\u00f5es negociadas nas bolsas do Brasil (SUZB3) e dos Estados Unidos (SUZ). Saiba mais em:&nbsp;<a href=\"http:\/\/www.suzano.com.br\/\" target=\"_blank\" rel=\"noreferrer noopener\">suzano.com.br<\/a><\/p>\n","protected":false},"excerpt":{"rendered":"<p>Programa Rotas e Travessias qualifica jovens de 17 a 24 anos para o mercado de trabalho; inscri\u00e7\u00f5es podem ser feitas at\u00e9 8 de junho O Instituto Alian\u00e7a, em parceria com a Suzano, maior produtora mundial de celulose e refer\u00eancia global na fabrica\u00e7\u00e3o de bioprodutos, Funda\u00e7\u00e3o Forge e Zurich Foundation, est\u00e1 com inscri\u00e7\u00f5es abertas para uma [&hellip;]<\/p>\n","protected":false},"author":2,"featured_media":34988,"comment_status":"open","ping_status":"open","sticky":false,"template":"","format":"standard","meta":{"_jetpack_newsletter_access":"","_jetpack_dont_email_post_to_subs":false,"_jetpack_newsletter_tier_id":0,"_jetpack_memberships_contains_paywalled_content":false,"_mbp_banners":[],"_jetpack_feature_clip_id":0,"_jetpack_memberships_contains_paid_content":false,"footnotes":"","jetpack_publicize_message":"","jetpack_publicize_feature_enabled":true,"jetpack_social_post_already_shared":false,"jetpack_social_options":{"image_generator_settings":{"template":"highway","enabled":false},"version":2},"jetpack_post_was_ever_published":false},"categories":[16],"tags":[],"class_list":["post-34987","post","type-post","status-publish","format-standard","has-post-thumbnail","category-local"],"jetpack_publicize_connections":[],"jetpack-related-posts":[],"jetpack_shortlink":"https:\/\/wp.me\/p7Eq1F-96j","jetpack_sharing_enabled":true,"jetpack_featured_media_url":"https:\/\/i0.wp.com\/guialimeira.com.br\/news\/wp-content\/uploads\/2025\/06\/Rotas-e-Travessias_credito_Dphotografia-1.png?fit=2500%2C1667&ssl=1","_links":{"self":[{"href":"https:\/\/guialimeira.com.br\/news\/wp-json\/wp\/v2\/posts\/34987","targetHints":{"allow":["GET"]}}],"collection":[{"href":"https:\/\/guialimeira.com.br\/news\/wp-json\/wp\/v2\/posts"}],"about":[{"href":"https:\/\/guialimeira.com.br\/news\/wp-json\/wp\/v2\/types\/post"}],"author":[{"embeddable":true,"href":"https:\/\/guialimeira.com.br\/news\/wp-json\/wp\/v2\/users\/2"}],"replies":[{"embeddable":true,"href":"https:\/\/guialimeira.com.br\/news\/wp-json\/wp\/v2\/comments?post=34987"}],"version-history":[{"count":1,"href":"https:\/\/guialimeira.com.br\/news\/wp-json\/wp\/v2\/posts\/34987\/revisions"}],"predecessor-version":[{"id":34989,"href":"https:\/\/guialimeira.com.br\/news\/wp-json\/wp\/v2\/posts\/34987\/revisions\/34989"}],"wp:featuredmedia":[{"embeddable":true,"href":"https:\/\/guialimeira.com.br\/news\/wp-json\/wp\/v2\/media\/34988"}],"wp:attachment":[{"href":"https:\/\/guialimeira.com.br\/news\/wp-json\/wp\/v2\/media?parent=34987"}],"wp:term":[{"taxonomy":"category","embeddable":true,"href":"https:\/\/guialimeira.com.br\/news\/wp-json\/wp\/v2\/categories?post=34987"},{"taxonomy":"post_tag","embeddable":true,"href":"https:\/\/guialimeira.com.br\/news\/wp-json\/wp\/v2\/tags?post=34987"}],"curies":[{"name":"wp","href":"https:\/\/api.w.org\/{rel}","templated":true}]}}