{"id":3491,"date":"2024-05-02T18:07:57","date_gmt":"2024-05-02T21:07:57","guid":{"rendered":"https:\/\/guialimeira.com.br\/2024\/05\/02\/badminton-vitor-tavares-carimba-vaga-para-os-jogos-de-paris\/"},"modified":"2024-05-02T18:07:57","modified_gmt":"2024-05-02T21:07:57","slug":"badminton-vitor-tavares-carimba-vaga-para-os-jogos-de-paris","status":"publish","type":"post","link":"https:\/\/guialimeira.com.br\/news\/badminton-vitor-tavares-carimba-vaga-para-os-jogos-de-paris\/","title":{"rendered":"Badminton: Vitor Tavares carimba vaga para os Jogos de Paris"},"content":{"rendered":"<p> <br \/>\n<\/p>\n<div>\n<p>A delega\u00e7\u00e3o do Brasil para a pr\u00f3xima edi\u00e7\u00e3o dos Jogos Paral\u00edmpicos, que ser\u00e1 disputada em Paris (Fran\u00e7a), ficou um pouco maior nesta quinta-feira (2) com a classifica\u00e7\u00e3o de Vitor Tavares para o torneio de badminton da classe SH6 (baixa estatura).<img data-recalc-dims=\"1\" decoding=\"async\" src=\"https:\/\/i0.wp.com\/agenciabrasil.ebc.com.br\/ebc.png?w=696&#038;ssl=1\" style=\"width:1px; height:1px; display:inline;\"\/><img data-recalc-dims=\"1\" decoding=\"async\" src=\"https:\/\/i0.wp.com\/agenciabrasil.ebc.com.br\/ebc.gif?w=696&#038;ssl=1\" style=\"width:1px; height:1px; display:inline;\"\/><\/p>\n<blockquote class=\"twitter-tweet\">\n<p dir=\"ltr\" lang=\"pt\" xml:lang=\"pt\">MAIS UMA VAGA PARAL\u00cdMPICA! \ud83c\uddeb\ud83c\uddf7<\/p>\n<p>Vitor Tavares tem vaga confirmada no badminton e Brasil chega a 157 atletas classificados a Paris 2024. \ud83c\udff8<\/p>\n<p>Confira: <a href=\"https:\/\/t.co\/QPAtHyKY3r\">https:\/\/t.co\/QPAtHyKY3r<\/a> <a href=\"https:\/\/t.co\/PvtSPz3WZU\">pic.twitter.com\/PvtSPz3WZU<\/a><\/p>\n<p>\u2014 Comit\u00ea Paral\u00edmpico Brasileiro (@BraParalimpico) <a href=\"https:\/\/twitter.com\/BraParalimpico\/status\/1786118585678500235?ref_src=twsrc%5Etfw\" rel=\"noopener\">May 2, 2024<\/a><\/p><\/blockquote>\n<p>O atleta paranaense de 25 anos de idade chegar\u00e1 aos Jogos da capital francesa ocupando a terceira posi\u00e7\u00e3o do ranking mundial da modalidade. Nos Jogos de T\u00f3quio, que marcaram a estreia da modalidade no programa da Paralimp\u00edada, o brasileiro ficou na quarta posi\u00e7\u00e3o, ap\u00f3s perder a disputa da medalha de bronze para o brit\u00e2nico Krysten Coombs.<\/p>\n<p>No decorrer do ciclo para os Jogos de Paris, Vitor Tavares alcan\u00e7ou bons resultados em importantes competi\u00e7\u00f5es, como medalhas de ouro nas etapas dos Internacionais da Espanha e da Austr\u00e1lia, uma prata na \u00faltima edi\u00e7\u00e3o dos Jogos Parapan-Americanos, disputada em Santiago (Chile) em 2023, e dois bronzes: nos Internacionais do Bahrein e da Inglaterra.<\/p>\n<p>O paranaense \u00e9 o 157\u00ba atleta do Brasil garantido no megaevento na capital francesa. O objetivo do Comit\u00ea Paral\u00edmpico Brasileiro (CPB) \u00e9 de formar uma delega\u00e7\u00e3o com cerca de 250 atletas.<\/p>\n<\/p><\/div>\n<p><script async src=\"\/\/platform.twitter.com\/widgets.js\" charset=\"utf-8\"><\/script><br \/>\n<br \/><br \/>\n<br \/><a href=\"https:\/\/agenciabrasil.ebc.com.br\/esportes\/noticia\/2024-05\/badminton-vitor-tavares-carimba-vaga-para-os-jogos-paralimpicos\" rel=\"noopener\">Ag\u00eancia Brasil<\/a><\/p>\n","protected":false},"excerpt":{"rendered":"<p>A delega\u00e7\u00e3o do Brasil para a pr\u00f3xima edi\u00e7\u00e3o dos Jogos Paral\u00edmpicos, que ser\u00e1 disputada em Paris (Fran\u00e7a), ficou um pouco maior nesta quinta-feira (2) com a classifica\u00e7\u00e3o de Vitor Tavares para o torneio de badminton da classe SH6 (baixa estatura). MAIS UMA VAGA PARAL\u00cdMPICA! \ud83c\uddeb\ud83c\uddf7 Vitor Tavares tem vaga confirmada no badminton e Brasil chega [&hellip;]<\/p>\n","protected":false},"author":1,"featured_media":3492,"comment_status":"open","ping_status":"open","sticky":false,"template":"","format":"standard","meta":{"_jetpack_newsletter_access":"","_jetpack_dont_email_post_to_subs":false,"_jetpack_newsletter_tier_id":0,"_jetpack_memberships_contains_paywalled_content":false,"_mbp_banners":[],"_jetpack_feature_clip_id":0,"_jetpack_memberships_contains_paid_content":false,"footnotes":"","jetpack_publicize_message":"","jetpack_publicize_feature_enabled":true,"jetpack_social_post_already_shared":true,"jetpack_social_options":{"image_generator_settings":{"template":"highway","default_image_id":0,"font":"","enabled":false},"version":2},"jetpack_post_was_ever_published":false},"categories":[23],"tags":[],"class_list":["post-3491","post","type-post","status-publish","format-standard","has-post-thumbnail","category-esportes"],"jetpack_publicize_connections":[],"jetpack-related-posts":[],"jetpack_shortlink":"https:\/\/wp.me\/p7Eq1F-Uj","jetpack_sharing_enabled":true,"jetpack_featured_media_url":"https:\/\/i0.wp.com\/guialimeira.com.br\/news\/wp-content\/uploads\/2024\/05\/53358593598_bd39c9b82b_o.jpg?fit=1600%2C800&ssl=1","_links":{"self":[{"href":"https:\/\/guialimeira.com.br\/news\/wp-json\/wp\/v2\/posts\/3491","targetHints":{"allow":["GET"]}}],"collection":[{"href":"https:\/\/guialimeira.com.br\/news\/wp-json\/wp\/v2\/posts"}],"about":[{"href":"https:\/\/guialimeira.com.br\/news\/wp-json\/wp\/v2\/types\/post"}],"author":[{"embeddable":true,"href":"https:\/\/guialimeira.com.br\/news\/wp-json\/wp\/v2\/users\/1"}],"replies":[{"embeddable":true,"href":"https:\/\/guialimeira.com.br\/news\/wp-json\/wp\/v2\/comments?post=3491"}],"version-history":[{"count":0,"href":"https:\/\/guialimeira.com.br\/news\/wp-json\/wp\/v2\/posts\/3491\/revisions"}],"wp:featuredmedia":[{"embeddable":true,"href":"https:\/\/guialimeira.com.br\/news\/wp-json\/wp\/v2\/media\/3492"}],"wp:attachment":[{"href":"https:\/\/guialimeira.com.br\/news\/wp-json\/wp\/v2\/media?parent=3491"}],"wp:term":[{"taxonomy":"category","embeddable":true,"href":"https:\/\/guialimeira.com.br\/news\/wp-json\/wp\/v2\/categories?post=3491"},{"taxonomy":"post_tag","embeddable":true,"href":"https:\/\/guialimeira.com.br\/news\/wp-json\/wp\/v2\/tags?post=3491"}],"curies":[{"name":"wp","href":"https:\/\/api.w.org\/{rel}","templated":true}]}}