{"id":3487,"date":"2024-05-02T17:45:45","date_gmt":"2024-05-02T20:45:45","guid":{"rendered":"https:\/\/guialimeira.com.br\/2024\/05\/02\/desfile-das-rainhas-da-39a-festa-das-nacoes-acontece-no-sabado-04-05-portal-do-municipio-de-piracicaba\/"},"modified":"2024-05-02T17:45:45","modified_gmt":"2024-05-02T20:45:45","slug":"desfile-das-rainhas-da-39a-festa-das-nacoes-acontece-no-sabado-04-05-portal-do-municipio-de-piracicaba","status":"publish","type":"post","link":"https:\/\/guialimeira.com.br\/news\/desfile-das-rainhas-da-39a-festa-das-nacoes-acontece-no-sabado-04-05-portal-do-municipio-de-piracicaba\/","title":{"rendered":"Desfile das Rainhas da 39\u00aa Festa das Na\u00e7\u00f5es acontece no s\u00e1bado, 04\/05 \u2013 Portal do Munic\u00edpio de Piracicaba"},"content":{"rendered":"<p> <br \/>\n<\/p>\n<div>\n<figure class=\"wp-block-image size-large\"><img data-recalc-dims=\"1\" fetchpriority=\"high\" decoding=\"async\" width=\"696\" height=\"464\" src=\"https:\/\/i0.wp.com\/piracicaba.sp.gov.br\/wp-content\/uploads\/2024\/05\/As-Rainhas-da-39a-Festa-das-Nacoes-desfilam-no-Trenzinho-Turistico-no-sabado-04-1024x682.jpg?resize=696%2C464&#038;ssl=1\" alt=\"\" class=\"wp-image-78289\" srcset=\"https:\/\/piracicaba.sp.gov.br\/wp-content\/uploads\/2024\/05\/As-Rainhas-da-39a-Festa-das-Nacoes-desfilam-no-Trenzinho-Turistico-no-sabado-04-1024x682.jpg 1024w, https:\/\/piracicaba.sp.gov.br\/wp-content\/uploads\/2024\/05\/As-Rainhas-da-39a-Festa-das-Nacoes-desfilam-no-Trenzinho-Turistico-no-sabado-04-300x200.jpg 300w, https:\/\/piracicaba.sp.gov.br\/wp-content\/uploads\/2024\/05\/As-Rainhas-da-39a-Festa-das-Nacoes-desfilam-no-Trenzinho-Turistico-no-sabado-04-768x512.jpg 768w, https:\/\/piracicaba.sp.gov.br\/wp-content\/uploads\/2024\/05\/As-Rainhas-da-39a-Festa-das-Nacoes-desfilam-no-Trenzinho-Turistico-no-sabado-04-1536x1024.jpg 1536w, https:\/\/piracicaba.sp.gov.br\/wp-content\/uploads\/2024\/05\/As-Rainhas-da-39a-Festa-das-Nacoes-desfilam-no-Trenzinho-Turistico-no-sabado-04-2048x1365.jpg 2048w\" sizes=\"(max-width: 1024px) 100vw, 1024px\"\/><figcaption class=\"wp-element-caption\"><strong><em><sub>As Rainhas da 39\u00aa Festa das Na\u00e7\u00f5es desfilam no Trenzinho Tur\u00edstico no s\u00e1bado, 04<\/sub><\/em><\/strong><\/figcaption><\/figure>\n<p>Para promover e divulgar a 39\u00aa Festa das Na\u00e7\u00f5es de Piracicaba, as Rainhas das 17 na\u00e7\u00f5es que integram o evento neste ano, desfilam pela cidade neste s\u00e1bado, 04\/05. Com concentra\u00e7\u00e3o a partir das 9h, o itiner\u00e1rio ter\u00e1 sa\u00edda na Casa do Artes\u00e3o, localizada \u00e0 avenida Alidor Pecorari, ao lado do campo de futebol. As Rainhas v\u00e3o desfilar a bordo do Trenzinho Tur\u00edstico pelas principais ruas e avenidas de Piracicaba. A 39\u00aa edi\u00e7\u00e3o da Festa das Na\u00e7\u00f5es acontecer\u00e1 de 15 a 19\/05, no Engenho Central.<\/p>\n<p>Ap\u00f3s a sa\u00edda da Casa do Artes\u00e3o (onde hoje funciona a sede da Amoporto), o itiner\u00e1rio seguir\u00e1 pela avenida Alidor Pecorari, avenida Dr. Paulo de Moraes, rua do Ros\u00e1rio, Pra\u00e7a Takaki, avenida Madre Maria Teodora, ruas Dona An\u00e9sia e Sud Mennucci, at\u00e9, novamente, a avenida Dr. Paulo de Moraes.<\/p>\n<p>O Trenzinho segue depois pela Benjamin Constant, avenida S\u00e3o Paulo, rua Chavantes, rua Fernando Lopes, rua Dona Lica e rua Virg\u00ednia Zaia at\u00e9 a rua da Gl\u00f3ria.<\/p>\n<p>Na regi\u00e3o central, o percurso segue pela rua Jos\u00e9 Pinto de Almeida at\u00e9 a avenida Independ\u00eancia, seguindo depois a avenida Jos\u00e9 Michelletti e rua Quinze de Novembro para acessar a avenida Armando de Salles Oliveira.<\/p>\n<p>Depois, o trenzinho com as Rainhas continua pela pra\u00e7a Jos\u00e9 Bonif\u00e1cio, rua Moraes Barros, retornando para a avenida Armando de Salles de Oliveira.<\/p>\n<p>Na sequ\u00eancia, o desfile passa pelas avenidas Rui Barbosa, Dona Francisca e Bar\u00e3o de Serra Negra. O trajeto, ent\u00e3o, segue pela rua Saldanha Marinho, avenida Carlos Martins Sodero e avenida Dr. C\u00e1ssio Pascoal Padovani at\u00e9 a avenida Antonia Pazinato Sturion.<\/p>\n<p>O desfile passa em seguida pelas ruas Cabo Alcides Trevisan, Prof. Jos\u00e9 Galuci Filho, avenida Dois C\u00f3rregos, avenida Piracicamirim e travessa da Saudade. Por fim, o itiner\u00e1rio retorna ao Centro, pela rua 15 de Novembro, seguindo at\u00e9 a avenida Beira Rio e avenida Alidor Pecorari, retornando e finalizando o desfile no bols\u00e3o de estacionamento ao lado do campo de futebol.<\/p>\n<p>\u201cO desfile das Rainhas da Festa das Na\u00e7\u00f5es \u00e9 um dos momentos que antecedem a festa mais aguardados na cidade. Al\u00e9m de ser um evento de muita alegria, \u00e9 tamb\u00e9m uma a\u00e7\u00e3o de promo\u00e7\u00e3o da festa e de celebra\u00e7\u00e3o e convite ao trabalho volunt\u00e1rio, que \u00e9 a for\u00e7a que move esse grandioso evento. S\u00e3o 19 entidades que integram a Festa das Na\u00e7\u00f5es em 2024 e que precisam dessa uni\u00e3o volunt\u00e1ria\u201d, ressalta Andr\u00e9a Almeida, presidente do Fundo Social de Solidariedade de Piracicaba (Fussp).<\/p>\n<p>Realizada pela Associa\u00e7\u00e3o Cultural Festa das Na\u00e7\u00f5es (Fenapi), a Festa das Na\u00e7\u00f5es \u00e9 promovida pela Prefeitura de Piracicaba, por meio do Fussp, com organiza\u00e7\u00e3o da Secretaria Municipal de Governo, e apresentada pelo Minist\u00e9rio da Cultura e pela Tools Digital Services. Uma parte dos recursos s\u00e3o oriundos da Lei de Incentivo \u00e0 Cultura (Lei Rouanet), do Governo Federal.<\/p>\n<p>Toda a renda da festa ser\u00e1 revertida em prol de 19 institui\u00e7\u00f5es sociais de Piracicaba, que representam as 17 na\u00e7\u00f5es.<\/p>\n<p><strong>PATROC\u00cdNIO \u2013\u00a0<\/strong>Por meio da Lei de Incentivo \u00e0 Cultura (Lei Rouanet), a 39\u00aa Festa das Na\u00e7\u00f5es de Piracicaba \u00e9 apresentada pelo Minist\u00e9rio da Cultura e pela Tools Digital Services. Os patrocinadores desta edi\u00e7\u00e3o s\u00e3o Tools Digital Services, Caterpillar e Hyundai (Ouro); Drogal, Grupo Pirasa, Pecege e Unimed Piracicaba (Prata); e Arcelor Mittal, CJ Brasil, Embraplan, Essencial, Paques e Unimil (Bronze). Apoio: Andritz, Doowon, Glovis, Hwashin, Hyundai Mobis, Hyundai Steel, Hyundai Transys, Myoung Shin Brasil, Seoyon E-hwa, S.H. e Shopping Piracicaba. A cerveja oficial \u00e9 Germ\u00e2nia.<\/p>\n<p><strong>SERVI\u00c7O \u2013\u00a0<\/strong>39\u00aa Festa das Na\u00e7\u00f5es de Piracicaba, apresentada pelo Minist\u00e9rio da Cultura e pela Tools Digital Services. De 15 a 19 de maio, no Engenho Central, avenida Maurice Allain, 454. Contatos com a Fenapi podem ser feitos pelo e-mail\u00a0<a href=\"https:\/\/piracicaba.sp.gov.br\/mailto:diretoria@fenapi.org.br\" target=\"_blank\" rel=\"noreferrer noopener\"><u>diretoria@fenapi.org.br<\/u><\/a>. Site:\u00a0<a href=\"http:\/\/www.xn--festadasnaes-tdb0r.org.br\/\" target=\"_blank\" rel=\"noreferrer noopener\"><u>www.festadasna\u00e7\u00f5es.org.br<\/u><\/a>. Facebook: festadasnacoesdepiracicaba. Instagram: festadasnacoesdepiracicaba.<\/p>\n<\/div>\n<p><br \/>\n<br \/><a href=\"https:\/\/piracicaba.sp.gov.br\/noticias\/desfile-das-rainhas-da-39a-festa-das-nacoes-acontece-no-sabado-04-05\/\" rel=\"noopener\">Informa\u00e7\u00f5es PMP <\/a><\/p>\n","protected":false},"excerpt":{"rendered":"<p>As Rainhas da 39\u00aa Festa das Na\u00e7\u00f5es desfilam no Trenzinho Tur\u00edstico no s\u00e1bado, 04 Para promover e divulgar a 39\u00aa Festa das Na\u00e7\u00f5es de Piracicaba, as Rainhas das 17 na\u00e7\u00f5es que integram o evento neste ano, desfilam pela cidade neste s\u00e1bado, 04\/05. Com concentra\u00e7\u00e3o a partir das 9h, o itiner\u00e1rio ter\u00e1 sa\u00edda na Casa do [&hellip;]<\/p>\n","protected":false},"author":1,"featured_media":3488,"comment_status":"open","ping_status":"open","sticky":false,"template":"","format":"standard","meta":{"_jetpack_newsletter_access":"","_jetpack_dont_email_post_to_subs":false,"_jetpack_newsletter_tier_id":0,"_jetpack_memberships_contains_paywalled_content":false,"_mbp_banners":[],"_jetpack_feature_clip_id":0,"_jetpack_memberships_contains_paid_content":false,"footnotes":"","jetpack_publicize_message":"","jetpack_publicize_feature_enabled":true,"jetpack_social_post_already_shared":true,"jetpack_social_options":{"image_generator_settings":{"template":"highway","default_image_id":0,"font":"","enabled":false},"version":2},"jetpack_post_was_ever_published":false},"categories":[20],"tags":[],"class_list":["post-3487","post","type-post","status-publish","format-standard","has-post-thumbnail","category-regiao"],"jetpack_publicize_connections":[],"jetpack-related-posts":[],"jetpack_shortlink":"https:\/\/wp.me\/p7Eq1F-Uf","jetpack_sharing_enabled":true,"jetpack_featured_media_url":"https:\/\/i0.wp.com\/guialimeira.com.br\/news\/wp-content\/uploads\/2024\/05\/As-Rainhas-da-39a-Festa-das-Nacoes-desfilam-no-Trenzinho-Turistico-no-sabado-04-1024x682.jpg?fit=1024%2C682&ssl=1","_links":{"self":[{"href":"https:\/\/guialimeira.com.br\/news\/wp-json\/wp\/v2\/posts\/3487","targetHints":{"allow":["GET"]}}],"collection":[{"href":"https:\/\/guialimeira.com.br\/news\/wp-json\/wp\/v2\/posts"}],"about":[{"href":"https:\/\/guialimeira.com.br\/news\/wp-json\/wp\/v2\/types\/post"}],"author":[{"embeddable":true,"href":"https:\/\/guialimeira.com.br\/news\/wp-json\/wp\/v2\/users\/1"}],"replies":[{"embeddable":true,"href":"https:\/\/guialimeira.com.br\/news\/wp-json\/wp\/v2\/comments?post=3487"}],"version-history":[{"count":0,"href":"https:\/\/guialimeira.com.br\/news\/wp-json\/wp\/v2\/posts\/3487\/revisions"}],"wp:featuredmedia":[{"embeddable":true,"href":"https:\/\/guialimeira.com.br\/news\/wp-json\/wp\/v2\/media\/3488"}],"wp:attachment":[{"href":"https:\/\/guialimeira.com.br\/news\/wp-json\/wp\/v2\/media?parent=3487"}],"wp:term":[{"taxonomy":"category","embeddable":true,"href":"https:\/\/guialimeira.com.br\/news\/wp-json\/wp\/v2\/categories?post=3487"},{"taxonomy":"post_tag","embeddable":true,"href":"https:\/\/guialimeira.com.br\/news\/wp-json\/wp\/v2\/tags?post=3487"}],"curies":[{"name":"wp","href":"https:\/\/api.w.org\/{rel}","templated":true}]}}