{"id":3485,"date":"2024-05-02T17:25:51","date_gmt":"2024-05-02T20:25:51","guid":{"rendered":"https:\/\/guialimeira.com.br\/2024\/05\/02\/via-santo-antonio-recebe-recapeamento-prefeito-e-vice-prefeita-acompanham-inicio-das-obras\/"},"modified":"2024-05-02T17:25:51","modified_gmt":"2024-05-02T20:25:51","slug":"via-santo-antonio-recebe-recapeamento-prefeito-e-vice-prefeita-acompanham-inicio-das-obras","status":"publish","type":"post","link":"https:\/\/guialimeira.com.br\/news\/via-santo-antonio-recebe-recapeamento-prefeito-e-vice-prefeita-acompanham-inicio-das-obras\/","title":{"rendered":"Via Santo Ant\u00f4nio recebe recapeamento; prefeito e vice-prefeita acompanham in\u00edcio das obras"},"content":{"rendered":"<p> <br \/>\n<\/p>\n<div>\n            <main class=\"\">&#13;<br \/>\n                &#13;<br \/>\n&#13;<br \/>\n&#13;<br \/>\n&#13;<br \/>\n    <img data-recalc-dims=\"1\" decoding=\"async\" src=\"https:\/\/i0.wp.com\/ecrie.com.br\/sistema\/conteudos\/imagem\/m_137_2_3_02052024171327.jpg?w=696&#038;ssl=1\" alt=\"Via Santo Ant\u00f4nio recebe recapeamento; prefeito e vice-prefeita acompanham in\u00edcio das obras\"\/>&#13;<br \/>\n&#13;<\/p>\n<p style=\"text-align: justify;\" align=\"justify\">O recapeamento asf\u00e1ltico da Via Santo Ant\u00f4nio, no Pires de Baixo, teve in\u00edcio nesta quinta-feira (2). A obra \u00e9 uma conclus\u00e3o de um pacote de recapes que aguardava libera\u00e7\u00e3o de recursos do Governo Federal, por meio de uma emenda or\u00e7ament\u00e1ria do deputado Miguel Lombardi. O prefeito Mario Botion e a vice-prefeita Erika Tank acompanharam o in\u00edcio dos trabalhos. A previs\u00e3o \u00e9 que o servi\u00e7o seja conclu\u00eddo at\u00e9 s\u00e1bado (4). Ao todo, ser\u00e3o recapeados cerca de 3,7 quil\u00f4metros da via.<\/p>\n<p>&#13;<\/p>\n<p style=\"text-align: justify;\" align=\"justify\">\u201cJ\u00e1 executamos o recape da Via Martim Lutero e de outras avenidas da nossa cidade dentro de um importante pacote de recapeamento\u201d, afirmou Botion. \u201cEssa obra traz mais seguran\u00e7a para a popula\u00e7\u00e3o que transita por aqui e \u00e9 crucial para o turismo rural, t\u00e3o presente nessa regi\u00e3o\u201d, destacou Erika. \u201cA suspens\u00e3o dos recursos foi destravada pelo deputado federal Miguel Lombardi\u201d, complementou o prefeito.<\/p>\n<p>&#13;<\/p>\n<p style=\"text-align: justify;\" align=\"justify\">Esse pacote de recapeamento, com recursos da ordem de R$ 9,9 milh\u00f5es, compreende, al\u00e9m das vias Santo Ant\u00f4nio e Martim Lutero, as ruas Nove de Julho, Zaira Ometto, Josino Alvarenga, Carlos Reinaldo Busch, Flam\u00ednio Roland, Rafael Bombini, M\u00e1rio de Lima, Caetano Vivona, Jos\u00e9 Xavier de Lima, C\u00e2ndido Soares, Prof. Lauc\u00eddio de Mattos Garroux e Dr. Adhemar Pereira de Barros.<\/p>\n<p>&#13;<br \/>\n&#13;<br \/>\n    &#13;<br \/>\n    &#13;<br \/>\n&#13;<br \/>\n&#13;<\/p>\n<aside class=\"list-related no-print\">&#13;<br \/>\n        &#13;<br \/>\n&#13;<\/p>\n<article class=\"list-item noticias \">&#13;<br \/>\n                    <a class=\"list-item__img\" href=\"https:\/\/limeira.sp.gov.br\/imprensa\/noticias\/mobilidade-urbana\/lancada-campanha-educativa-para-reducao-de-acidentes-de-transito\" tabindex=\"-1\" aria-hidden=\"true\" rel=\"noopener\">&#13;<br \/>\n                        <img data-recalc-dims=\"1\" decoding=\"async\" src=\"https:\/\/i0.wp.com\/ecrie.com.br\/sistema\/conteudos\/imagem\/m_137_0_1_02052024140120.jpg?w=696&#038;ssl=1\" alt=\"Lan\u00e7ada campanha educativa para redu\u00e7\u00e3o de acidentes de tr\u00e2nsito\"\/>&#13;<br \/>\n                    <\/a>&#13;<br \/>\n&#13;<br \/>\n                &#13;<br \/>\n            <\/article>\n<p>&#13;<\/p>\n<article class=\"list-item noticias \">&#13;<br \/>\n                    <a class=\"list-item__img\" href=\"https:\/\/limeira.sp.gov.br\/imprensa\/noticias\/mobilidade-urbana\/obra-para-ligacao-de-esgoto-interdita-ruapresidente-roosevelt-na-sexta-feira\" tabindex=\"-1\" aria-hidden=\"true\" rel=\"noopener\">&#13;<br \/>\n                        <img data-recalc-dims=\"1\" decoding=\"async\" src=\"https:\/\/i0.wp.com\/ecrie.com.br\/sistema\/conteudos\/imagem\/m_137_5_2_24032023103027.jpg?w=696&#038;ssl=1\" alt=\"Obra para liga\u00e7\u00e3o de esgoto interdita Rua\u00a0Presidente Roosevelt, na sexta-feira\"\/>&#13;<br \/>\n                    <\/a>&#13;<br \/>\n&#13;<br \/>\n                &#13;<br \/>\n            <\/article>\n<p>&#13;<\/p>\n<article class=\"list-item noticias \">&#13;<br \/>\n                    <a class=\"list-item__img\" href=\"https:\/\/limeira.sp.gov.br\/imprensa\/noticias\/gabinete-do-prefeito\/obras-do-complexo-viario-paulo-natal-entram-na-reta-final-novo-trecho-sera-aberto-ao-transito-nesta-terca-30\" tabindex=\"-1\" aria-hidden=\"true\" rel=\"noopener\">&#13;<br \/>\n                        <img data-recalc-dims=\"1\" decoding=\"async\" src=\"https:\/\/i0.wp.com\/ecrie.com.br\/sistema\/conteudos\/imagem\/m_137_0_1_29042024181956.jpg?w=696&#038;ssl=1\" alt=\"Obras do complexo vi\u00e1rio Paulo Natal entram na reta final; novo trecho ser\u00e1 aberto ao tr\u00e2nsito nesta ter\u00e7a (30)\"\/>&#13;<br \/>\n                    <\/a>&#13;<br \/>\n&#13;<br \/>\n                &#13;<br \/>\n            <\/article>\n<p>&#13;<br \/>\n    <\/aside>\n<p>&#13;<br \/>\n&#13;<br \/>\n            <\/main><\/p><\/div>\n<p><br \/>\n<br \/><a href=\"https:\/\/limeira.sp.gov.br\/via-santo-antonio-recebe-recapeamento-prefeito-e-vice-prefeita-acompanham-inicio-das-obras\" rel=\"noopener\">Informa\u00e7\u00f5es da PML <\/a><\/p>\n","protected":false},"excerpt":{"rendered":"<p>&#13; &#13; &#13; &#13; &#13; &#13; &#13; O recapeamento asf\u00e1ltico da Via Santo Ant\u00f4nio, no Pires de Baixo, teve in\u00edcio nesta quinta-feira (2). A obra \u00e9 uma conclus\u00e3o de um pacote de recapes que aguardava libera\u00e7\u00e3o de recursos do Governo Federal, por meio de uma emenda or\u00e7ament\u00e1ria do deputado Miguel Lombardi. O prefeito Mario Botion [&hellip;]<\/p>\n","protected":false},"author":1,"featured_media":3486,"comment_status":"open","ping_status":"open","sticky":false,"template":"","format":"standard","meta":{"_jetpack_newsletter_access":"","_jetpack_dont_email_post_to_subs":false,"_jetpack_newsletter_tier_id":0,"_jetpack_memberships_contains_paywalled_content":false,"_mbp_banners":[],"_jetpack_feature_clip_id":0,"_jetpack_memberships_contains_paid_content":false,"footnotes":"","jetpack_publicize_message":"","jetpack_publicize_feature_enabled":true,"jetpack_social_post_already_shared":true,"jetpack_social_options":{"image_generator_settings":{"template":"highway","default_image_id":0,"font":"","enabled":false},"version":2},"jetpack_post_was_ever_published":false},"categories":[16],"tags":[],"class_list":["post-3485","post","type-post","status-publish","format-standard","has-post-thumbnail","category-local"],"jetpack_publicize_connections":[],"jetpack-related-posts":[],"jetpack_shortlink":"https:\/\/wp.me\/p7Eq1F-Ud","jetpack_sharing_enabled":true,"jetpack_featured_media_url":"https:\/\/i0.wp.com\/guialimeira.com.br\/news\/wp-content\/uploads\/2024\/05\/m_137_2_3_02052024171327.jpg?fit=1280%2C852&ssl=1","_links":{"self":[{"href":"https:\/\/guialimeira.com.br\/news\/wp-json\/wp\/v2\/posts\/3485","targetHints":{"allow":["GET"]}}],"collection":[{"href":"https:\/\/guialimeira.com.br\/news\/wp-json\/wp\/v2\/posts"}],"about":[{"href":"https:\/\/guialimeira.com.br\/news\/wp-json\/wp\/v2\/types\/post"}],"author":[{"embeddable":true,"href":"https:\/\/guialimeira.com.br\/news\/wp-json\/wp\/v2\/users\/1"}],"replies":[{"embeddable":true,"href":"https:\/\/guialimeira.com.br\/news\/wp-json\/wp\/v2\/comments?post=3485"}],"version-history":[{"count":0,"href":"https:\/\/guialimeira.com.br\/news\/wp-json\/wp\/v2\/posts\/3485\/revisions"}],"wp:featuredmedia":[{"embeddable":true,"href":"https:\/\/guialimeira.com.br\/news\/wp-json\/wp\/v2\/media\/3486"}],"wp:attachment":[{"href":"https:\/\/guialimeira.com.br\/news\/wp-json\/wp\/v2\/media?parent=3485"}],"wp:term":[{"taxonomy":"category","embeddable":true,"href":"https:\/\/guialimeira.com.br\/news\/wp-json\/wp\/v2\/categories?post=3485"},{"taxonomy":"post_tag","embeddable":true,"href":"https:\/\/guialimeira.com.br\/news\/wp-json\/wp\/v2\/tags?post=3485"}],"curies":[{"name":"wp","href":"https:\/\/api.w.org\/{rel}","templated":true}]}}