{"id":34797,"date":"2025-05-31T20:07:55","date_gmt":"2025-05-31T23:07:55","guid":{"rendered":"https:\/\/guialimeira.com.br\/2025\/05\/31\/volta-por-cima-e-titulo-inedito-psg-e-o-novo-dono-do-futebol-europeu\/"},"modified":"2025-05-31T20:07:55","modified_gmt":"2025-05-31T23:07:55","slug":"volta-por-cima-e-titulo-inedito-psg-e-o-novo-dono-do-futebol-europeu","status":"publish","type":"post","link":"https:\/\/guialimeira.com.br\/news\/volta-por-cima-e-titulo-inedito-psg-e-o-novo-dono-do-futebol-europeu\/","title":{"rendered":"Volta por cima e t\u00edtulo in\u00e9dito: PSG \u00e9 o novo dono do futebol europeu"},"content":{"rendered":"<p> <br \/>\n<\/p>\n<div>\n<p>A perda da filha de 9\u00a0anos por conta de um c\u00e2ncer \u00f3sseo, em 2019, \u00e9 uma ferida que Lu\u00eds Enrique carregar\u00e1 pela vida. Neste s\u00e1bado (31), por\u00e9m, o t\u00e9cnico espanhol p\u00f4de sentir a presen\u00e7a da pequena Xana mais uma vez, ao conduzir o Paris Saint-Germain ao in\u00e9dito t\u00edtulo da Liga dos Campe\u00f5es da Europa. E com direito a goleada hist\u00f3rica. <strong>A equipe francesa atropelou a Inter de Mil\u00e3o, da It\u00e1lia, por 5 a 0, na Allianz Arena, em Munique, na Alemanha.<\/strong><img data-recalc-dims=\"1\" decoding=\"async\" src=\"https:\/\/i0.wp.com\/agenciabrasil.ebc.com.br\/ebc.png?w=696&#038;ssl=1\" style=\"width:1px; height:1px; display:inline;\"\/><img data-recalc-dims=\"1\" decoding=\"async\" src=\"https:\/\/i0.wp.com\/agenciabrasil.ebc.com.br\/ebc.gif?w=696&#038;ssl=1\" style=\"width:1px; height:1px; display:inline;\"\/><\/p>\n<p>H\u00e1 dez anos, quando levou o Barcelona \u00e0 conquista da Champions em Berlim, Lu\u00eds Enrique festejou a conquista com a filha, fincando uma bandeira do clube espanhol no centro do gramado do est\u00e1dio ol\u00edmpico da capital alem\u00e3. A mem\u00f3ria \u00e9 uma das que o treinador considera inesquec\u00edveis junto de Xana. Ele sonhava repetir o gesto, de alguma forma, em Munique. Ap\u00f3s o apito final, o comandante ganhou uma camisa com um desenho reproduzindo o t\u00e9cnico e sua pequena colocando a bandeira do PSG no campo. Sim, ela tamb\u00e9m estava ali.<\/p>\n<p>Para al\u00e9m da supera\u00e7\u00e3o de Lu\u00eds Enrique, <strong>a conquista do PSG marca, positivamente, a mudan\u00e7a de rota do time franc\u00eas.<\/strong> Desde que foi adquirido pelo empres\u00e1rio catari Nasser Al-Khelaifi, o clube investiu pesado na contrata\u00e7\u00e3o de estrelas, para conquistar a Liga dos Campe\u00f5es. A equipe bateu na trave em 2020, ao perder a final para o Bayern de Munique, quando tinha Neymar e Kylian Mbapp\u00e9. Nem a vinda do tamb\u00e9m atacante Lionel Messi, anos depois, possibilitou a realiza\u00e7\u00e3o do sonho.<\/p>\n<p><strong>A partir da temporada passada, j\u00e1 com Lu\u00eds Enrique no comando, a diretoria parisiense decidiu substituir as estrelas por um elenco mais jovem.<\/strong> O atual elenco do PSG tem m\u00e9dia de idade quatro anos menor que a do time finalista em 2020. Nomes como o zagueiro William Pacho (23 anos), os meias Vitinha (25 anos), Khvicha Kvaratskhelia (24 anos) e Jo\u00e3o Neves (20 anos) e o atacante D\u00e9sir\u00e9 Dou\u00e9 (19 anos) d\u00e3o a t\u00f4nica da renova\u00e7\u00e3o. <strong>E foi justamente Dou\u00e9 o protagonista da decis\u00e3o: dois gols e uma assist\u00eancia.<\/strong><\/p>\n<p>O \u00fanico remanescente da equipe de cinco anos atr\u00e1s \u00e9 justamente o capit\u00e3o Marquinhos, que teve a honra de levantar a ta\u00e7a da Champions. O defensor entrou para o grupo de agora 58 brasileiros campe\u00f5es da Europa, assim como o tamb\u00e9m zagueiro Beraldo, ex-S\u00e3o Paulo, que n\u00e3o saiu do banco. Ambos foram convocados pelo t\u00e9cnico Carlo Ancelotti para os jogos da sele\u00e7\u00e3o masculina contra Equador e Paraguai, pelas eliminat\u00f3rias da Copa do Mundo de 2026.<\/p>\n<p>\u00a0<\/p>\n<div class=\"dnd-widget-wrapper context-cheio_8colunas type-image\">\n<div class=\"dnd-atom-rendered\"><!-- scald=426141:cheio_8colunas --><br \/>\n            <img data-recalc-dims=\"1\" decoding=\"async\" src=\"https:\/\/i0.wp.com\/imagens.ebc.com.br\/mx6zwuCrelAZGakRBIRP-qGoZUQ%3D\/754x0\/smart\/https%3A\/\/agenciabrasil.ebc.com.br\/sites\/default\/files\/thumbnails\/image\/2025\/05\/31\/2025-05-31t203609z_2027750021_up1el5v1l875f_rtrmadp_3_soccer-champions-psg-int-report.jpg?w=696&#038;ssl=1\" alt=\"Soccer Football - Champions League - Final - Paris St Germain v Inter Milan - Allianz Arena, Munich, Germany - May 31, 2025&#13;&#10;Paris St Germain's Khvicha Kvaratskhelia celebrates scoring their fourth goal with teammates REUTERS\/Kai Pfaffenbach\" title=\"REUTERS\/Kai Pfaffenbach\/Proibida reprodu\u00e7\u00e3o\"\/><br \/>\n        <img data-recalc-dims=\"1\" decoding=\"async\" src=\"https:\/\/i0.wp.com\/imagens.ebc.com.br\/mx6zwuCrelAZGakRBIRP-qGoZUQ%3D\/754x0\/smart\/https%3A\/\/agenciabrasil.ebc.com.br\/sites\/default\/files\/thumbnails\/image\/2025\/05\/31\/2025-05-31t203609z_2027750021_up1el5v1l875f_rtrmadp_3_soccer-champions-psg-int-report.jpg?w=696&#038;ssl=1\" alt=\"Soccer Football - Champions League - Final - Paris St Germain v Inter Milan - Allianz Arena, Munich, Germany - May 31, 2025&#13;&#10;Paris St Germain's Khvicha Kvaratskhelia celebrates scoring their fourth goal with teammates REUTERS\/Kai Pfaffenbach\" title=\"REUTERS\/Kai Pfaffenbach\/Proibida reprodu\u00e7\u00e3o\"\/><br \/>\n    <!-- END scald=426141 --><\/div>\n<p><h6 class=\"meta\">Zagueiro brasileiro, Marquinhos comemora\u00a0gol com\u00a0companheiros de equipe &#8211; Foto:\u00a0<strong>Reuters\/Kai Pfaffenbach\/Proibida reprodu\u00e7\u00e3o<\/strong><!--END copyright=426141--><\/h6>\n<\/p>\n<\/div>\n<h2>Atropelo parisiense<\/h2>\n<p><strong>O primeiro tempo foi dominado pelo PSG.<\/strong> Sem dar condi\u00e7\u00f5es de a Inter sair do campo de defesa, o time franc\u00eas abriu o placar logo aos 11 minutos, em bela troca de passes. Primeiro, de Vitinha encontrando Dou\u00e9 livre, quase na pequena \u00e1rea. O atacante, na frente do goleiro Yann Sommer, rolou para a direita e Achraf Hakimi concluiu para as redes. O lateral marroquino, que j\u00e1 atuou pela equipe italiana, n\u00e3o comemorou o gol em respeito ao ex-clube.<\/p>\n<p>A press\u00e3o parisiense n\u00e3o arrefeceu. Aos 19 minutos, Kvaratskhelia lan\u00e7ou Ousmane Dembel\u00e9 pela esquerda. O atacante avan\u00e7ou e inverteu a jogada com Dou\u00e9, que dominou na entrada da \u00e1rea pela direita e finalizou. A bola desviou no zagueiro Federico Dimarco e saiu do alcance de Sommer, aumentando a vantagem do PSG. Festa da torcida barulhenta torcida francesa em Munique.<\/p>\n<p>A Inter conseguiu responder somente aos 36 minutos, em cabe\u00e7ada perigosa do atacante Marcus Thuram, que saiu rente \u00e0 meta do PSG, ap\u00f3s cobran\u00e7a de escanteio do meia Hakan \u00c7alhanoglu. E os franceses, por muito pouco, n\u00e3o foram para o intervalo com o placar ainda mais el\u00e1stico. Aos 43, Dembel\u00e9 foi lan\u00e7ado por Dou\u00e9 na pequena \u00e1rea, \u00e0s costas de Dimarco, mas perdeu o gol, frente \u00e0\u00a0frente com Sommer, chutando em dire\u00e7\u00e3o \u00e0 lateral.<\/p>\n<p><strong>O cen\u00e1rio da final n\u00e3o se alterou no segundo tempo, com o Paris Saint-Germain envolvendo a Inter de Mil\u00e3o e assustando em contra-ataques velozes.<\/strong> Em cinco minutos, Kvaratskhelia desperdi\u00e7ou duas chances quase na pequena \u00e1rea. Aos 17, Dou\u00e9 foi letal. Em contra-ataque com direito a passe de calcanhar de Dembel\u00e9 para Vitinha e assist\u00eancia precisa do portugu\u00eas, o atacante concluiu de primeira, no canto de Sommer, fazendo o terceiro.<\/p>\n<p>E teve mais. Dez minutos depois, Dembel\u00e9 lan\u00e7ou Kvaratskhelia pela esquerda. O georgiano apareceu sozinho na \u00e1rea e anotou mais um para o PSG. A Inter, abatida, n\u00e3o esbo\u00e7ava rea\u00e7\u00e3o e dava espa\u00e7o para contra-ataques fulminantes. Aos 40 minutos, veio o golpe de miseric\u00f3rdia: o jovem Sammy Mayalu, que tinha acabado de entrar no lugar do meia Fabi\u00e1n Ruiz, tabelou com o atacante Bradley Barcola (que substituiu Dou\u00e9) e definiu o placar.<\/p>\n<p>      <!-- Relacionada --><\/p>\n<p>            <!-- Relacionada -->\n    <\/div>\n<p><br \/>\n<br \/><a href=\"https:\/\/agenciabrasil.ebc.com.br\/esportes\/noticia\/2025-05\/volta-por-cima-e-titulo-inedito-psg-e-o-novo-dono-do-futebol-europeu\" rel=\"noopener\">Ag\u00eancia Brasil<\/a><\/p>\n","protected":false},"excerpt":{"rendered":"<p>A perda da filha de 9\u00a0anos por conta de um c\u00e2ncer \u00f3sseo, em 2019, \u00e9 uma ferida que Lu\u00eds Enrique carregar\u00e1 pela vida. Neste s\u00e1bado (31), por\u00e9m, o t\u00e9cnico espanhol p\u00f4de sentir a presen\u00e7a da pequena Xana mais uma vez, ao conduzir o Paris Saint-Germain ao in\u00e9dito t\u00edtulo da Liga dos Campe\u00f5es da Europa. E [&hellip;]<\/p>\n","protected":false},"author":1,"featured_media":34798,"comment_status":"open","ping_status":"open","sticky":false,"template":"","format":"standard","meta":{"_jetpack_newsletter_access":"","_jetpack_dont_email_post_to_subs":false,"_jetpack_newsletter_tier_id":0,"_jetpack_memberships_contains_paywalled_content":false,"_mbp_banners":[],"_jetpack_feature_clip_id":0,"_jetpack_memberships_contains_paid_content":false,"footnotes":"","jetpack_publicize_message":"","jetpack_publicize_feature_enabled":true,"jetpack_social_post_already_shared":true,"jetpack_social_options":{"image_generator_settings":{"template":"highway","default_image_id":0,"font":"","enabled":false},"version":2},"jetpack_post_was_ever_published":false},"categories":[23],"tags":[],"class_list":["post-34797","post","type-post","status-publish","format-standard","has-post-thumbnail","category-esportes"],"jetpack_publicize_connections":[],"jetpack-related-posts":[],"jetpack_shortlink":"https:\/\/wp.me\/p7Eq1F-93f","jetpack_sharing_enabled":true,"jetpack_featured_media_url":"https:\/\/i0.wp.com\/guialimeira.com.br\/news\/wp-content\/uploads\/2025\/05\/2025-05-31t211127z_838674316_up1el5v1mv0be_rtrmadp_3_soccer-champions-psg-int-report.jpg?fit=1600%2C800&ssl=1","_links":{"self":[{"href":"https:\/\/guialimeira.com.br\/news\/wp-json\/wp\/v2\/posts\/34797","targetHints":{"allow":["GET"]}}],"collection":[{"href":"https:\/\/guialimeira.com.br\/news\/wp-json\/wp\/v2\/posts"}],"about":[{"href":"https:\/\/guialimeira.com.br\/news\/wp-json\/wp\/v2\/types\/post"}],"author":[{"embeddable":true,"href":"https:\/\/guialimeira.com.br\/news\/wp-json\/wp\/v2\/users\/1"}],"replies":[{"embeddable":true,"href":"https:\/\/guialimeira.com.br\/news\/wp-json\/wp\/v2\/comments?post=34797"}],"version-history":[{"count":0,"href":"https:\/\/guialimeira.com.br\/news\/wp-json\/wp\/v2\/posts\/34797\/revisions"}],"wp:featuredmedia":[{"embeddable":true,"href":"https:\/\/guialimeira.com.br\/news\/wp-json\/wp\/v2\/media\/34798"}],"wp:attachment":[{"href":"https:\/\/guialimeira.com.br\/news\/wp-json\/wp\/v2\/media?parent=34797"}],"wp:term":[{"taxonomy":"category","embeddable":true,"href":"https:\/\/guialimeira.com.br\/news\/wp-json\/wp\/v2\/categories?post=34797"},{"taxonomy":"post_tag","embeddable":true,"href":"https:\/\/guialimeira.com.br\/news\/wp-json\/wp\/v2\/tags?post=34797"}],"curies":[{"name":"wp","href":"https:\/\/api.w.org\/{rel}","templated":true}]}}