{"id":3475,"date":"2024-05-02T16:09:48","date_gmt":"2024-05-02T19:09:48","guid":{"rendered":"https:\/\/guialimeira.com.br\/2024\/05\/02\/sp-seleciona-para-320-vagas-destinadas-a-imigrantes-e-refugiados\/"},"modified":"2024-05-02T16:09:48","modified_gmt":"2024-05-02T19:09:48","slug":"sp-seleciona-para-320-vagas-destinadas-a-imigrantes-e-refugiados","status":"publish","type":"post","link":"https:\/\/guialimeira.com.br\/news\/sp-seleciona-para-320-vagas-destinadas-a-imigrantes-e-refugiados\/","title":{"rendered":"SP seleciona para 320 vagas destinadas a imigrantes e refugiados"},"content":{"rendered":"<p> <br \/>\n<\/p>\n<div id=\"\">&#13;<br \/>\n                                <!-- Title -->&#13;<br \/>\n                                &#13;<br \/>\n&#13;<br \/>\n                                <!-- Excerpt -->&#13;<\/p>\n<p class=\"excerpt\">Os interessados devem comparecer com RG, CPF, comprovante de resid\u00eancia, Registro Nacional do Migrante (RNM) ou protocolo de ref\u00fagio<\/p>\n<p>&#13;<br \/>\n&#13;<br \/>\n                                &#13;\n                            <\/p><\/div>\n<div id=\"\">&#13;<\/p>\n<p>Nesta quinta (2) e sexta-feira (3), das 9h \u00e0s 15h, a Secretaria da Justi\u00e7a e Cidadania (SJC), por meio do Centro de Integra\u00e7\u00e3o da Cidadania (CIC) do Imigrante, em parceria com o Posto de Atendimento ao Trabalhador (PAT), promove processos seletivos com 320 vagas para imigrantes e refugiados na sede da unidade, na regi\u00e3o da Barra Funda.<\/p>\n<p>Os interessados devem comparecer com RG, CPF, comprovante de resid\u00eancia, Registro Nacional do Migrante (RNM) ou protocolo de ref\u00fagio. O N\u00facleo de Estudos sobre Migra\u00e7\u00f5es, G\u00eanero e Direitos Humanos (NEMIGDHS) vai ajudar na elabora\u00e7\u00e3o do curr\u00edculo.<\/p>\n<p><strong>Confira abaixo os cargos dispon\u00edveis:<\/strong><\/p>\n<ul>\n<li>A\u00e7ougueiro (20 vagas)<\/li>\n<li>Atendente de loja (20 vagas)<\/li>\n<li>Auxiliar de cozinha (20 vagas)<\/li>\n<li>Auxiliar de limpeza (20 vagas)<\/li>\n<li>Controlador de acesso (20 vagas)<\/li>\n<li>Padeiro (20 vagas)<\/li>\n<li>Telemarketing (200 vagas)<\/li>\n<\/ul>\n<p><strong>Outras 450 vagas<\/strong><\/p>\n<p>O Centro de Integra\u00e7\u00e3o da Cidadania (CIC) Francisco Morato, em parceria com o Posto de Atendimento ao Trabalhador (PAT), da Secretaria de Desenvolvimento Econ\u00f4mico, promove processo seletivo tamb\u00e9m nesta quinta e sexta.<\/p>\n<p>Ser\u00e3o 450 vagas dispon\u00edveis para auxiliar de log\u00edstica, conferente de log\u00edstica e auxiliar de limpeza. Interessados devem apresentar CPF, RG, conta de luz ou \u00e1gua recentes e informar um ou dois n\u00fameros de telefone para recados.<\/p>\n<p><strong>Dia 2\/5 \u2013 9h \u00e0s 14h<\/strong><\/p>\n<p><strong>150 vagas para:<\/strong><\/p>\n<ul>\n<li>Auxiliar de log\u00edstica<\/li>\n<li>Conferente de log\u00edstica<\/li>\n<li>Auxiliar de limpeza<\/li>\n<\/ul>\n<p><strong>Dia 3\/5 \u2013 9h \u00e0s 15h<\/strong><\/p>\n<p><strong>300 vagas para:\u00a0 \u00a0<\/strong><\/p>\n<p>Endere\u00e7o: CIC Francisco Morato \u2013 Rua Tabatinguera, 45 \u2013 Centro<\/p>\n<p>Localiza\u00e7\u00e3o:\u00a0<a href=\"https:\/\/maps.app.goo.gl\/7jW8DhpzacRvMKzr6\" rel=\"noopener\">https:\/\/maps.app.goo.gl\/7jW8DhpzacRvMKzr6<\/a><\/p>\n<\/p><\/div>\n<p><br \/>\n<br \/><a href=\"https:\/\/www.saopaulo.sp.gov.br\/spnoticias\/ultimas-noticias\/sp-seleciona-para-320-vagas-destinadas-a-imigrantes-e-refugiados\/\" rel=\"noopener\">Informa\u00e7\u00f5es GOV.SP<\/a><\/p>\n","protected":false},"excerpt":{"rendered":"<p>&#13; &#13; &#13; &#13; &#13; Os interessados devem comparecer com RG, CPF, comprovante de resid\u00eancia, Registro Nacional do Migrante (RNM) ou protocolo de ref\u00fagio &#13; &#13; &#13; &#13; Nesta quinta (2) e sexta-feira (3), das 9h \u00e0s 15h, a Secretaria da Justi\u00e7a e Cidadania (SJC), por meio do Centro de Integra\u00e7\u00e3o da Cidadania (CIC) do [&hellip;]<\/p>\n","protected":false},"author":1,"featured_media":238,"comment_status":"open","ping_status":"open","sticky":false,"template":"","format":"standard","meta":{"_jetpack_newsletter_access":"","_jetpack_dont_email_post_to_subs":false,"_jetpack_newsletter_tier_id":0,"_jetpack_memberships_contains_paywalled_content":false,"_mbp_banners":[],"_jetpack_feature_clip_id":0,"_jetpack_memberships_contains_paid_content":false,"footnotes":"","jetpack_publicize_message":"","jetpack_publicize_feature_enabled":true,"jetpack_social_post_already_shared":true,"jetpack_social_options":{"image_generator_settings":{"template":"highway","default_image_id":0,"font":"","enabled":false},"version":2},"jetpack_post_was_ever_published":false},"categories":[21],"tags":[],"class_list":["post-3475","post","type-post","status-publish","format-standard","has-post-thumbnail","category-sp-news"],"jetpack_publicize_connections":[],"jetpack-related-posts":[],"jetpack_shortlink":"https:\/\/wp.me\/p7Eq1F-U3","jetpack_sharing_enabled":true,"jetpack_featured_media_url":"https:\/\/i0.wp.com\/guialimeira.com.br\/news\/wp-content\/uploads\/2024\/03\/cover.png?fit=650%2C650&ssl=1","_links":{"self":[{"href":"https:\/\/guialimeira.com.br\/news\/wp-json\/wp\/v2\/posts\/3475","targetHints":{"allow":["GET"]}}],"collection":[{"href":"https:\/\/guialimeira.com.br\/news\/wp-json\/wp\/v2\/posts"}],"about":[{"href":"https:\/\/guialimeira.com.br\/news\/wp-json\/wp\/v2\/types\/post"}],"author":[{"embeddable":true,"href":"https:\/\/guialimeira.com.br\/news\/wp-json\/wp\/v2\/users\/1"}],"replies":[{"embeddable":true,"href":"https:\/\/guialimeira.com.br\/news\/wp-json\/wp\/v2\/comments?post=3475"}],"version-history":[{"count":0,"href":"https:\/\/guialimeira.com.br\/news\/wp-json\/wp\/v2\/posts\/3475\/revisions"}],"wp:featuredmedia":[{"embeddable":true,"href":"https:\/\/guialimeira.com.br\/news\/wp-json\/wp\/v2\/media\/238"}],"wp:attachment":[{"href":"https:\/\/guialimeira.com.br\/news\/wp-json\/wp\/v2\/media?parent=3475"}],"wp:term":[{"taxonomy":"category","embeddable":true,"href":"https:\/\/guialimeira.com.br\/news\/wp-json\/wp\/v2\/categories?post=3475"},{"taxonomy":"post_tag","embeddable":true,"href":"https:\/\/guialimeira.com.br\/news\/wp-json\/wp\/v2\/tags?post=3475"}],"curies":[{"name":"wp","href":"https:\/\/api.w.org\/{rel}","templated":true}]}}