{"id":3461,"date":"2024-05-02T15:03:46","date_gmt":"2024-05-02T18:03:46","guid":{"rendered":"https:\/\/guialimeira.com.br\/2024\/05\/02\/petrobras-aumenta-em-28-preco-de-querosene-de-aviacao\/"},"modified":"2024-05-02T15:03:46","modified_gmt":"2024-05-02T18:03:46","slug":"petrobras-aumenta-em-28-preco-de-querosene-de-aviacao","status":"publish","type":"post","link":"https:\/\/guialimeira.com.br\/news\/petrobras-aumenta-em-28-preco-de-querosene-de-aviacao\/","title":{"rendered":"Petrobras aumenta em 2,8% pre\u00e7o de querosene de avia\u00e7\u00e3o"},"content":{"rendered":"<p> <br \/>\n<\/p>\n<div>\n<p>A Petrobras aumentou em 2,8%, nesta quarta-feira (1\u00ba),\u00a0o pre\u00e7o do querosene de avia\u00e7\u00e3o\u00a0(QAV) vendido para os distribuidores. O aumento corresponde a R$ 0,11 por litro do combust\u00edvel.<img data-recalc-dims=\"1\" decoding=\"async\" src=\"https:\/\/i0.wp.com\/agenciabrasil.ebc.com.br\/ebc.png?w=696&#038;ssl=1\" style=\"width:1px; height:1px; display:inline;\"\/><img data-recalc-dims=\"1\" decoding=\"async\" src=\"https:\/\/i0.wp.com\/agenciabrasil.ebc.com.br\/ebc.gif?w=696&#038;ssl=1\" style=\"width:1px; height:1px; display:inline;\"\/><\/p>\n<p>O pre\u00e7o do QAV acumula, no ano, uma redu\u00e7\u00e3o de 1,3%, ou seja, R$ 0,05 por litro, de acordo com comunicado divulgado pela estatal. Em rela\u00e7\u00e3o a dezembro de 2022, a queda acumulada \u00e9 de 20,6% ou R$ 1,05 por litro.<\/p>\n<p>A Petrobras vende o produto\u00a0refinado, por si pr\u00f3pria ou importado, para distribuidoras, que\u00a0transportam e comercializam o combust\u00edvel com as empresas de transporte a\u00e9reo e consumidores finais, nos aeroportos.<\/p>\n<\/p><\/div>\n<p><br \/>\n<br \/><a href=\"https:\/\/agenciabrasil.ebc.com.br\/economia\/noticia\/2024-05\/petrobras-aumenta-em-28-preco-de-querosene-de-aviacao\" rel=\"noopener\">Ag\u00eancia Brasil<\/a><\/p>\n","protected":false},"excerpt":{"rendered":"<p>A Petrobras aumentou em 2,8%, nesta quarta-feira (1\u00ba),\u00a0o pre\u00e7o do querosene de avia\u00e7\u00e3o\u00a0(QAV) vendido para os distribuidores. O aumento corresponde a R$ 0,11 por litro do combust\u00edvel. O pre\u00e7o do QAV acumula, no ano, uma redu\u00e7\u00e3o de 1,3%, ou seja, R$ 0,05 por litro, de acordo com comunicado divulgado pela estatal. Em rela\u00e7\u00e3o a dezembro [&hellip;]<\/p>\n","protected":false},"author":1,"featured_media":3462,"comment_status":"open","ping_status":"open","sticky":false,"template":"","format":"standard","meta":{"_jetpack_newsletter_access":"","_jetpack_dont_email_post_to_subs":false,"_jetpack_newsletter_tier_id":0,"_jetpack_memberships_contains_paywalled_content":false,"_mbp_banners":[],"_jetpack_feature_clip_id":0,"_jetpack_memberships_contains_paid_content":false,"footnotes":"","jetpack_publicize_message":"","jetpack_publicize_feature_enabled":true,"jetpack_social_post_already_shared":true,"jetpack_social_options":{"image_generator_settings":{"template":"highway","default_image_id":0,"font":"","enabled":false},"version":2},"jetpack_post_was_ever_published":false},"categories":[24],"tags":[],"class_list":["post-3461","post","type-post","status-publish","format-standard","has-post-thumbnail","category-economia"],"jetpack_publicize_connections":[],"jetpack-related-posts":[],"jetpack_shortlink":"https:\/\/wp.me\/p7Eq1F-TP","jetpack_sharing_enabled":true,"jetpack_featured_media_url":"https:\/\/i0.wp.com\/guialimeira.com.br\/news\/wp-content\/uploads\/2024\/05\/img_4734.jpg?fit=1600%2C800&ssl=1","_links":{"self":[{"href":"https:\/\/guialimeira.com.br\/news\/wp-json\/wp\/v2\/posts\/3461","targetHints":{"allow":["GET"]}}],"collection":[{"href":"https:\/\/guialimeira.com.br\/news\/wp-json\/wp\/v2\/posts"}],"about":[{"href":"https:\/\/guialimeira.com.br\/news\/wp-json\/wp\/v2\/types\/post"}],"author":[{"embeddable":true,"href":"https:\/\/guialimeira.com.br\/news\/wp-json\/wp\/v2\/users\/1"}],"replies":[{"embeddable":true,"href":"https:\/\/guialimeira.com.br\/news\/wp-json\/wp\/v2\/comments?post=3461"}],"version-history":[{"count":0,"href":"https:\/\/guialimeira.com.br\/news\/wp-json\/wp\/v2\/posts\/3461\/revisions"}],"wp:featuredmedia":[{"embeddable":true,"href":"https:\/\/guialimeira.com.br\/news\/wp-json\/wp\/v2\/media\/3462"}],"wp:attachment":[{"href":"https:\/\/guialimeira.com.br\/news\/wp-json\/wp\/v2\/media?parent=3461"}],"wp:term":[{"taxonomy":"category","embeddable":true,"href":"https:\/\/guialimeira.com.br\/news\/wp-json\/wp\/v2\/categories?post=3461"},{"taxonomy":"post_tag","embeddable":true,"href":"https:\/\/guialimeira.com.br\/news\/wp-json\/wp\/v2\/tags?post=3461"}],"curies":[{"name":"wp","href":"https:\/\/api.w.org\/{rel}","templated":true}]}}