{"id":3457,"date":"2024-05-02T14:42:44","date_gmt":"2024-05-02T17:42:44","guid":{"rendered":"https:\/\/guialimeira.com.br\/2024\/05\/02\/festival-piracicaba-em-dancas-acontece-durante-tres-dias-no-teatro-do-engenho-portal-do-municipio-de-piracicaba\/"},"modified":"2024-05-02T14:42:44","modified_gmt":"2024-05-02T17:42:44","slug":"festival-piracicaba-em-dancas-acontece-durante-tres-dias-no-teatro-do-engenho-portal-do-municipio-de-piracicaba","status":"publish","type":"post","link":"https:\/\/guialimeira.com.br\/news\/festival-piracicaba-em-dancas-acontece-durante-tres-dias-no-teatro-do-engenho-portal-do-municipio-de-piracicaba\/","title":{"rendered":"Festival\u00a0Piracicaba em Dan\u00e7as acontece durante tr\u00eas dias no Teatro do Engenho \u2013 Portal do Munic\u00edpio de Piracicaba"},"content":{"rendered":"<p> <br \/>\n<\/p>\n<div>\n<figure class=\"text-center\">\n<img data-recalc-dims=\"1\" width=\"517\" height=\"1024\" src=\"https:\/\/i0.wp.com\/piracicaba.sp.gov.br\/wp-content\/uploads\/2024\/05\/Cedan-estrea-a-suite-Carmen-no-Teatro-do-Engenho-517x1024.jpeg?resize=517%2C1024&#038;ssl=1\" class=\"img-fluid img-thumbnail border-1 wp-post-image\" alt=\"Cedan estrea a su\u00edte Carmen no Teatro do Engenho\" itemprop=\"image\" decoding=\"async\" fetchpriority=\"high\" srcset=\"https:\/\/piracicaba.sp.gov.br\/wp-content\/uploads\/2024\/05\/Cedan-estrea-a-suite-Carmen-no-Teatro-do-Engenho-517x1024.jpeg 517w, https:\/\/piracicaba.sp.gov.br\/wp-content\/uploads\/2024\/05\/Cedan-estrea-a-suite-Carmen-no-Teatro-do-Engenho-151x300.jpeg 151w, https:\/\/piracicaba.sp.gov.br\/wp-content\/uploads\/2024\/05\/Cedan-estrea-a-suite-Carmen-no-Teatro-do-Engenho.jpeg 646w\" sizes=\"(max-width: 517px) 100vw, 517px\"\/><figcaption class=\"text-center small fw-bold fst-italic mt-1\">Cedan estrea a su\u00edte Carmen no Teatro do Engenho<\/figcaption><\/figure>\n<p>A edi\u00e7\u00e3o 2024 do Festival\u00a0Piracicaba em Dan\u00e7as, realizado pela Prefeitura por meio da Semac (Secretaria Municipal da A\u00e7\u00e3o Cultural) e da Cedan (Companhia Est\u00e1vel de Dan\u00e7a de Piracicaba), que tamb\u00e9m funciona como seletiva para o Festival Internacional Dan\u00e7ar a Vida Caraguatatuba 2024, acontece de 3 a 5\/05, no Teatro Municipal Erotides de Campos, o Teatro do Engenho. A entrada \u00e9 gratuita e os ingressos devem ser retirados, a cada dia, uma hora antes do in\u00edcio do evento na bilheteria do teatro.<\/p>\n<p>Na noite de sexta-feira, 3\/05, \u00e0s 20h, o primeiro dia Festival\u00a0Piracicaba em Dan\u00e7as, a Cedan estreia a su\u00edte Carmen, baseada no cl\u00e1ssico romance hom\u00f4nimo do s\u00e9culo 19, escrito pelo franc\u00eas Prosper M\u00e9rim\u00e9e, e que ter\u00e1 um corpo de dan\u00e7a de 13 bailarinos.<\/p>\n<p>A coreografia da Cedan para Carmen\u00a0\u00e9 assinada pela renomada bailarina e tamb\u00e9m core\u00f3grafa Daniela Severian. A partir do romance de Prosper M\u00e9rim\u00e9e, Daniela reconta um fragmento desta obra liter\u00e1ria atrav\u00e9s de uma linguagem na qual a dan\u00e7a cl\u00e1ssica e a dan\u00e7a contempor\u00e2nea se interconectam para dar vida \u00e0s personagens ic\u00f4nicas desta composi\u00e7\u00e3o considerada um cl\u00e1ssico.<\/p>\n<p>A su\u00edte, destaca Camilla Pupa, diretora da Cedan, \u00e9 composta\u00a0por cinco cenas. \u201cCarmen se envolve em uma briga na tabacaria onde trabalha, sendo presa pelo sargento Don Jos\u00e9 que deixa-se seduzir pelos encantos e sensualidade da jovem cigana\u201d, ela conta um pouco do que ser\u00e1 apresentado ao p\u00fablico nesta sexta.<\/p>\n<p>Ainda na sexta, ap\u00f3s a su\u00edte Carmen, o evento apresentar\u00e1 coreografias de quatro companhias da Adapi (Associa\u00e7\u00e3o de Dan\u00e7a de Piracicaba. S\u00e3o elas: O\u00a0Reino de \u00darsula, da core\u00f3grafa Leticia Landahl, na modalidade jazz; Asp\u00edcia Ramze e Arqueiras, do core\u00f3grafo Marius Petipa, na modalidade cl\u00e1ssico de repert\u00f3rio; As Guerreiras de Nzinga, da core\u00f3grafa Sthefany Vieira, na modalidade sapateado; e\u00a0Seres da Noite, da core\u00f3grafa Ivana Vendimiatti, na modalidade livre.<\/p>\n<p>O encerramento do primeiro dia ter\u00e1 uma apresenta\u00e7\u00e3o de solistas do Instituto Cultural Promodan\u00e7a e da Casa do Hip Hop de Piracicaba.<\/p>\n<p>J\u00e1 no s\u00e1bado, 4\/05, a partir das 17h, e domingo, 5\/05, a partir das 15h, al\u00e9m de coreografias\u00a0da bailarina convidada Luna Teixeira, da Promodan\u00e7a, se apresentam bailarinos e companhias piracicabanas que buscam vagas no Festival Internacional Dan\u00e7ar a Vida Caraguatatuba 2024, que acontece de 8 a 15\/07. Na cidade, no palco do Teatro do Engenho, ser\u00e3o selecionadas obras para o Palco M\u00e1rio Covas (principal) e Palco Dan\u00e7ar a Vida Shopping.<\/p>\n<p><strong>SERVI\u00c7O<\/strong>\u00a0\u2013\u00a0Cedan apresenta o Festival Piracicaba em Dan\u00e7as. Sexta-feira, 3\/05, \u00e0s 19h, s\u00e1bado, 4\/05, \u00e0s 17h, e domingo, 5\/05, \u00e0s 15h, no Teatro Municipal Erotides de Campos. Avenida Dr. Maurice Allain, 454. Classifica\u00e7\u00e3o livre. Entrada gratuita. Informa\u00e7\u00f5es: 3403-2600.<\/p>\n<\/div>\n<p><br \/>\n<br \/><a href=\"https:\/\/piracicaba.sp.gov.br\/noticias\/festival-piracicaba-em-dancas-acontece-durante-tres-dias-no-teatro-do-engenho\/\" rel=\"noopener\">Informa\u00e7\u00f5es PMP <\/a><\/p>\n","protected":false},"excerpt":{"rendered":"<p>Cedan estrea a su\u00edte Carmen no Teatro do Engenho A edi\u00e7\u00e3o 2024 do Festival\u00a0Piracicaba em Dan\u00e7as, realizado pela Prefeitura por meio da Semac (Secretaria Municipal da A\u00e7\u00e3o Cultural) e da Cedan (Companhia Est\u00e1vel de Dan\u00e7a de Piracicaba), que tamb\u00e9m funciona como seletiva para o Festival Internacional Dan\u00e7ar a Vida Caraguatatuba 2024, acontece de 3 a [&hellip;]<\/p>\n","protected":false},"author":1,"featured_media":3458,"comment_status":"open","ping_status":"open","sticky":false,"template":"","format":"standard","meta":{"_jetpack_newsletter_access":"","_jetpack_dont_email_post_to_subs":false,"_jetpack_newsletter_tier_id":0,"_jetpack_memberships_contains_paywalled_content":false,"_mbp_banners":[],"_jetpack_feature_clip_id":0,"_jetpack_memberships_contains_paid_content":false,"footnotes":"","jetpack_publicize_message":"","jetpack_publicize_feature_enabled":true,"jetpack_social_post_already_shared":true,"jetpack_social_options":{"image_generator_settings":{"template":"highway","default_image_id":0,"font":"","enabled":false},"version":2},"jetpack_post_was_ever_published":false},"categories":[20],"tags":[],"class_list":["post-3457","post","type-post","status-publish","format-standard","has-post-thumbnail","category-regiao"],"jetpack_publicize_connections":[],"jetpack-related-posts":[],"jetpack_shortlink":"https:\/\/wp.me\/p7Eq1F-TL","jetpack_sharing_enabled":true,"jetpack_featured_media_url":"https:\/\/i0.wp.com\/guialimeira.com.br\/news\/wp-content\/uploads\/2024\/05\/Cedan-estrea-a-suite-Carmen-no-Teatro-do-Engenho.jpeg?fit=646%2C1280&ssl=1","_links":{"self":[{"href":"https:\/\/guialimeira.com.br\/news\/wp-json\/wp\/v2\/posts\/3457","targetHints":{"allow":["GET"]}}],"collection":[{"href":"https:\/\/guialimeira.com.br\/news\/wp-json\/wp\/v2\/posts"}],"about":[{"href":"https:\/\/guialimeira.com.br\/news\/wp-json\/wp\/v2\/types\/post"}],"author":[{"embeddable":true,"href":"https:\/\/guialimeira.com.br\/news\/wp-json\/wp\/v2\/users\/1"}],"replies":[{"embeddable":true,"href":"https:\/\/guialimeira.com.br\/news\/wp-json\/wp\/v2\/comments?post=3457"}],"version-history":[{"count":0,"href":"https:\/\/guialimeira.com.br\/news\/wp-json\/wp\/v2\/posts\/3457\/revisions"}],"wp:featuredmedia":[{"embeddable":true,"href":"https:\/\/guialimeira.com.br\/news\/wp-json\/wp\/v2\/media\/3458"}],"wp:attachment":[{"href":"https:\/\/guialimeira.com.br\/news\/wp-json\/wp\/v2\/media?parent=3457"}],"wp:term":[{"taxonomy":"category","embeddable":true,"href":"https:\/\/guialimeira.com.br\/news\/wp-json\/wp\/v2\/categories?post=3457"},{"taxonomy":"post_tag","embeddable":true,"href":"https:\/\/guialimeira.com.br\/news\/wp-json\/wp\/v2\/tags?post=3457"}],"curies":[{"name":"wp","href":"https:\/\/api.w.org\/{rel}","templated":true}]}}