{"id":34554,"date":"2025-05-29T19:18:41","date_gmt":"2025-05-29T22:18:41","guid":{"rendered":"https:\/\/guialimeira.com.br\/2025\/05\/29\/novo-codigo-disciplinar-da-fifa-endurece-punicoes-em-casos-de-racismo\/"},"modified":"2025-05-29T19:18:41","modified_gmt":"2025-05-29T22:18:41","slug":"novo-codigo-disciplinar-da-fifa-endurece-punicoes-em-casos-de-racismo","status":"publish","type":"post","link":"https:\/\/guialimeira.com.br\/news\/novo-codigo-disciplinar-da-fifa-endurece-punicoes-em-casos-de-racismo\/","title":{"rendered":"Novo C\u00f3digo Disciplinar da Fifa endurece puni\u00e7\u00f5es em casos de racismo"},"content":{"rendered":"<p> <br \/>\n<\/p>\n<div>\n<p>A Fifa publicou nesta quinta-feira (29) o novo <a href=\"https:\/\/digitalhub.fifa.com\/m\/6094262690de769\/original\/FIFA-Disciplinary-Code-2025.pdf\" rel=\"noopener\"><strong>C\u00f3digo Disciplinar,<\/strong><\/a> que torna mais severas as puni\u00e7\u00f5es e multas em casos de racismo ou discrimina\u00e7\u00e3o no futebol. O documento foi aprovado por unanimidade por 211 Associa\u00e7\u00f5es-Membro, durante o Conselho da entidade, em Bangkok (Tail\u00e2ndia), no \u00faltimo dia 17. Entre as altera\u00e7\u00f5es, est\u00e1 o aumento do valor m\u00e1ximo da multa, que poder\u00e1 chegar a 5 milh\u00f5es de francos su\u00ed\u00e7os \u2013 o equivalente a R$ 34 milh\u00f5es. As penas tamb\u00e9m ficaram mais rigorosas: federa\u00e7\u00f5es e clubes poder\u00e3o perder pontos e ser expulsos de competi\u00e7\u00f5es em decorr\u00eancia de situa\u00e7\u00f5es de racismo.<img data-recalc-dims=\"1\" decoding=\"async\" src=\"https:\/\/i0.wp.com\/agenciabrasil.ebc.com.br\/ebc.png?w=696&#038;ssl=1\" style=\"width:1px; height:1px; display:inline;\"\/><img data-recalc-dims=\"1\" decoding=\"async\" src=\"https:\/\/i0.wp.com\/agenciabrasil.ebc.com.br\/ebc.gif?w=696&#038;ssl=1\" style=\"width:1px; height:1px; display:inline;\"\/><\/p>\n<p>Outra inova\u00e7\u00e3o est\u00e1 inclusa no artigo 15 do novo C\u00f3digo, intitulado \u201cDiscrimina\u00e7\u00e3o e Racismo\u201d, que incrementa o protocolo criado no ano passado. Antes o \u00e1rbitro deveria sinalizar casos de racismo, adotando tr\u00eas regras: parar o jogo, suspender a partida e, em \u00faltimo caso, encerrar o confronto. Agora, com o novo C\u00f3digo, qualquer jogador ou integrante das equipes pode informar ao \u00e1rbitro, caso tenha sido vitima de racismo, para que o juiz\u00a0aplique imediatamente o protocolo. Em caso de continuidade das ofensas, a partida pode ser paralisada ou, at\u00e9 mesmo, encerrada pelo \u00e1rbitro.<\/p>\n<p>O presidente da Fifa, Gianni Infantino, reitera\u00a0que a entidade est\u00e1 empenhada em combater casos de discrimina\u00e7\u00e3o.<\/p>\n<blockquote>\n<p>&#8220;Racismo n\u00e3o \u00e9 s\u00f3 um problema para atacar no futebol, racismo \u00e9 simplesmente um crime. E por isso estamos trabalhando com diferentes governos e com a ONU para ter certeza de que a luta contra o racismo esteja inserida na legisla\u00e7\u00e3o criminal de cada pa\u00eds do mundo&#8221;, defendeu o dirigente durante o Congresso da entidade em Assun\u00e7\u00e3o (Paraguai), no \u00faltimo dia 15.<\/p>\n<\/blockquote>\n<p>O C\u00f3digo Disciplinar publicado hoje (29) tamb\u00e9m amplia o poder da Fifa. A entidade se reseva o direito de \u201cinterpor recurso ao Tribunal Arbitral do Esporte (CAS) contra decis\u00f5es em casos de abuso racista, bem como de intervir nos casos em que uma Associa\u00e7\u00e3o-Membro n\u00e3o investigar adequadamente os incidentes de racismo e processar o(s) infrator(es)&#8221;.<\/p>\n<p>      <!-- Relacionada --><\/p>\n<p>            <!-- Relacionada -->\n    <\/div>\n<p><br \/>\n<br \/><a href=\"https:\/\/agenciabrasil.ebc.com.br\/esportes\/noticia\/2025-05\/novo-codigo-discipinar-da-fifa-endurece-punicoes-em-casos-de-racismo\" rel=\"noopener\">Ag\u00eancia Brasil<\/a><\/p>\n","protected":false},"excerpt":{"rendered":"<p>A Fifa publicou nesta quinta-feira (29) o novo C\u00f3digo Disciplinar, que torna mais severas as puni\u00e7\u00f5es e multas em casos de racismo ou discrimina\u00e7\u00e3o no futebol. O documento foi aprovado por unanimidade por 211 Associa\u00e7\u00f5es-Membro, durante o Conselho da entidade, em Bangkok (Tail\u00e2ndia), no \u00faltimo dia 17. Entre as altera\u00e7\u00f5es, est\u00e1 o aumento do valor [&hellip;]<\/p>\n","protected":false},"author":1,"featured_media":34555,"comment_status":"open","ping_status":"open","sticky":false,"template":"","format":"standard","meta":{"_jetpack_newsletter_access":"","_jetpack_dont_email_post_to_subs":false,"_jetpack_newsletter_tier_id":0,"_jetpack_memberships_contains_paywalled_content":false,"_mbp_banners":[],"_jetpack_feature_clip_id":0,"_jetpack_memberships_contains_paid_content":false,"footnotes":"","jetpack_publicize_message":"","jetpack_publicize_feature_enabled":true,"jetpack_social_post_already_shared":true,"jetpack_social_options":{"image_generator_settings":{"template":"highway","default_image_id":0,"font":"","enabled":false},"version":2},"jetpack_post_was_ever_published":false},"categories":[23],"tags":[],"class_list":["post-34554","post","type-post","status-publish","format-standard","has-post-thumbnail","category-esportes"],"jetpack_publicize_connections":[],"jetpack-related-posts":[],"jetpack_shortlink":"https:\/\/wp.me\/p7Eq1F-8Zk","jetpack_sharing_enabled":true,"jetpack_featured_media_url":"https:\/\/i0.wp.com\/guialimeira.com.br\/news\/wp-content\/uploads\/2025\/05\/fifa_sede_suica.jpg?fit=1600%2C800&ssl=1","_links":{"self":[{"href":"https:\/\/guialimeira.com.br\/news\/wp-json\/wp\/v2\/posts\/34554","targetHints":{"allow":["GET"]}}],"collection":[{"href":"https:\/\/guialimeira.com.br\/news\/wp-json\/wp\/v2\/posts"}],"about":[{"href":"https:\/\/guialimeira.com.br\/news\/wp-json\/wp\/v2\/types\/post"}],"author":[{"embeddable":true,"href":"https:\/\/guialimeira.com.br\/news\/wp-json\/wp\/v2\/users\/1"}],"replies":[{"embeddable":true,"href":"https:\/\/guialimeira.com.br\/news\/wp-json\/wp\/v2\/comments?post=34554"}],"version-history":[{"count":0,"href":"https:\/\/guialimeira.com.br\/news\/wp-json\/wp\/v2\/posts\/34554\/revisions"}],"wp:featuredmedia":[{"embeddable":true,"href":"https:\/\/guialimeira.com.br\/news\/wp-json\/wp\/v2\/media\/34555"}],"wp:attachment":[{"href":"https:\/\/guialimeira.com.br\/news\/wp-json\/wp\/v2\/media?parent=34554"}],"wp:term":[{"taxonomy":"category","embeddable":true,"href":"https:\/\/guialimeira.com.br\/news\/wp-json\/wp\/v2\/categories?post=34554"},{"taxonomy":"post_tag","embeddable":true,"href":"https:\/\/guialimeira.com.br\/news\/wp-json\/wp\/v2\/tags?post=34554"}],"curies":[{"name":"wp","href":"https:\/\/api.w.org\/{rel}","templated":true}]}}