{"id":3455,"date":"2024-05-02T14:07:49","date_gmt":"2024-05-02T17:07:49","guid":{"rendered":"https:\/\/guialimeira.com.br\/2024\/05\/02\/crianca-engasgada-e-salva-pela-pm-em-sp-ocorrencia-marcante-diz-policial\/"},"modified":"2024-05-02T14:07:49","modified_gmt":"2024-05-02T17:07:49","slug":"crianca-engasgada-e-salva-pela-pm-em-sp-ocorrencia-marcante-diz-policial","status":"publish","type":"post","link":"https:\/\/guialimeira.com.br\/news\/crianca-engasgada-e-salva-pela-pm-em-sp-ocorrencia-marcante-diz-policial\/","title":{"rendered":"Crian\u00e7a engasgada \u00e9 salva pela PM em SP: &#8216;Ocorr\u00eancia marcante&#8217;, diz policial"},"content":{"rendered":"<p> <br \/>\n<\/p>\n<div id=\"\">&#13;<br \/>\n                                <!-- Title -->&#13;<br \/>\n                                &#13;<br \/>\n&#13;<br \/>\n                                <!-- Excerpt -->&#13;<\/p>\n<p class=\"excerpt\">Fam\u00edlia acionou o 190 e os agentes chegaram em cerca de dois minutos na casa; menino de 1 ano j\u00e1 estava desacordado&#13;\n<\/p>\n<p>&#13;<br \/>\n&#13;<br \/>\n                                &#13;\n                            <\/p><\/div>\n<div id=\"\">&#13;<\/p>\n<figure id=\"attachment_5875669\" style=\"width: 100%;max-width: 1280px\" class=\"wp-caption alignnone\"><img data-recalc-dims=\"1\" decoding=\"async\" loading=\"lazy\" class=\"size-full wp-image-5875669\" src=\"https:\/\/i0.wp.com\/www.saopaulo.sp.gov.br\/wp-content\/uploads\/2024\/05\/00054319.jpg?resize=696%2C522&#038;ssl=1\" alt=\"\" width=\"696\" height=\"522\" srcset=\"https:\/\/www.saopaulo.sp.gov.br\/wp-content\/uploads\/2024\/05\/00054319.jpg 1280w, https:\/\/www.saopaulo.sp.gov.br\/wp-content\/uploads\/2024\/05\/00054319-300x225.jpg 300w, https:\/\/www.saopaulo.sp.gov.br\/wp-content\/uploads\/2024\/05\/00054319-1024x768.jpg 1024w, https:\/\/www.saopaulo.sp.gov.br\/wp-content\/uploads\/2024\/05\/00054319-768x576.jpg 768w\" sizes=\"auto, (max-width: 1280px) 100vw, 1280px\"\/><figcaption class=\"wp-caption-text\">Os cabos Gisele Soares e Diego Ferreira estavam pela regi\u00e3o, quando foram acionados. Assim que eles chegaram ao local encontraram Matheus desacordado no colo do pai<\/figcaption><\/figure>\n<p>Uma crian\u00e7a de 1 ano, engasgada com uma pe\u00e7a pl\u00e1stica, foi salva ap\u00f3s r\u00e1pida a\u00e7\u00e3o da Pol\u00edcia Militar em Santa B\u00e1rbara d\u2019Oeste, no interior de S\u00e3o Paulo, nesta quarta-feira (1\u00b0). Os pais do menino ligaram para o 190. Enquanto a equipe do Centro de Opera\u00e7\u00f5es da PM (Copom) auxiliava o casal por telefone, uma viatura j\u00e1 estava a caminho da casa da fam\u00edlia.<\/p>\n<p>Os cabos Gisele Soares e Diego Ferreira estavam pela regi\u00e3o, quando foram acionados. Eles chegaram ao local em cerca de dois minutos e encontraram Matheus desacordado no colo do pai. Imediatamente o policial pegou o menino e realizou a manobra de Heimlich com o apoio de sua parceira.<\/p>\n<p>A crian\u00e7a expeliu a pe\u00e7a pl\u00e1stica que havia engolido e voltou a respirar. Os pais, que at\u00e9 ent\u00e3o estavam desesperados, agradeceram aos policiais. Na sequ\u00eancia, a fam\u00edlia foi encaminhada ao pronto-socorro em uma viatura para verificar o estado de sa\u00fade de Matheus, onde foi constatado que estava tudo bem.<\/p>\n<p>Segundo a cabo Soares, em 10 anos na corpora\u00e7\u00e3o, esta foi a primeira vez em que participou de uma ocorr\u00eancia deste tipo. \u201cCom certeza foi a mais marcante da minha carreira, estou emocionada at\u00e9 agora\u201d, contou.<\/p>\n<p>Na sa\u00edda do hospital, os agentes foram at\u00e9 l\u00e1 novamente para entregar um presente ao menino. \u201cOs pais ficaram muito agradecidos por tudo, mas foi gratificante para n\u00f3s tamb\u00e9m. Conseguimos ajudar uma crian\u00e7a, isso n\u00e3o tem pre\u00e7o\u201d, concluiu a policial.<\/p>\n<p>Siga o canal \u201cGoverno de S\u00e3o Paulo\u201d no WhatsApp:<br \/><a href=\"https:\/\/bit.ly\/govspnozap\" target=\"_blank\" rel=\"noopener noreferrer\">https:\/\/bit.ly\/govspnozap<\/a><\/p>\n<\/p><\/div>\n<p><br \/>\n<br \/><a href=\"https:\/\/www.saopaulo.sp.gov.br\/spnoticias\/ultimas-noticias\/crianca-engasgada-e-salva-pela-pm-em-sp-ocorrencia-marcante-diz-policial\/\" rel=\"noopener\">Informa\u00e7\u00f5es GOV.SP<\/a><\/p>\n","protected":false},"excerpt":{"rendered":"<p>&#13; &#13; &#13; &#13; &#13; Fam\u00edlia acionou o 190 e os agentes chegaram em cerca de dois minutos na casa; menino de 1 ano j\u00e1 estava desacordado&#13; &#13; &#13; &#13; &#13; Os cabos Gisele Soares e Diego Ferreira estavam pela regi\u00e3o, quando foram acionados. Assim que eles chegaram ao local encontraram Matheus desacordado no colo [&hellip;]<\/p>\n","protected":false},"author":1,"featured_media":3456,"comment_status":"open","ping_status":"open","sticky":false,"template":"","format":"standard","meta":{"_jetpack_newsletter_access":"","_jetpack_dont_email_post_to_subs":false,"_jetpack_newsletter_tier_id":0,"_jetpack_memberships_contains_paywalled_content":false,"_mbp_banners":[],"_jetpack_feature_clip_id":0,"_jetpack_memberships_contains_paid_content":false,"footnotes":"","jetpack_publicize_message":"","jetpack_publicize_feature_enabled":true,"jetpack_social_post_already_shared":true,"jetpack_social_options":{"image_generator_settings":{"template":"highway","default_image_id":0,"font":"","enabled":false},"version":2},"jetpack_post_was_ever_published":false},"categories":[21],"tags":[],"class_list":["post-3455","post","type-post","status-publish","format-standard","has-post-thumbnail","category-sp-news"],"jetpack_publicize_connections":[],"jetpack-related-posts":[],"jetpack_shortlink":"https:\/\/wp.me\/p7Eq1F-TJ","jetpack_sharing_enabled":true,"jetpack_featured_media_url":"https:\/\/i0.wp.com\/guialimeira.com.br\/news\/wp-content\/uploads\/2024\/05\/Crianca-engasgada-e-salva-pela-PM-em-SP-Ocorrencia-marcante.jpg?fit=1280%2C960&ssl=1","_links":{"self":[{"href":"https:\/\/guialimeira.com.br\/news\/wp-json\/wp\/v2\/posts\/3455","targetHints":{"allow":["GET"]}}],"collection":[{"href":"https:\/\/guialimeira.com.br\/news\/wp-json\/wp\/v2\/posts"}],"about":[{"href":"https:\/\/guialimeira.com.br\/news\/wp-json\/wp\/v2\/types\/post"}],"author":[{"embeddable":true,"href":"https:\/\/guialimeira.com.br\/news\/wp-json\/wp\/v2\/users\/1"}],"replies":[{"embeddable":true,"href":"https:\/\/guialimeira.com.br\/news\/wp-json\/wp\/v2\/comments?post=3455"}],"version-history":[{"count":0,"href":"https:\/\/guialimeira.com.br\/news\/wp-json\/wp\/v2\/posts\/3455\/revisions"}],"wp:featuredmedia":[{"embeddable":true,"href":"https:\/\/guialimeira.com.br\/news\/wp-json\/wp\/v2\/media\/3456"}],"wp:attachment":[{"href":"https:\/\/guialimeira.com.br\/news\/wp-json\/wp\/v2\/media?parent=3455"}],"wp:term":[{"taxonomy":"category","embeddable":true,"href":"https:\/\/guialimeira.com.br\/news\/wp-json\/wp\/v2\/categories?post=3455"},{"taxonomy":"post_tag","embeddable":true,"href":"https:\/\/guialimeira.com.br\/news\/wp-json\/wp\/v2\/tags?post=3455"}],"curies":[{"name":"wp","href":"https:\/\/api.w.org\/{rel}","templated":true}]}}