{"id":34526,"date":"2025-05-29T16:15:50","date_gmt":"2025-05-29T19:15:50","guid":{"rendered":"https:\/\/guialimeira.com.br\/2025\/05\/29\/julgamento-sobre-morte-de-maradona-e-anulado-apos-escandalo-com-juiza\/"},"modified":"2025-05-29T16:15:50","modified_gmt":"2025-05-29T19:15:50","slug":"julgamento-sobre-morte-de-maradona-e-anulado-apos-escandalo-com-juiza","status":"publish","type":"post","link":"https:\/\/guialimeira.com.br\/news\/julgamento-sobre-morte-de-maradona-e-anulado-apos-escandalo-com-juiza\/","title":{"rendered":"Julgamento sobre morte de Maradona \u00e9 anulado ap\u00f3s esc\u00e2ndalo com ju\u00edza"},"content":{"rendered":"<p> <br \/>\n<\/p>\n<div>\n<p>\u00a0O processo de homic\u00eddio contra a equipe m\u00e9dica de Diego Maradona foi declarado nulo, disseram seus advogados na quinta-feira (29).<img data-recalc-dims=\"1\" decoding=\"async\" src=\"https:\/\/i0.wp.com\/agenciabrasil.ebc.com.br\/ebc.png?w=696&#038;ssl=1\" style=\"width:1px; height:1px; display:inline;\"\/><img data-recalc-dims=\"1\" decoding=\"async\" src=\"https:\/\/i0.wp.com\/agenciabrasil.ebc.com.br\/ebc.gif?w=696&#038;ssl=1\" style=\"width:1px; height:1px; display:inline;\"\/><\/p>\n<p>A morte em 2020 do astro do futebol argentino por insufici\u00eancia card\u00edaca enquanto se recuperava de uma cirurgia abalou o pa\u00eds. Sete membros de sua equipe m\u00e9dica foram acusados de homic\u00eddio por neglig\u00eancia em um julgamento que come\u00e7ou em 11 de mar\u00e7o.<\/p>\n<p>Os r\u00e9us negaram as acusa\u00e7\u00f5es de &#8220;homic\u00eddio simples com dolo eventual&#8221; no tratamento de Maradona. Eles enfrentavam penas de pris\u00e3o de oito a 25 anos.<\/p>\n<p>A data do novo julgamento n\u00e3o foi anunciada inicialmente e n\u00e3o foram nomeados novos ju\u00edzes.<\/p>\n<p>A decis\u00e3o de quinta-feira (29)\u00a0veio depois que uma de tr\u00eas ju\u00edzes do caso, a ju\u00edza Julieta Makintach, renunciou na ter\u00e7a-feira (29) diante das alega\u00e7\u00f5es de viola\u00e7\u00e3o \u00e9tica.<\/p>\n<p>Surgiu um v\u00eddeo mostrando-a aparentemente sendo entrevistada por uma equipe de filmagem como parte de um document\u00e1rio nos corredores do tribunal de Buenos Aires e em seu escrit\u00f3rio, o que violou as regras judiciais.<\/p>\n<blockquote>\n<p>&#8220;Tudo isso \u00e9 um grande constrangimento&#8221;, disse o advogado de defesa Miguel Angel Pierri \u00e0 m\u00eddia do lado de fora do tribunal.<\/p>\n<\/blockquote>\n<p><em>(Reportagem em parceria com Lucinda Elliott em Montevid\u00e9u)<\/em><\/p>\n<p><strong>* \u00c9 proibida a reprodu\u00e7\u00e3o deste conte\u00fado.<\/strong><\/p>\n<p>      <!-- Relacionada --><\/p>\n<p>            <!-- Relacionada -->\n    <\/div>\n<p><br \/>\n<br \/><a href=\"https:\/\/agenciabrasil.ebc.com.br\/esportes\/noticia\/2025-05\/julgamento-sobre-morte-de-maradona-e-anulado-apos-escandalo-com-juiza\" rel=\"noopener\">Ag\u00eancia Brasil<\/a><\/p>\n","protected":false},"excerpt":{"rendered":"<p>\u00a0O processo de homic\u00eddio contra a equipe m\u00e9dica de Diego Maradona foi declarado nulo, disseram seus advogados na quinta-feira (29). A morte em 2020 do astro do futebol argentino por insufici\u00eancia card\u00edaca enquanto se recuperava de uma cirurgia abalou o pa\u00eds. Sete membros de sua equipe m\u00e9dica foram acusados de homic\u00eddio por neglig\u00eancia em um [&hellip;]<\/p>\n","protected":false},"author":1,"featured_media":34527,"comment_status":"open","ping_status":"open","sticky":false,"template":"","format":"standard","meta":{"_jetpack_newsletter_access":"","_jetpack_dont_email_post_to_subs":false,"_jetpack_newsletter_tier_id":0,"_jetpack_memberships_contains_paywalled_content":false,"_mbp_banners":[],"_jetpack_feature_clip_id":0,"_jetpack_memberships_contains_paid_content":false,"footnotes":"","jetpack_publicize_message":"","jetpack_publicize_feature_enabled":true,"jetpack_social_post_already_shared":true,"jetpack_social_options":{"image_generator_settings":{"template":"highway","default_image_id":0,"font":"","enabled":false},"version":2},"jetpack_post_was_ever_published":false},"categories":[23],"tags":[],"class_list":["post-34526","post","type-post","status-publish","format-standard","has-post-thumbnail","category-esportes"],"jetpack_publicize_connections":[],"jetpack-related-posts":[],"jetpack_shortlink":"https:\/\/wp.me\/p7Eq1F-8YS","jetpack_sharing_enabled":true,"jetpack_featured_media_url":"https:\/\/i0.wp.com\/guialimeira.com.br\/news\/wp-content\/uploads\/2025\/05\/maradona_mosaico_homenagem.jpg?fit=1600%2C800&ssl=1","_links":{"self":[{"href":"https:\/\/guialimeira.com.br\/news\/wp-json\/wp\/v2\/posts\/34526","targetHints":{"allow":["GET"]}}],"collection":[{"href":"https:\/\/guialimeira.com.br\/news\/wp-json\/wp\/v2\/posts"}],"about":[{"href":"https:\/\/guialimeira.com.br\/news\/wp-json\/wp\/v2\/types\/post"}],"author":[{"embeddable":true,"href":"https:\/\/guialimeira.com.br\/news\/wp-json\/wp\/v2\/users\/1"}],"replies":[{"embeddable":true,"href":"https:\/\/guialimeira.com.br\/news\/wp-json\/wp\/v2\/comments?post=34526"}],"version-history":[{"count":0,"href":"https:\/\/guialimeira.com.br\/news\/wp-json\/wp\/v2\/posts\/34526\/revisions"}],"wp:featuredmedia":[{"embeddable":true,"href":"https:\/\/guialimeira.com.br\/news\/wp-json\/wp\/v2\/media\/34527"}],"wp:attachment":[{"href":"https:\/\/guialimeira.com.br\/news\/wp-json\/wp\/v2\/media?parent=34526"}],"wp:term":[{"taxonomy":"category","embeddable":true,"href":"https:\/\/guialimeira.com.br\/news\/wp-json\/wp\/v2\/categories?post=34526"},{"taxonomy":"post_tag","embeddable":true,"href":"https:\/\/guialimeira.com.br\/news\/wp-json\/wp\/v2\/tags?post=34526"}],"curies":[{"name":"wp","href":"https:\/\/api.w.org\/{rel}","templated":true}]}}