{"id":345,"date":"2024-03-29T17:55:56","date_gmt":"2024-03-29T20:55:56","guid":{"rendered":"https:\/\/guialimeira.com.br\/2024\/03\/29\/prefeitura-municipal-de-americana-5\/"},"modified":"2024-03-29T17:55:56","modified_gmt":"2024-03-29T20:55:56","slug":"prefeitura-municipal-de-americana-5","status":"publish","type":"post","link":"https:\/\/guialimeira.com.br\/news\/prefeitura-municipal-de-americana-5\/","title":{"rendered":"Prefeitura Municipal de Americana"},"content":{"rendered":"<p> <br \/>\n<\/p>\n<div>\n<div class=\"row d-flex align-items-center mb-4\">\n<div class=\"col-md-6\">\n<p>\n\t\t\t\t\t\t\t\t\t\tPublicada em 28 de Mar\u00e7o de 2024 \u00e0s 13h50\n\t\t\t\t\t\t\t\t\t<\/p>\n<\/p><\/div>\n<\/p><\/div>\n<div class=\"mb-5\">As obras de reforma do Vel\u00f3dromo Municipal de Americana &#8220;Miguel Stoco&#8221;, localizado no Conjunto Poliesportivo Ayrton Senna, entraram na reta final. Nesta semana, as equipes trabalharam na finaliza\u00e7\u00e3o da pintura da pista e na coloca\u00e7\u00e3o das \u00faltimas pe\u00e7as de lou\u00e7as nos banheiros. A interven\u00e7\u00e3o faz parte de uma s\u00e9rie de melhorias nos espa\u00e7os esportivos do munic\u00edpio.<\/p>\n<p>Desde o in\u00edcio dos trabalhos, o espa\u00e7o j\u00e1 recebeu reparos no piso, novos alambrados em todo o entorno da pista, constru\u00e7\u00e3o de banheiros, ilumina\u00e7\u00e3o de LED e um novo letreiro. A reforma ser\u00e1 entregue \u00e0 popula\u00e7\u00e3o na pr\u00f3xima semana, ap\u00f3s a limpeza e ro\u00e7agem do espa\u00e7o e a instala\u00e7\u00e3o de comunica\u00e7\u00e3o visual.<\/p>\n<p>&#8220;\u00c9 uma felicidade enorme ver a reforma do nosso Vel\u00f3dromo quase pronta, recebendo os \u00faltimos ajustes antes da entrega aos ciclistas americanenses. J\u00e1 d\u00e1 para notar a grande transforma\u00e7\u00e3o que foi feita no espa\u00e7o, que \u00e9 refer\u00eancia em toda a regi\u00e3o. Estamos contando os dias para que este local volte a ser utilizado para os treinos da nossa equipe e para receber grandes eventos, agora com mais estrutura e qualidade&#8221;, celebra o secret\u00e1rio de Esportes, Marcio Leal.<\/p>\n<p>Utilizado para treinamentos e competi\u00e7\u00f5es de ciclismo, o Vel\u00f3dromo possui pista com dimens\u00e3o oficial de 333 metros, conforme exig\u00eancia da Confedera\u00e7\u00e3o Brasileira da modalidade.<\/p>\n<p>A obra, no valor de R$ 547.168,14, est\u00e1 sendo executada por meio de contrapartida solicitada pela Prefeitura de Americana para uma empresa que pretende instalar um loteamento residencial no munic\u00edpio, dentro das Condi\u00e7\u00f5es de Aceita\u00e7\u00e3o de Estudo de Impacto de Vizinhan\u00e7a (EIV).<\/p>\n<p>Texto: Rafael Siviero (MTb 88.159)\n                            <\/p>\n<\/div><\/div>\n<p><script async defer crossorigin=\"anonymous\" src=\"https:\/\/connect.facebook.net\/pt_BR\/sdk.js#xfbml=1&#038;version=v5.0\"><\/script><br \/>\n<br \/><br \/>\n<br \/><a href=\"https:\/\/www.americana.sp.gov.br\/americana-index.php?a=noticia&#038;id=30462\" rel=\"noopener\">Informa\u00e7\u00f5es PMA<\/a><\/p>\n","protected":false},"excerpt":{"rendered":"<p>Publicada em 28 de Mar\u00e7o de 2024 \u00e0s 13h50 As obras de reforma do Vel\u00f3dromo Municipal de Americana &#8220;Miguel Stoco&#8221;, localizado no Conjunto Poliesportivo Ayrton Senna, entraram na reta final. Nesta semana, as equipes trabalharam na finaliza\u00e7\u00e3o da pintura da pista e na coloca\u00e7\u00e3o das \u00faltimas pe\u00e7as de lou\u00e7as nos banheiros. A interven\u00e7\u00e3o faz parte [&hellip;]<\/p>\n","protected":false},"author":1,"featured_media":0,"comment_status":"open","ping_status":"open","sticky":false,"template":"","format":"standard","meta":{"_jetpack_newsletter_access":"","_jetpack_dont_email_post_to_subs":false,"_jetpack_newsletter_tier_id":0,"_jetpack_memberships_contains_paywalled_content":false,"_mbp_banners":[],"_jetpack_feature_clip_id":0,"_jetpack_memberships_contains_paid_content":false,"footnotes":"","jetpack_publicize_message":"","jetpack_publicize_feature_enabled":true,"jetpack_social_post_already_shared":false,"jetpack_social_options":{"image_generator_settings":{"template":"highway","default_image_id":0,"font":"","enabled":false},"version":2},"jetpack_post_was_ever_published":false},"categories":[20],"tags":[],"class_list":["post-345","post","type-post","status-publish","format-standard","category-regiao"],"jetpack_publicize_connections":[],"jetpack-related-posts":[],"jetpack_shortlink":"https:\/\/wp.me\/p7Eq1F-5z","jetpack_sharing_enabled":true,"jetpack_featured_media_url":"","_links":{"self":[{"href":"https:\/\/guialimeira.com.br\/news\/wp-json\/wp\/v2\/posts\/345","targetHints":{"allow":["GET"]}}],"collection":[{"href":"https:\/\/guialimeira.com.br\/news\/wp-json\/wp\/v2\/posts"}],"about":[{"href":"https:\/\/guialimeira.com.br\/news\/wp-json\/wp\/v2\/types\/post"}],"author":[{"embeddable":true,"href":"https:\/\/guialimeira.com.br\/news\/wp-json\/wp\/v2\/users\/1"}],"replies":[{"embeddable":true,"href":"https:\/\/guialimeira.com.br\/news\/wp-json\/wp\/v2\/comments?post=345"}],"version-history":[{"count":0,"href":"https:\/\/guialimeira.com.br\/news\/wp-json\/wp\/v2\/posts\/345\/revisions"}],"wp:attachment":[{"href":"https:\/\/guialimeira.com.br\/news\/wp-json\/wp\/v2\/media?parent=345"}],"wp:term":[{"taxonomy":"category","embeddable":true,"href":"https:\/\/guialimeira.com.br\/news\/wp-json\/wp\/v2\/categories?post=345"},{"taxonomy":"post_tag","embeddable":true,"href":"https:\/\/guialimeira.com.br\/news\/wp-json\/wp\/v2\/tags?post=345"}],"curies":[{"name":"wp","href":"https:\/\/api.w.org\/{rel}","templated":true}]}}