{"id":3447,"date":"2024-05-02T13:41:44","date_gmt":"2024-05-02T16:41:44","guid":{"rendered":"https:\/\/guialimeira.com.br\/2024\/05\/02\/sema-representa-piracicaba-em-evento-sobre-psa-em-brasilia-portal-do-municipio-de-piracicaba\/"},"modified":"2024-05-02T13:41:44","modified_gmt":"2024-05-02T16:41:44","slug":"sema-representa-piracicaba-em-evento-sobre-psa-em-brasilia-portal-do-municipio-de-piracicaba","status":"publish","type":"post","link":"https:\/\/guialimeira.com.br\/news\/sema-representa-piracicaba-em-evento-sobre-psa-em-brasilia-portal-do-municipio-de-piracicaba\/","title":{"rendered":"Sema representa Piracicaba em evento sobre PSA, em Bras\u00edlia \u2013 Portal do Munic\u00edpio de Piracicaba"},"content":{"rendered":"<p> <br \/>\n<\/p>\n<div>\n<p>A Prefeitura de Piracicaba, por meio da Sema (Secretaria de Agricultura e Abastecimento), participa, nesta quinta e sexta-feira, 02 e 03 de maio, da s\u00e9rie de eventos Di\u00e1logos Consultivos sobre Pagamento por Servi\u00e7os Ambientais, em Bras\u00edlia, organizado pelo Minist\u00e9rio do Meio Ambiente e Mudan\u00e7a do Clima, por meio da Secretaria Nacional de Bioeconomia.<\/p>\n<p>O encontro tem o prop\u00f3sito de dialogar com os diferentes setores sobre a regulamenta\u00e7\u00e3o da Lei dos Pagamentos por Servi\u00e7os Ambientais (lei n\u00ba 14.119\/2021) e seus espa\u00e7os de governan\u00e7a, al\u00e9m de trocar experi\u00eancias de PSA, recepcionar contribui\u00e7\u00f5es e levantar subs\u00eddios de forma colaborativa.<\/p>\n<p>Os engenheiros da Sema Evelise Moda e Ramon Pittizer participam do evento com o intuito de apresentar o programa PSA de Piracicaba. A perspectiva \u00e9 que a experi\u00eancia de Piracicaba possa contribuir no di\u00e1logo da regulamenta\u00e7\u00e3o da Lei Federal com troca de experi\u00eancias com outras institui\u00e7\u00f5es e setores.<\/p>\n<p>Institu\u00eddo pela lei 8.013\/2014, mas executado a partir de 2018, o PSA\u00a0consiste em um sistema de remunera\u00e7\u00e3o aos produtores rurais que desenvolvem pr\u00e1ticas sustent\u00e1veis para preserva\u00e7\u00e3o de rios e nascentes em suas propriedades localizadas na regi\u00e3o das microbacias dos Ribeir\u00f5es dos Marins, Congonhal, Tamandup\u00e1 e Pared\u00e3o Vermelho.<\/p>\n<p>Segundo levantamento realizado pela Prefeitura, as microbacias abrangidas pelo PSA s\u00e3o consideradas microbacias hidrogr\u00e1ficas priorit\u00e1rias para Piracicaba e regi\u00e3o, devido ao seu potencial de produ\u00e7\u00e3o de \u00e1gua bruta para o munic\u00edpio e por serem microbacias afluentes do Rio Piracicaba, com capacidade de abastecimento estimada de at\u00e9 100 mil pessoas.<\/p>\n<p>Desde a primeira edi\u00e7\u00e3o, o programa j\u00e1 pagou cerca de R$ 580 mil aos participantes aprovados.\u00a0O \u00faltimo pagamento foi entregue no evento Workshop Pagamento por Servi\u00e7os Ambientais, realizado no \u00faltimo dia 16 de abril, para os\u00a013\u00a0produtores rurais e agricultores que participaram do programa PSA de 2023, somando o total de R$111.491,20.<\/p>\n<figure class=\"wp-block-image size-large\"><img data-recalc-dims=\"1\" fetchpriority=\"high\" decoding=\"async\" width=\"696\" height=\"522\" src=\"https:\/\/i0.wp.com\/piracicaba.sp.gov.br\/wp-content\/uploads\/2024\/05\/Os-engenheiros-da-Sema-Evelise-Moda-e-Ramon-Pittizer-participam-do-evento-1024x768.jpg?resize=696%2C522&#038;ssl=1\" alt=\"\" class=\"wp-image-78260\" srcset=\"https:\/\/piracicaba.sp.gov.br\/wp-content\/uploads\/2024\/05\/Os-engenheiros-da-Sema-Evelise-Moda-e-Ramon-Pittizer-participam-do-evento-1024x768.jpg 1024w, https:\/\/piracicaba.sp.gov.br\/wp-content\/uploads\/2024\/05\/Os-engenheiros-da-Sema-Evelise-Moda-e-Ramon-Pittizer-participam-do-evento-300x225.jpg 300w, https:\/\/piracicaba.sp.gov.br\/wp-content\/uploads\/2024\/05\/Os-engenheiros-da-Sema-Evelise-Moda-e-Ramon-Pittizer-participam-do-evento-768x576.jpg 768w, https:\/\/piracicaba.sp.gov.br\/wp-content\/uploads\/2024\/05\/Os-engenheiros-da-Sema-Evelise-Moda-e-Ramon-Pittizer-participam-do-evento-1536x1152.jpg 1536w, https:\/\/piracicaba.sp.gov.br\/wp-content\/uploads\/2024\/05\/Os-engenheiros-da-Sema-Evelise-Moda-e-Ramon-Pittizer-participam-do-evento.jpg 2000w\" sizes=\"(max-width: 1024px) 100vw, 1024px\"\/><figcaption class=\"wp-element-caption\"><em><strong><sub><sup>Os engenheiros da Sema Evelise Moda e Ramon Pittizer participam do evento<\/sup><\/sub><\/strong><\/em><\/figcaption><\/figure>\n<\/div>\n<p><br \/>\n<br \/><a href=\"https:\/\/piracicaba.sp.gov.br\/noticias\/sema-representa-piracicaba-em-evento-sobre-psa-em-brasilia\/\" rel=\"noopener\">Informa\u00e7\u00f5es PMP <\/a><\/p>\n","protected":false},"excerpt":{"rendered":"<p>A Prefeitura de Piracicaba, por meio da Sema (Secretaria de Agricultura e Abastecimento), participa, nesta quinta e sexta-feira, 02 e 03 de maio, da s\u00e9rie de eventos Di\u00e1logos Consultivos sobre Pagamento por Servi\u00e7os Ambientais, em Bras\u00edlia, organizado pelo Minist\u00e9rio do Meio Ambiente e Mudan\u00e7a do Clima, por meio da Secretaria Nacional de Bioeconomia. O encontro [&hellip;]<\/p>\n","protected":false},"author":1,"featured_media":3448,"comment_status":"open","ping_status":"open","sticky":false,"template":"","format":"standard","meta":{"_jetpack_newsletter_access":"","_jetpack_dont_email_post_to_subs":false,"_jetpack_newsletter_tier_id":0,"_jetpack_memberships_contains_paywalled_content":false,"_mbp_banners":[],"_jetpack_feature_clip_id":0,"_jetpack_memberships_contains_paid_content":false,"footnotes":"","jetpack_publicize_message":"","jetpack_publicize_feature_enabled":true,"jetpack_social_post_already_shared":true,"jetpack_social_options":{"image_generator_settings":{"template":"highway","default_image_id":0,"font":"","enabled":false},"version":2},"jetpack_post_was_ever_published":false},"categories":[20],"tags":[],"class_list":["post-3447","post","type-post","status-publish","format-standard","has-post-thumbnail","category-regiao"],"jetpack_publicize_connections":[],"jetpack-related-posts":[],"jetpack_shortlink":"https:\/\/wp.me\/p7Eq1F-TB","jetpack_sharing_enabled":true,"jetpack_featured_media_url":"https:\/\/i0.wp.com\/guialimeira.com.br\/news\/wp-content\/uploads\/2024\/05\/Os-engenheiros-da-Sema-Evelise-Moda-e-Ramon-Pittizer-participam-do-evento-1024x768.jpg?fit=1024%2C768&ssl=1","_links":{"self":[{"href":"https:\/\/guialimeira.com.br\/news\/wp-json\/wp\/v2\/posts\/3447","targetHints":{"allow":["GET"]}}],"collection":[{"href":"https:\/\/guialimeira.com.br\/news\/wp-json\/wp\/v2\/posts"}],"about":[{"href":"https:\/\/guialimeira.com.br\/news\/wp-json\/wp\/v2\/types\/post"}],"author":[{"embeddable":true,"href":"https:\/\/guialimeira.com.br\/news\/wp-json\/wp\/v2\/users\/1"}],"replies":[{"embeddable":true,"href":"https:\/\/guialimeira.com.br\/news\/wp-json\/wp\/v2\/comments?post=3447"}],"version-history":[{"count":0,"href":"https:\/\/guialimeira.com.br\/news\/wp-json\/wp\/v2\/posts\/3447\/revisions"}],"wp:featuredmedia":[{"embeddable":true,"href":"https:\/\/guialimeira.com.br\/news\/wp-json\/wp\/v2\/media\/3448"}],"wp:attachment":[{"href":"https:\/\/guialimeira.com.br\/news\/wp-json\/wp\/v2\/media?parent=3447"}],"wp:term":[{"taxonomy":"category","embeddable":true,"href":"https:\/\/guialimeira.com.br\/news\/wp-json\/wp\/v2\/categories?post=3447"},{"taxonomy":"post_tag","embeddable":true,"href":"https:\/\/guialimeira.com.br\/news\/wp-json\/wp\/v2\/tags?post=3447"}],"curies":[{"name":"wp","href":"https:\/\/api.w.org\/{rel}","templated":true}]}}