{"id":3445,"date":"2024-05-02T13:06:54","date_gmt":"2024-05-02T16:06:54","guid":{"rendered":"https:\/\/guialimeira.com.br\/2024\/05\/02\/acordo-paulista-encerra-primeiro-edital-com-mais-de-r-14-bilhoes-em-debitos-negociados\/"},"modified":"2024-05-02T13:06:54","modified_gmt":"2024-05-02T16:06:54","slug":"acordo-paulista-encerra-primeiro-edital-com-mais-de-r-14-bilhoes-em-debitos-negociados","status":"publish","type":"post","link":"https:\/\/guialimeira.com.br\/news\/acordo-paulista-encerra-primeiro-edital-com-mais-de-r-14-bilhoes-em-debitos-negociados\/","title":{"rendered":"Acordo Paulista encerra primeiro edital com mais de R$ 14 bilh\u00f5es em d\u00e9bitos negociados"},"content":{"rendered":"<p> <br \/>\n<\/p>\n<div id=\"\">&#13;<br \/>\n                                <!-- Title -->&#13;<br \/>\n                                &#13;<br \/>\n&#13;<br \/>\n                                <!-- Excerpt -->&#13;<\/p>\n<p class=\"excerpt\">Em tr\u00eas meses, programa de transa\u00e7\u00e3o tribut\u00e1ria do governo de S\u00e3o Paulo triplicou a meta anual&#13;\n<\/p>\n<p>&#13;<br \/>\n&#13;<br \/>\n                                &#13;\n                            <\/p><\/div>\n<div id=\"\">&#13;<\/p>\n<figure id=\"attachment_5875722\" style=\"width: 100%;max-width: 809px\" class=\"wp-caption alignnone caption-hide\"><img data-recalc-dims=\"1\" decoding=\"async\" loading=\"lazy\" class=\"size-full wp-image-5875722\" src=\"https:\/\/i0.wp.com\/www.saopaulo.sp.gov.br\/wp-content\/uploads\/2024\/05\/20240502-acordo-paulista-encerra-primeiro-edital-com-mais-de-r-14-bi-em-debitos-negociados-1.jpeg?resize=696%2C416&#038;ssl=1\" alt=\"\" width=\"696\" height=\"416\" srcset=\"https:\/\/www.saopaulo.sp.gov.br\/wp-content\/uploads\/2024\/05\/20240502-acordo-paulista-encerra-primeiro-edital-com-mais-de-r-14-bi-em-debitos-negociados-1.jpeg 809w, https:\/\/www.saopaulo.sp.gov.br\/wp-content\/uploads\/2024\/05\/20240502-acordo-paulista-encerra-primeiro-edital-com-mais-de-r-14-bi-em-debitos-negociados-1-300x179.jpeg 300w, https:\/\/www.saopaulo.sp.gov.br\/wp-content\/uploads\/2024\/05\/20240502-acordo-paulista-encerra-primeiro-edital-com-mais-de-r-14-bi-em-debitos-negociados-1-768x459.jpeg 768w\" sizes=\"auto, (max-width: 809px) 100vw, 809px\"\/><\/figure>\n<p>O Acordo Paulista, programa lan\u00e7ado pela Procuradoria Geral do Estado de S\u00e3o Paulo (PGE\/SP) para a negocia\u00e7\u00e3o de d\u00e9bitos inscritos em d\u00edvida ativa, encerrou o primeiro edital em 30 de abril alcan\u00e7ando a marca de R$ 14,6 bilh\u00f5es l\u00edquidos em d\u00edvidas de ICMS negociadas. Em tr\u00eas meses de programa, o montante previsto para arrecada\u00e7\u00e3o superou a meta inicial de R$ 700 milh\u00f5es para todo o ano de 2024, alcan\u00e7ando a marca de R$ 2,3 bilh\u00f5es.<\/p>\n<p>\u201cO Acordo Paulista \u00e9 um instrumento importante dentro de um projeto mais amplo, que pensa na PGE do futuro. Na busca pela moderniza\u00e7\u00e3o da advocacia p\u00fablica \u00e9 imprescind\u00edvel olharmos al\u00e9m dos avan\u00e7os tecnol\u00f3gicos, refor\u00e7ando a necessidade de revis\u00f5es culturais e operacionais para a constru\u00e7\u00e3o de um ambiente de conformidade. Temos um time de excel\u00eancia, que se empenhou muito para o sucesso do programa, e os primeiros resultados j\u00e1 mostram que estamos no caminho certo\u201d, destaca a procuradora geral do Estado de S\u00e3o Paulo, In\u00eas Coimbra.<\/p>\n<p><strong>Mais de 10 mil ades\u00f5es<\/strong><\/p>\n<p>O primeiro edital resultou em mais de 10 mil ades\u00f5es e um total arrecadado \u2013 entre os meses de fevereiro e abril \u2013 de R$ 644 milh\u00f5es. A previs\u00e3o de arrecada\u00e7\u00e3o em 2024 \u00e9 de R$ 2,3 bilh\u00f5es apenas com esse edital. Em 2025 e 2026, a proje\u00e7\u00e3o \u00e9 de R$ 1,7 bi por ano. Esses valores devem ter significativo aumento quando a PGE concluir a an\u00e1lise dos pedidos de compensa\u00e7\u00e3o dos d\u00e9bitos inscritos em d\u00edvida ativa com os cr\u00e9ditos em precat\u00f3rios.<\/p>\n<p>Para os pr\u00f3ximos meses, a PGE\/SP j\u00e1 trabalha em dois novos editais de negocia\u00e7\u00e3o, um deles ser\u00e1 para d\u00e9bitos de pequeno valor, que tem como alvo principal d\u00e9bitos de IPVA de pessoas f\u00edsicas que utilizam carros e motos como instrumentos de trabalho. O outro, vai abranger empresas em processo de recupera\u00e7\u00e3o judicial.<\/p>\n<p>Nos \u00faltimos meses, a Procuradoria promoveu encontros com empres\u00e1rios e advogados tributaristas para apresentar o programa na capital e nos principais polos econ\u00f4micos do interior do estado, tirar d\u00favidas e ouvir sugest\u00f5es, com o objetivo de aumentar a ades\u00e3o e tamb\u00e9m de evitar a judicializa\u00e7\u00e3o.<\/p>\n<p>Na \u00faltima semana, o programa Acordo Paulista foi oficialmente apresentado a 27 Estados e Distrito Federal durante o XI Encontro Nacional das Procuradorias Fiscais, um dos mais importantes eventos jur\u00eddicos do pa\u00eds.<\/p>\n<p>\u201cO Acordo Paulista inaugurou uma nova forma de gest\u00e3o e cobran\u00e7a dos d\u00e9bitos inscritos em d\u00edvida ativa. Temos um novo ambiente jur\u00eddico que favorece a conformidade fiscal dos contribuintes, fomenta o desenvolvimento econ\u00f4mico e ao mesmo tempo viabiliza a implanta\u00e7\u00e3o e a manuten\u00e7\u00e3o de pol\u00edticas p\u00fablicas\u201d, observa o subprocurador geral do Contencioso Tribut\u00e1rio-Fiscal da PGE\/SP, Danilo Barth Pires.<\/p>\n<p>Siga o canal \u201cGoverno de S\u00e3o Paulo\u201d no WhatsApp:<br \/><a href=\"https:\/\/bit.ly\/govspnozap\" target=\"_blank\" rel=\"noopener noreferrer\">https:\/\/bit.ly\/govspnozap<\/a><\/p>\n<\/p><\/div>\n<p><br \/>\n<br \/><a href=\"https:\/\/www.saopaulo.sp.gov.br\/spnoticias\/ultimas-noticias\/acordo-paulista-encerra-primeiro-edital-com-mais-de-r-14-bilhoes-em-debitos-negociados\/\" rel=\"noopener\">Informa\u00e7\u00f5es GOV.SP<\/a><\/p>\n","protected":false},"excerpt":{"rendered":"<p>&#13; &#13; &#13; &#13; &#13; Em tr\u00eas meses, programa de transa\u00e7\u00e3o tribut\u00e1ria do governo de S\u00e3o Paulo triplicou a meta anual&#13; &#13; &#13; &#13; &#13; O Acordo Paulista, programa lan\u00e7ado pela Procuradoria Geral do Estado de S\u00e3o Paulo (PGE\/SP) para a negocia\u00e7\u00e3o de d\u00e9bitos inscritos em d\u00edvida ativa, encerrou o primeiro edital em 30 de [&hellip;]<\/p>\n","protected":false},"author":1,"featured_media":3446,"comment_status":"open","ping_status":"open","sticky":false,"template":"","format":"standard","meta":{"_jetpack_newsletter_access":"","_jetpack_dont_email_post_to_subs":false,"_jetpack_newsletter_tier_id":0,"_jetpack_memberships_contains_paywalled_content":false,"_mbp_banners":[],"_jetpack_feature_clip_id":0,"_jetpack_memberships_contains_paid_content":false,"footnotes":"","jetpack_publicize_message":"","jetpack_publicize_feature_enabled":true,"jetpack_social_post_already_shared":true,"jetpack_social_options":{"image_generator_settings":{"template":"highway","default_image_id":0,"font":"","enabled":false},"version":2},"jetpack_post_was_ever_published":false},"categories":[21],"tags":[],"class_list":["post-3445","post","type-post","status-publish","format-standard","has-post-thumbnail","category-sp-news"],"jetpack_publicize_connections":[],"jetpack-related-posts":[],"jetpack_shortlink":"https:\/\/wp.me\/p7Eq1F-Tz","jetpack_sharing_enabled":true,"jetpack_featured_media_url":"https:\/\/i0.wp.com\/guialimeira.com.br\/news\/wp-content\/uploads\/2024\/05\/Acordo-Paulista-encerra-primeiro-edital-com-mais-de-R-14.jpeg?fit=809%2C483&ssl=1","_links":{"self":[{"href":"https:\/\/guialimeira.com.br\/news\/wp-json\/wp\/v2\/posts\/3445","targetHints":{"allow":["GET"]}}],"collection":[{"href":"https:\/\/guialimeira.com.br\/news\/wp-json\/wp\/v2\/posts"}],"about":[{"href":"https:\/\/guialimeira.com.br\/news\/wp-json\/wp\/v2\/types\/post"}],"author":[{"embeddable":true,"href":"https:\/\/guialimeira.com.br\/news\/wp-json\/wp\/v2\/users\/1"}],"replies":[{"embeddable":true,"href":"https:\/\/guialimeira.com.br\/news\/wp-json\/wp\/v2\/comments?post=3445"}],"version-history":[{"count":0,"href":"https:\/\/guialimeira.com.br\/news\/wp-json\/wp\/v2\/posts\/3445\/revisions"}],"wp:featuredmedia":[{"embeddable":true,"href":"https:\/\/guialimeira.com.br\/news\/wp-json\/wp\/v2\/media\/3446"}],"wp:attachment":[{"href":"https:\/\/guialimeira.com.br\/news\/wp-json\/wp\/v2\/media?parent=3445"}],"wp:term":[{"taxonomy":"category","embeddable":true,"href":"https:\/\/guialimeira.com.br\/news\/wp-json\/wp\/v2\/categories?post=3445"},{"taxonomy":"post_tag","embeddable":true,"href":"https:\/\/guialimeira.com.br\/news\/wp-json\/wp\/v2\/tags?post=3445"}],"curies":[{"name":"wp","href":"https:\/\/api.w.org\/{rel}","templated":true}]}}