{"id":3443,"date":"2024-05-02T13:01:45","date_gmt":"2024-05-02T16:01:45","guid":{"rendered":"https:\/\/guialimeira.com.br\/2024\/05\/02\/mais-de-203-milhoes-de-contribuintes-ja-enviaram-declaracao-do-ir\/"},"modified":"2024-05-02T13:01:45","modified_gmt":"2024-05-02T16:01:45","slug":"mais-de-203-milhoes-de-contribuintes-ja-enviaram-declaracao-do-ir","status":"publish","type":"post","link":"https:\/\/guialimeira.com.br\/news\/mais-de-203-milhoes-de-contribuintes-ja-enviaram-declaracao-do-ir\/","title":{"rendered":"Mais de 20,3 milh\u00f5es de contribuintes j\u00e1 enviaram declara\u00e7\u00e3o do IR"},"content":{"rendered":"<p> <br \/>\n<\/p>\n<div>\n<p>Mais de 20,3 milh\u00f5es de declara\u00e7\u00f5es do Imposto de Renda 2024 j\u00e1 foram entregues online \u00e0 Receita Federal, at\u00e9 as 9h desta quinta-feira (2), a 29 dias do prazo final para envio da declara\u00e7\u00e3o, que se encerra \u00e0s 23h59 de 31 de maio.<img data-recalc-dims=\"1\" decoding=\"async\" src=\"https:\/\/i0.wp.com\/agenciabrasil.ebc.com.br\/ebc.png?w=696&#038;ssl=1\" style=\"width:1px; height:1px; display:inline;\"\/><img data-recalc-dims=\"1\" decoding=\"async\" src=\"https:\/\/i0.wp.com\/agenciabrasil.ebc.com.br\/ebc.gif?w=696&#038;ssl=1\" style=\"width:1px; height:1px; display:inline;\"\/><\/p>\n<p>As entregas correspondem a 47,27% das 43 milh\u00f5es de declara\u00e7\u00f5es de contribuintes que a Receita Federal estima receber este ano.<\/p>\n<h2>Quem tem que declarar?<\/h2>\n<p>Em 2024, est\u00e1 obrigado a entregar a declara\u00e7\u00e3o quem, no ano anterior, recebeu rendimentos tribut\u00e1veis (sal\u00e1rios, aposentadoria, alugu\u00e9is), entre 1\u00ba janeiro e 31 de dezembro, acima de R$ 30.639,90; ou recebeu rendimentos isentos, n\u00e3o tribut\u00e1veis ou tributados exclusivamente na fonte acima de R$ 200 mil, como Fundo de Garantia do Tempo de Servi\u00e7o (FGTS), indeniza\u00e7\u00e3o trabalhista e pens\u00e3o aliment\u00edcia.<\/p>\n<p>No caso de a pessoa f\u00edsica ser um Microempreendedor Individual (MEI), se tiver recebido no ano anterior rendimentos acima dos limites citados, estar\u00e1 igualmente obrigado a apresentar a declara\u00e7\u00e3o do imposto de renda.<\/p>\n<p>A pessoa f\u00edsica que constar como dependente na declara\u00e7\u00e3o de outra pessoa n\u00e3o deve fazer uma declara\u00e7\u00e3o pr\u00f3pria, a n\u00e3o ser que tenha deixado esta condi\u00e7\u00e3o ao longo de 2023 e se enquadre em uma das <a href=\"https:\/\/www.gov.br\/receitafederal\/pt-br\/acesso-a-informacao\/perguntas-frequentes\/imposto-de-renda\/dirpf\" target=\"_blank\" rel=\"noopener\">obrigatoriedades informadas pela Receita Federal<\/a>.<\/p>\n<p>A Receita Federal esclarece que pessoas com doen\u00e7as graves e acima de 70 anos de idade n\u00e3o est\u00e3o desobrigadas de entregar a declara\u00e7\u00e3o.<\/p>\n<h2>Como declarar?<\/h2>\n<p>Os contribuintes podem entregar a declara\u00e7\u00e3o de imposto de renda pela plataforma online (direto na internet), pelo aplicativo Meu Imposto de Renda dispon\u00edvel para smartphones e tablets, e, ainda, pela instala\u00e7\u00e3o do programa no pr\u00f3prio computador.<\/p>\n<p>Os cidad\u00e3os tamb\u00e9m contam com a declara\u00e7\u00e3o pr\u00e9-preenchida, com as informa\u00e7\u00f5es recebidas pela Receita Federal via empresas, bancos, m\u00e9dicos e outros. O objetivo da Receita \u00e9 facilitar o preenchimento e evitar erros. No entanto, todas as informa\u00e7\u00f5es devem ser checadas e validadas pelo contribuinte antes do envio da declara\u00e7\u00e3o \u00e0 Receita Federal.<\/p>\n<p>A partir de 2022, passou a ser obrigat\u00f3ria a conta no conta de n\u00edvel prata ou ouro no <a href=\"https:\/\/sso.acesso.gov.br\/login?client_id=mir.receita.fazenda.gov.br&amp;authorization_id=18f39c69d41\" target=\"_blank\" rel=\"noopener\">portal do governo federal<\/a> para preencher e entregar a declara\u00e7\u00e3o pelo celular ou tablet.<\/p>\n<p>Na entrega da declara\u00e7\u00e3o original, o n\u00famero do recibo de entrega anterior \u00e9 opcional. Ele \u00e9\u00a0 usado somente para fazer uma vincula\u00e7\u00e3o com a declara\u00e7\u00e3o anterior. Por\u00e9m, se a declara\u00e7\u00e3o for retificadora (para corrigir a anterior do mesmo ano), o n\u00famero do recibo de entrega da declara\u00e7\u00e3o original \u00e9 obrigat\u00f3rio.<\/p>\n<p>A Receita Federal multa quem est\u00e1 obrigado a declarar e perde o prazo de 31 de maio. O valor da multa \u00e9 de 1% ao m\u00eas de atraso, sobre o valor do imposto de renda devido, limitado a 20% do valor do imposto de renda. O valor m\u00ednimo da multa \u00e9 de R$ 165,74.<\/p>\n<div class=\"dnd-widget-wrapper context-cheio_8colunas type-image\">\n<div class=\"dnd-atom-rendered\"><!-- scald=375118:cheio_8colunas --><\/p>\n<div class=\"shadow overflow-hidden rounded-lg d-block w-100\">\n            <img data-recalc-dims=\"1\" decoding=\"async\" src=\"https:\/\/i0.wp.com\/agenciabrasil.ebc.com.br\/sites\/default\/files\/thumbnails\/image\/loading_v2.gif?w=696&#038;ssl=1\" data-echo=\"https:\/\/imagens.ebc.com.br\/8xLSSeYL4jAivsReWj2BZ9jRXRk=\/754x0\/smart\/https:\/\/agenciabrasil.ebc.com.br\/sites\/default\/files\/thumbnails\/image\/2024\/03\/07\/irpf-2024-v1.png?itok=DIYAEdK-\" alt=\"arte imposto de renda 2024\" title=\"Arte\/Ag\u00eancia Brasil\" class=\"flex-fill img-cover\"\/><br \/>\n        <img data-recalc-dims=\"1\" decoding=\"async\" src=\"https:\/\/i0.wp.com\/imagens.ebc.com.br\/8xLSSeYL4jAivsReWj2BZ9jRXRk%3D\/754x0\/smart\/https%3A\/\/agenciabrasil.ebc.com.br\/sites\/default\/files\/thumbnails\/image\/2024\/03\/07\/irpf-2024-v1.png?w=696&#038;ssl=1\" alt=\"arte imposto de renda 2024\" title=\"Arte\/Ag\u00eancia Brasil\" class=\"flex-fill img-cover\"\/>\n    <\/div>\n<p><!-- END scald=375118 --><\/div>\n<p><h6 class=\"meta\"><!--copyright=375118--><strong>Arte\/Ag\u00eancia Brasil<\/strong><!--END copyright=375118--><br type=\"_moz\"\/><br \/>\n<\/h6>\n<\/p>\n<\/div><\/div>\n<p><br \/>\n<br \/><a href=\"https:\/\/agenciabrasil.ebc.com.br\/economia\/noticia\/2024-05\/mais-de-203-milhoes-de-contribuintes-ja-enviaram-declaracao-do-ir\" rel=\"noopener\">Ag\u00eancia Brasil<\/a><\/p>\n","protected":false},"excerpt":{"rendered":"<p>Mais de 20,3 milh\u00f5es de declara\u00e7\u00f5es do Imposto de Renda 2024 j\u00e1 foram entregues online \u00e0 Receita Federal, at\u00e9 as 9h desta quinta-feira (2), a 29 dias do prazo final para envio da declara\u00e7\u00e3o, que se encerra \u00e0s 23h59 de 31 de maio. As entregas correspondem a 47,27% das 43 milh\u00f5es de declara\u00e7\u00f5es de contribuintes [&hellip;]<\/p>\n","protected":false},"author":1,"featured_media":2483,"comment_status":"open","ping_status":"open","sticky":false,"template":"","format":"standard","meta":{"_jetpack_newsletter_access":"","_jetpack_dont_email_post_to_subs":false,"_jetpack_newsletter_tier_id":0,"_jetpack_memberships_contains_paywalled_content":false,"_mbp_banners":[],"_jetpack_feature_clip_id":0,"_jetpack_memberships_contains_paid_content":false,"footnotes":"","jetpack_publicize_message":"","jetpack_publicize_feature_enabled":true,"jetpack_social_post_already_shared":true,"jetpack_social_options":{"image_generator_settings":{"template":"highway","default_image_id":0,"font":"","enabled":false},"version":2},"jetpack_post_was_ever_published":false},"categories":[24],"tags":[],"class_list":["post-3443","post","type-post","status-publish","format-standard","has-post-thumbnail","category-economia"],"jetpack_publicize_connections":[],"jetpack-related-posts":[],"jetpack_shortlink":"https:\/\/wp.me\/p7Eq1F-Tx","jetpack_sharing_enabled":true,"jetpack_featured_media_url":"https:\/\/i0.wp.com\/guialimeira.com.br\/news\/wp-content\/uploads\/2024\/04\/irpf_2024_-_5_0.jpg?fit=1600%2C800&ssl=1","_links":{"self":[{"href":"https:\/\/guialimeira.com.br\/news\/wp-json\/wp\/v2\/posts\/3443","targetHints":{"allow":["GET"]}}],"collection":[{"href":"https:\/\/guialimeira.com.br\/news\/wp-json\/wp\/v2\/posts"}],"about":[{"href":"https:\/\/guialimeira.com.br\/news\/wp-json\/wp\/v2\/types\/post"}],"author":[{"embeddable":true,"href":"https:\/\/guialimeira.com.br\/news\/wp-json\/wp\/v2\/users\/1"}],"replies":[{"embeddable":true,"href":"https:\/\/guialimeira.com.br\/news\/wp-json\/wp\/v2\/comments?post=3443"}],"version-history":[{"count":0,"href":"https:\/\/guialimeira.com.br\/news\/wp-json\/wp\/v2\/posts\/3443\/revisions"}],"wp:featuredmedia":[{"embeddable":true,"href":"https:\/\/guialimeira.com.br\/news\/wp-json\/wp\/v2\/media\/2483"}],"wp:attachment":[{"href":"https:\/\/guialimeira.com.br\/news\/wp-json\/wp\/v2\/media?parent=3443"}],"wp:term":[{"taxonomy":"category","embeddable":true,"href":"https:\/\/guialimeira.com.br\/news\/wp-json\/wp\/v2\/categories?post=3443"},{"taxonomy":"post_tag","embeddable":true,"href":"https:\/\/guialimeira.com.br\/news\/wp-json\/wp\/v2\/tags?post=3443"}],"curies":[{"name":"wp","href":"https:\/\/api.w.org\/{rel}","templated":true}]}}