{"id":3439,"date":"2024-05-02T12:40:46","date_gmt":"2024-05-02T15:40:46","guid":{"rendered":"https:\/\/guialimeira.com.br\/2024\/05\/02\/saude-amplia-vacinacao-contra-a-gripe-para-toda-a-populacao-portal-do-municipio-de-piracicaba\/"},"modified":"2024-05-02T12:40:46","modified_gmt":"2024-05-02T15:40:46","slug":"saude-amplia-vacinacao-contra-a-gripe-para-toda-a-populacao-portal-do-municipio-de-piracicaba","status":"publish","type":"post","link":"https:\/\/guialimeira.com.br\/news\/saude-amplia-vacinacao-contra-a-gripe-para-toda-a-populacao-portal-do-municipio-de-piracicaba\/","title":{"rendered":"Sa\u00fade amplia vacina\u00e7\u00e3o contra a gripe para toda a popula\u00e7\u00e3o \u2013 Portal do Munic\u00edpio de Piracicaba"},"content":{"rendered":"<p> <br \/>\n<\/p>\n<div>\n<figure class=\"text-center\">\n<img data-recalc-dims=\"1\" width=\"696\" height=\"464\" src=\"https:\/\/i0.wp.com\/piracicaba.sp.gov.br\/wp-content\/uploads\/2024\/05\/Vacinacao-contra-a-gripe-foi-ampliada-nesta-quinta-feira-02-05-para-toda-populacao-com-mais-de-seis-meses-de-idade-1024x683.jpg?resize=696%2C464&#038;ssl=1\" class=\"img-fluid img-thumbnail border-1 wp-post-image\" alt=\"Vacina\u00e7\u00e3o contra a gripe foi ampliada nesta quinta-feira, 02-05, para toda popula\u00e7\u00e3o com mais de seis meses de idade\" itemprop=\"image\" decoding=\"async\" fetchpriority=\"high\" srcset=\"https:\/\/piracicaba.sp.gov.br\/wp-content\/uploads\/2024\/05\/Vacinacao-contra-a-gripe-foi-ampliada-nesta-quinta-feira-02-05-para-toda-populacao-com-mais-de-seis-meses-de-idade-1024x683.jpg 1024w, https:\/\/piracicaba.sp.gov.br\/wp-content\/uploads\/2024\/05\/Vacinacao-contra-a-gripe-foi-ampliada-nesta-quinta-feira-02-05-para-toda-populacao-com-mais-de-seis-meses-de-idade-300x200.jpg 300w, https:\/\/piracicaba.sp.gov.br\/wp-content\/uploads\/2024\/05\/Vacinacao-contra-a-gripe-foi-ampliada-nesta-quinta-feira-02-05-para-toda-populacao-com-mais-de-seis-meses-de-idade-768x512.jpg 768w, https:\/\/piracicaba.sp.gov.br\/wp-content\/uploads\/2024\/05\/Vacinacao-contra-a-gripe-foi-ampliada-nesta-quinta-feira-02-05-para-toda-populacao-com-mais-de-seis-meses-de-idade-1536x1024.jpg 1536w, https:\/\/piracicaba.sp.gov.br\/wp-content\/uploads\/2024\/05\/Vacinacao-contra-a-gripe-foi-ampliada-nesta-quinta-feira-02-05-para-toda-populacao-com-mais-de-seis-meses-de-idade-2048x1365.jpg 2048w\" sizes=\"(max-width: 1024px) 100vw, 1024px\"\/><figcaption class=\"text-center small fw-bold fst-italic mt-1\">Vacina\u00e7\u00e3o contra a gripe foi ampliada nesta quinta-feira, 02-05, para toda popula\u00e7\u00e3o com mais de seis meses de idade<\/figcaption><\/figure>\n<p>Seguindo orienta\u00e7\u00f5es do Minist\u00e9rio da Sa\u00fade, a Secretaria Municipal de Sa\u00fade (SMS) ampliou a vacina\u00e7\u00e3o contra a gripe para todas as pessoas com seis meses ou mais de idade, a partir desta quinta-feira, 02\/05. A campanha nacional segue at\u00e9 o pr\u00f3ximo dia 31\/05\/24 em todas as unidades de sa\u00fade do munic\u00edpio.<\/p>\n<p>Cibele Melo dos Reis, coordenadora do Departamento de Imuniza\u00e7\u00f5es da SMS, destacou que o minist\u00e9rio recomenda que seja mantida a prioridade para os grupos mais vulner\u00e1veis a complica\u00e7\u00f5es da gripe como gestantes, pu\u00e9rperas, idosos, crian\u00e7as menores de seis anos e pessoas com comorbidades ou condi\u00e7\u00f5es cl\u00ednicas especiais. \u201cA vacina \u00e9 muito importante para proteger a popula\u00e7\u00e3o e evitar o aumento da incid\u00eancia da doen\u00e7a na cidade. Por isso, quem n\u00e3o tomou a sua dose, pode procurar uma unidade de sa\u00fade para se vacinar\u201d.<\/p>\n<figure class=\"wp-block-image size-large\"><img data-recalc-dims=\"1\" loading=\"lazy\" decoding=\"async\" width=\"696\" height=\"464\" src=\"https:\/\/i0.wp.com\/piracicaba.sp.gov.br\/wp-content\/uploads\/2024\/05\/Ampliacao-da-vacinacao-contra-a-gripe-influenza-no-municipio-segue-orientacoes-do-Ministerio-da-Saude-enviadas-na-tarde-desta-quarta-feira-01-05-1024x683.jpg?resize=696%2C464&#038;ssl=1\" alt=\"Amplia\u00e7\u00e3o da vacina\u00e7\u00e3o contra a gripe-influenza no munic\u00edpio segue orienta\u00e7\u00f5es do Minist\u00e9rio da Sa\u00fade enviadas na tarde desta quarta-feira\" class=\"wp-image-78271\" srcset=\"https:\/\/piracicaba.sp.gov.br\/wp-content\/uploads\/2024\/05\/Ampliacao-da-vacinacao-contra-a-gripe-influenza-no-municipio-segue-orientacoes-do-Ministerio-da-Saude-enviadas-na-tarde-desta-quarta-feira-01-05-1024x683.jpg 1024w, https:\/\/piracicaba.sp.gov.br\/wp-content\/uploads\/2024\/05\/Ampliacao-da-vacinacao-contra-a-gripe-influenza-no-municipio-segue-orientacoes-do-Ministerio-da-Saude-enviadas-na-tarde-desta-quarta-feira-01-05-300x200.jpg 300w, https:\/\/piracicaba.sp.gov.br\/wp-content\/uploads\/2024\/05\/Ampliacao-da-vacinacao-contra-a-gripe-influenza-no-municipio-segue-orientacoes-do-Ministerio-da-Saude-enviadas-na-tarde-desta-quarta-feira-01-05-768x512.jpg 768w, https:\/\/piracicaba.sp.gov.br\/wp-content\/uploads\/2024\/05\/Ampliacao-da-vacinacao-contra-a-gripe-influenza-no-municipio-segue-orientacoes-do-Ministerio-da-Saude-enviadas-na-tarde-desta-quarta-feira-01-05-1536x1024.jpg 1536w, https:\/\/piracicaba.sp.gov.br\/wp-content\/uploads\/2024\/05\/Ampliacao-da-vacinacao-contra-a-gripe-influenza-no-municipio-segue-orientacoes-do-Ministerio-da-Saude-enviadas-na-tarde-desta-quarta-feira-01-05-2048x1365.jpg 2048w\" sizes=\"auto, (max-width: 1024px) 100vw, 1024px\"\/><figcaption class=\"wp-element-caption\"><strong><em>Amplia\u00e7\u00e3o da vacina\u00e7\u00e3o contra a gripe\/influenza no munic\u00edpio segue orienta\u00e7\u00f5es do Minist\u00e9rio da Sa\u00fade enviadas na tarde desta quarta-feira, 01\/05<\/em><\/strong><\/figcaption><\/figure>\n<p>A medida de ampliar a vacina\u00e7\u00e3o, segundo o Minist\u00e9rio da Sa\u00fade, acontece diante da baixa ades\u00e3o do p\u00fablico-alvo que, at\u00e9 o dia 21\/04, apenas 22% recebeu a dose do imunizante em todo o pa\u00eds. De acordo com o SMS a cobertura na cidade tamb\u00e9m \u00e9 baixa onde desde o in\u00edcio da campanha (23\/03), at\u00e9 segunda-feira (29\/04), dos grupos priorit\u00e1rios, j\u00e1 foram imunizados: 21.536 idosos (cobertura vacinal de 28,93%); 3.691 crian\u00e7as de 6 meses a menores de 6 anos (15,27%); 501 gestantes (14,01%); 38 puerp\u00e9ras (6,47%); e 3.023 trabalhadores da Sa\u00fade (21,14%). \u201cO n\u00famero de pessoas que aderiram a vacina\u00e7\u00e3o ainda \u00e9 considerado baixo, portanto, refor\u00e7amos que a popula\u00e7\u00e3o procure sua unidade de sa\u00fade para receber o imunizante. A vacina\u00e7\u00e3o \u00e9 eficaz e evita a evolu\u00e7\u00e3o da doen\u00e7a para quadros mais graves\u201d, completou Cibele.<\/p>\n<p>A SMS refor\u00e7a que durante a semana a vacina\u00e7\u00e3o acontece em todas as unidades de sa\u00fade da cidade: UBSs (Unidade B\u00e1sica de Sa\u00fade), das 8h \u00e0s 15h (exceto UBS Paulista \u2013 antigo CRAB), e USFs (Unidades de Sa\u00fade da Fam\u00edlia), das 8h \u00e0s 16h.<\/p>\n<p>Para receber o imunizante, que \u00e9 trivalente \u2013 conta com tr\u00eas tipos de cepas combinadas (H1N1, H3N2 e um v\u00edrus B), protegendo contra os principais v\u00edrus em circula\u00e7\u00e3o no Brasil, \u00e9 necess\u00e1rio apresentar documento de identifica\u00e7\u00e3o com foto, Cart\u00e3o Pira Cidad\u00e3o ou Cart\u00e3o Nacional do SUS ou CPF. Crian\u00e7as tamb\u00e9m devem levar a caderneta de vacina\u00e7\u00e3o.<\/p>\n<\/div>\n<p><br \/>\n<br \/><a href=\"https:\/\/piracicaba.sp.gov.br\/noticias\/saude-amplia-vacinacao-contra-a-gripe-para-toda-a-populacao\/\" rel=\"noopener\">Informa\u00e7\u00f5es PMP <\/a><\/p>\n","protected":false},"excerpt":{"rendered":"<p>Vacina\u00e7\u00e3o contra a gripe foi ampliada nesta quinta-feira, 02-05, para toda popula\u00e7\u00e3o com mais de seis meses de idade Seguindo orienta\u00e7\u00f5es do Minist\u00e9rio da Sa\u00fade, a Secretaria Municipal de Sa\u00fade (SMS) ampliou a vacina\u00e7\u00e3o contra a gripe para todas as pessoas com seis meses ou mais de idade, a partir desta quinta-feira, 02\/05. A campanha [&hellip;]<\/p>\n","protected":false},"author":1,"featured_media":3440,"comment_status":"open","ping_status":"open","sticky":false,"template":"","format":"standard","meta":{"_jetpack_newsletter_access":"","_jetpack_dont_email_post_to_subs":false,"_jetpack_newsletter_tier_id":0,"_jetpack_memberships_contains_paywalled_content":false,"_mbp_banners":[],"_jetpack_feature_clip_id":0,"_jetpack_memberships_contains_paid_content":false,"footnotes":"","jetpack_publicize_message":"","jetpack_publicize_feature_enabled":true,"jetpack_social_post_already_shared":true,"jetpack_social_options":{"image_generator_settings":{"template":"highway","default_image_id":0,"font":"","enabled":false},"version":2},"jetpack_post_was_ever_published":false},"categories":[20],"tags":[],"class_list":["post-3439","post","type-post","status-publish","format-standard","has-post-thumbnail","category-regiao"],"jetpack_publicize_connections":[],"jetpack-related-posts":[],"jetpack_shortlink":"https:\/\/wp.me\/p7Eq1F-Tt","jetpack_sharing_enabled":true,"jetpack_featured_media_url":"https:\/\/i0.wp.com\/guialimeira.com.br\/news\/wp-content\/uploads\/2024\/05\/Vacinacao-contra-a-gripe-foi-ampliada-nesta-quinta-feira-02-05-para-toda-populacao-com-mais-de-seis-meses-de-idade-scaled.jpg?fit=2560%2C1706&ssl=1","_links":{"self":[{"href":"https:\/\/guialimeira.com.br\/news\/wp-json\/wp\/v2\/posts\/3439","targetHints":{"allow":["GET"]}}],"collection":[{"href":"https:\/\/guialimeira.com.br\/news\/wp-json\/wp\/v2\/posts"}],"about":[{"href":"https:\/\/guialimeira.com.br\/news\/wp-json\/wp\/v2\/types\/post"}],"author":[{"embeddable":true,"href":"https:\/\/guialimeira.com.br\/news\/wp-json\/wp\/v2\/users\/1"}],"replies":[{"embeddable":true,"href":"https:\/\/guialimeira.com.br\/news\/wp-json\/wp\/v2\/comments?post=3439"}],"version-history":[{"count":0,"href":"https:\/\/guialimeira.com.br\/news\/wp-json\/wp\/v2\/posts\/3439\/revisions"}],"wp:featuredmedia":[{"embeddable":true,"href":"https:\/\/guialimeira.com.br\/news\/wp-json\/wp\/v2\/media\/3440"}],"wp:attachment":[{"href":"https:\/\/guialimeira.com.br\/news\/wp-json\/wp\/v2\/media?parent=3439"}],"wp:term":[{"taxonomy":"category","embeddable":true,"href":"https:\/\/guialimeira.com.br\/news\/wp-json\/wp\/v2\/categories?post=3439"},{"taxonomy":"post_tag","embeddable":true,"href":"https:\/\/guialimeira.com.br\/news\/wp-json\/wp\/v2\/tags?post=3439"}],"curies":[{"name":"wp","href":"https:\/\/api.w.org\/{rel}","templated":true}]}}