{"id":3434,"date":"2024-05-02T11:05:01","date_gmt":"2024-05-02T14:05:01","guid":{"rendered":"https:\/\/guialimeira.com.br\/2024\/05\/02\/termina-hoje-prazo-para-indicacao-de-cursos-superiores-pelo-provao-paulista\/"},"modified":"2024-05-02T11:05:01","modified_gmt":"2024-05-02T14:05:01","slug":"termina-hoje-prazo-para-indicacao-de-cursos-superiores-pelo-provao-paulista","status":"publish","type":"post","link":"https:\/\/guialimeira.com.br\/news\/termina-hoje-prazo-para-indicacao-de-cursos-superiores-pelo-provao-paulista\/","title":{"rendered":"Termina hoje prazo para indica\u00e7\u00e3o de cursos superiores pelo Prov\u00e3o Paulista"},"content":{"rendered":"<p> <br \/>\n<\/p>\n<div id=\"\">&#13;<br \/>\n                                <!-- Title -->&#13;<br \/>\n                                &#13;<br \/>\n&#13;<br \/>\n                                <!-- Excerpt -->&#13;<\/p>\n<p class=\"excerpt\">Ao todo, s\u00e3o 5.109 vagas para as Fatecs e 2.610 para a Univesp<\/p>\n<p>&#13;<br \/>\n&#13;<br \/>\n                                &#13;\n                            <\/p><\/div>\n<div id=\"\">&#13;<\/p>\n<figure id=\"attachment_5869760\" style=\"width: 100%;max-width: 752px\" class=\"wp-caption alignnone\"><img data-recalc-dims=\"1\" decoding=\"async\" loading=\"lazy\" class=\" wp-image-5869760\" src=\"https:\/\/i0.wp.com\/www.saopaulo.sp.gov.br\/wp-content\/uploads\/2024\/04\/aluna-etec-sapopembaa1-300x200.jpg?resize=696%2C464&#038;ssl=1\" alt=\"\" width=\"696\" height=\"464\" srcset=\"https:\/\/www.saopaulo.sp.gov.br\/wp-content\/uploads\/2024\/04\/aluna-etec-sapopembaa1-300x200.jpg 300w, https:\/\/www.saopaulo.sp.gov.br\/wp-content\/uploads\/2024\/04\/aluna-etec-sapopembaa1-1024x683.jpg 1024w, https:\/\/www.saopaulo.sp.gov.br\/wp-content\/uploads\/2024\/04\/aluna-etec-sapopembaa1-768x512.jpg 768w, https:\/\/www.saopaulo.sp.gov.br\/wp-content\/uploads\/2024\/04\/aluna-etec-sapopembaa1.jpg 1200w\" sizes=\"auto, (max-width: 752px) 100vw, 752px\"\/><figcaption class=\"wp-caption-text\">Com alto \u00edndice de empregabilidade, Fatecs contam com cursos em diferentes \u00e1reas do conhecimento<\/figcaption><\/figure>\n<p>Termina nesta quinta-feira (2) o prazo para estudantes classificados pelo Prov\u00e3o Paulista indicarem os cursos superiores de prefer\u00eancia para concorrer a uma vaga com ingresso no segundo semestre de 2024. Ao todo, s\u00e3o 7.719 vagas, distribu\u00eddas entre as Faculdades de Tecnologia do Estado (<a href=\"https:\/\/www.cps.sp.gov.br\/fatec\/\" target=\"_blank\" rel=\"noopener noreferrer\">Fatecs<\/a>) e a Universidade Virtual do Estado de S\u00e3o Paulo (<a href=\"https:\/\/univesp.br\/\" target=\"_blank\" rel=\"noopener noreferrer\">Univesp<\/a>). Os participantes do exame que conclu\u00edram o Ensino M\u00e9dio da rede p\u00fablica em 2023 devem fazer a escolha pelo site <a href=\"https:\/\/provaopaulistaseriado.vunesp.com.br\/\" target=\"_blank\" rel=\"noopener noreferrer\">provaopaulistaseriado.vunesp.com.br<\/a>.<\/p>\n<p>As Fatecs disponibilizam nesta etapa do Prov\u00e3o Paulista 5.109 vagas, em 92 forma\u00e7\u00f5es diferentes, de variadas \u00e1reas do conhecimento, em todas as regi\u00f5es do estado. Os cursos s\u00e3o estrategicamente direcionados para atender \u00e0 voca\u00e7\u00e3o econ\u00f4mica de cada localidade, em setores como gest\u00e3o de neg\u00f3cios, tecnologia da informa\u00e7\u00e3o, infraestrutura, meio ambiente, ind\u00fastria 4.0 e assim por diante.<\/p>\n<p>Entre os exemplos est\u00e3o Alimentos, nas Fatecs Mar\u00edlia e Piracicaba; Big Data no Agroneg\u00f3cio, nas Fatecs Pompeia e Bebedouro; Gest\u00e3o Portu\u00e1ria, na Fatec Baixada Santista; Projetos de Estruturas Aeron\u00e1uticas, na Fatec S\u00e3o Jos\u00e9 dos Campos; e muitos outros. As novidades deste semestre para o Prov\u00e3o s\u00e3o dois novos cursos na Fatec S\u00e3o Paulo: Paisagismo e Jardinagem, al\u00e9m de Produ\u00e7\u00e3o Cultural. A Fatec Votorantim tamb\u00e9m abriu vagas para a nova forma\u00e7\u00e3o em Ci\u00eancia de Dados para Neg\u00f3cios. Veja cronograma e rela\u00e7\u00e3o de cursos (<a href=\"https:\/\/stcdndev.blob.core.windows.net\/lib\/SEED2303\/Edital%20de%20Participa%C3%A7%C3%A3o%20-%2012%C2%AA%20Retifica%C3%A7%C3%A3o.pdf\" target=\"_blank\" rel=\"noopener noreferrer\">https:\/\/stcdndev.blob.core.windows.net\/lib\/SEED2303\/Edital%20de%20Participa%C3%A7%C3%A3o%20-%2012%C2%AA%20Retifica%C3%A7%C3%A3o.pdf<\/a>)<\/p>\n<p>A alta empregabilidade \u00e9 uma das vantagens da gradua\u00e7\u00e3o tecnol\u00f3gica. Mais de 91% dos estudantes das Fatecs est\u00e3o empregados em at\u00e9 um ano ap\u00f3s a conclus\u00e3o do curso. \u201cO tecn\u00f3logo desenvolve compet\u00eancias e habilidades para melhorar os processos de gest\u00e3o e inova\u00e7\u00e3o tecnol\u00f3gica, com o uso ou cria\u00e7\u00e3o de novas tecnologias na solu\u00e7\u00e3o de problemas complexos\u201d, afirma o coordenador de Ensino Superior de Gradua\u00e7\u00e3o do CPS, Rafael Ferreira Alves. Segundo ele, existe uma procura grande por profissionais formados pelas Fatecs porque as empresas sabem que v\u00e3o contar com pessoas de perfil criativo e empreendedor\u201d, ressalta.<\/p>\n<p>As Fatecs organizar\u00e3o quatro chamadas de matr\u00edculas para os candidatos aprovados. A primeira chamada ocorrer\u00e1 entre os dias 6 e 8 de maio. A segunda, nos dias 13 e 15 de maio. A terceira, entre 20 e 22 de maio, e a quarta, entre 27 e 29 de maio.<\/p>\n<p><strong>Univesp<\/strong><\/p>\n<p>Estudantes classificados para a Univesp que j\u00e1 registraram a op\u00e7\u00e3o de curso no ano passado podem modificar a prefer\u00eancia. Por exemplo, se o aluno deseja cursar Letras, \u00e9 preciso optar pelo eixo de Licenciaturas e, na fase de matr\u00edculas, informar \u00e0 universidade a op\u00e7\u00e3o pela gradua\u00e7\u00e3o em Letras. \u00c9 poss\u00edvel, ainda, que o estudante escolha o mesmo eixo, em tr\u00eas campi diferentes. S\u00e3o oferecidas 2.610 vagas em nove cursos: Letras, Matem\u00e1tica e Pedagogia (Eixo de Licenciatura), Ci\u00eancia de Dados, Engenharia de Computa\u00e7\u00e3o e Tecnologia da Informa\u00e7\u00e3o (Eixo de Computa\u00e7\u00e3o), e Administra\u00e7\u00e3o, Engenharia de Produ\u00e7\u00e3o e Tecnologia em Processos Gerenciais (Eixo de Neg\u00f3cios e Produ\u00e7\u00e3o).<\/p>\n<p><strong>Prov\u00e3o Paulista<\/strong><\/p>\n<p>Implantado pelo Governo de S\u00e3o Paulo em 2023, o Prov\u00e3o Paulista Seriado funciona como porta de entrada de alunos do Ensino M\u00e9dio da rede p\u00fablica no Ensino Superior de institui\u00e7\u00f5es paulistas parceiras da Secretaria da Educa\u00e7\u00e3o do Estado de S\u00e3o Paulo (<a href=\"https:\/\/www.educacao.sp.gov.br\/institucional\/a-secretaria\/\" target=\"_blank\" rel=\"noopener noreferrer\">Seduc-SP<\/a>): Fatecs, Univesp, Universidade de S\u00e3o Paulo (<a href=\"https:\/\/www5.usp.br\/\" target=\"_blank\" rel=\"noopener noreferrer\">USP<\/a>), Universidade Estadual Paulista \u201cJ\u00falio de Mesquita Filho\u201d (<a href=\"https:\/\/www2.unesp.br\/\" target=\"_blank\" rel=\"noopener noreferrer\">Unesp<\/a>) e Universidade Estadual de Campinas (<a href=\"https:\/\/www.unicamp.br\/#gsc.tab=0\" target=\"_blank\" rel=\"noopener noreferrer\">Unicamp<\/a>). Nesta primeira edi\u00e7\u00e3o, mais de 15 mil vagas foram abertas, com ingresso dividido entre o primeiro e o segundo semestre de 2024.<\/p>\n<p><strong>Vestibular das Fatecs<\/strong><\/p>\n<p>Apesar de facilitar o ingresso em um curso superior gratuito, o Prov\u00e3o Paulista n\u00e3o exclui a possibilidade de os estudantes interessados tamb\u00e9m participarem do Vestibular das Fatecs, aumentando as chances de conseguir uma vaga no Ensino Superior. As inscri\u00e7\u00f5es para o Vestibular do segundo semestre de 2024 est\u00e3o abertas e podem ser feitas at\u00e9 as 15h do dia 7 de junho pelo site <a href=\"https:\/\/www.vestibularfatec.com.br\/home\/\" target=\"_blank\" rel=\"noopener noreferrer\">www.vestibularfatec.com.br<\/a>.<\/p>\n<p>\u200cSiga o canal \u201cGoverno de S\u00e3o Paulo\u201d no WhatsApp:<br \/><a href=\"https:\/\/bit.ly\/govspnozap\" target=\"_blank\" rel=\"noopener noreferrer\">https:\/\/bit.ly\/govspnozap<\/a><\/p>\n<\/p><\/div>\n<p><br \/>\n<br \/><a href=\"https:\/\/www.saopaulo.sp.gov.br\/spnoticias\/ultimas-noticias\/termina-hoje-prazo-para-indicacao-de-cursos-superiores-pelo-provao-paulista\/\" rel=\"noopener\">Informa\u00e7\u00f5es GOV.SP<\/a><\/p>\n","protected":false},"excerpt":{"rendered":"<p>&#13; &#13; &#13; &#13; &#13; Ao todo, s\u00e3o 5.109 vagas para as Fatecs e 2.610 para a Univesp &#13; &#13; &#13; &#13; Com alto \u00edndice de empregabilidade, Fatecs contam com cursos em diferentes \u00e1reas do conhecimento Termina nesta quinta-feira (2) o prazo para estudantes classificados pelo Prov\u00e3o Paulista indicarem os cursos superiores de prefer\u00eancia para [&hellip;]<\/p>\n","protected":false},"author":1,"featured_media":3435,"comment_status":"open","ping_status":"open","sticky":false,"template":"","format":"standard","meta":{"_jetpack_newsletter_access":"","_jetpack_dont_email_post_to_subs":false,"_jetpack_newsletter_tier_id":0,"_jetpack_memberships_contains_paywalled_content":false,"_mbp_banners":[],"_jetpack_feature_clip_id":0,"_jetpack_memberships_contains_paid_content":false,"footnotes":"","jetpack_publicize_message":"","jetpack_publicize_feature_enabled":true,"jetpack_social_post_already_shared":true,"jetpack_social_options":{"image_generator_settings":{"template":"highway","default_image_id":0,"font":"","enabled":false},"version":2},"jetpack_post_was_ever_published":false},"categories":[21],"tags":[],"class_list":["post-3434","post","type-post","status-publish","format-standard","has-post-thumbnail","category-sp-news"],"jetpack_publicize_connections":[],"jetpack-related-posts":[],"jetpack_shortlink":"https:\/\/wp.me\/p7Eq1F-To","jetpack_sharing_enabled":true,"jetpack_featured_media_url":"https:\/\/i0.wp.com\/guialimeira.com.br\/news\/wp-content\/uploads\/2024\/05\/Termina-hoje-prazo-para-indicacao-de-cursos-superiores-pelo-Provao.jpg?fit=300%2C200&ssl=1","_links":{"self":[{"href":"https:\/\/guialimeira.com.br\/news\/wp-json\/wp\/v2\/posts\/3434","targetHints":{"allow":["GET"]}}],"collection":[{"href":"https:\/\/guialimeira.com.br\/news\/wp-json\/wp\/v2\/posts"}],"about":[{"href":"https:\/\/guialimeira.com.br\/news\/wp-json\/wp\/v2\/types\/post"}],"author":[{"embeddable":true,"href":"https:\/\/guialimeira.com.br\/news\/wp-json\/wp\/v2\/users\/1"}],"replies":[{"embeddable":true,"href":"https:\/\/guialimeira.com.br\/news\/wp-json\/wp\/v2\/comments?post=3434"}],"version-history":[{"count":0,"href":"https:\/\/guialimeira.com.br\/news\/wp-json\/wp\/v2\/posts\/3434\/revisions"}],"wp:featuredmedia":[{"embeddable":true,"href":"https:\/\/guialimeira.com.br\/news\/wp-json\/wp\/v2\/media\/3435"}],"wp:attachment":[{"href":"https:\/\/guialimeira.com.br\/news\/wp-json\/wp\/v2\/media?parent=3434"}],"wp:term":[{"taxonomy":"category","embeddable":true,"href":"https:\/\/guialimeira.com.br\/news\/wp-json\/wp\/v2\/categories?post=3434"},{"taxonomy":"post_tag","embeddable":true,"href":"https:\/\/guialimeira.com.br\/news\/wp-json\/wp\/v2\/tags?post=3434"}],"curies":[{"name":"wp","href":"https:\/\/api.w.org\/{rel}","templated":true}]}}