{"id":3422,"date":"2024-05-02T04:12:02","date_gmt":"2024-05-02T07:12:02","guid":{"rendered":"https:\/\/guialimeira.com.br\/2024\/05\/02\/agenda-do-mes-apresenta-como-destaque-festa-do-trabalhador-e-homenagens-as-maes\/"},"modified":"2024-05-02T04:12:02","modified_gmt":"2024-05-02T07:12:02","slug":"agenda-do-mes-apresenta-como-destaque-festa-do-trabalhador-e-homenagens-as-maes","status":"publish","type":"post","link":"https:\/\/guialimeira.com.br\/news\/agenda-do-mes-apresenta-como-destaque-festa-do-trabalhador-e-homenagens-as-maes\/","title":{"rendered":"Agenda do m\u00eas apresenta como destaque Festa do Trabalhador e homenagens \u00e0s m\u00e3es"},"content":{"rendered":"<p> <br \/>\n<\/p>\n<div id=\"\">&#13;<br \/>\n                &#13;<br \/>\n&#13;<br \/>\n&#13;<br \/>\n&#13;<br \/>\n    <img data-recalc-dims=\"1\" decoding=\"async\" src=\"https:\/\/i0.wp.com\/ecrie.com.br\/sistema\/conteudos\/imagem\/m_137_0_1_21032024141121.jpeg?w=696&#038;ssl=1\" alt=\"Agenda do m\u00eas apresenta como destaque Festa do Trabalhador e homenagens \u00e0s m\u00e3es\"\/>&#13;<br \/>\n&#13;<\/p>\n<p style=\"text-align: justify;\"><span style=\"font-weight: 400;\">A agenda cultural do m\u00eas de maio apresenta entre os destaques, no feriado do dia 1\u00ba de maio, a Festa do Trabalhador, no Horto Florestal, \u00e0s 10h. O evento traz atra\u00e7\u00f5es musicais, pra\u00e7a de alimenta\u00e7\u00e3o e divers\u00e3o para as crian\u00e7as com pula-pula, escorregador, pipocas e algod\u00e3o doce. A realiza\u00e7\u00e3o \u00e9 da Prefeitura de Limeira, por meio da Secretaria da Cultura.<\/span><\/p>\n<p>&#13;<\/p>\n<p style=\"text-align: justify;\"><span style=\"font-weight: 400;\">A agenda cultural tamb\u00e9m destaca homenagens ao Dia das M\u00e3es, com o evento \u201cHomenagem Para Elas\u201d, realizada na Escola Municipal de Cultura e Artes &#8220;Maestro M\u00e1rio Tintori&#8221; (Emcea), no dia 10, \u00e0s 19h; e o \u201cConcerto das\u00a0 M\u00e3es\u201d da Orquestra Sinf\u00f4nica, tamb\u00e9m no dia 10, na Igreja Nossa Senhora Aparecida, \u00e0s 20h30.<\/span><\/p>\n<p>&#13;<\/p>\n<p style=\"text-align: justify;\"><span style=\"font-weight: 400;\">A programa\u00e7\u00e3o ainda ter\u00e1 outros eventos:<\/span><\/p>\n<p>&#13;<\/p>\n<p>\u00a0<\/p>\n<p>&#13;<\/p>\n<p style=\"text-align: justify;\"><strong>Evento: Quermesse em Louvor ao Padroeiro S\u00e3o Jos\u00e9<\/strong><\/p>\n<p>&#13;<\/p>\n<p style=\"text-align: justify;\"><span style=\"font-weight: 400;\">At\u00e9 11 de maio, \u00e0s 19h &#8211; Par\u00f3quia S\u00e3o Jos\u00e9, Vila Camargo<\/span><\/p>\n<p>&#13;<\/p>\n<p style=\"text-align: justify;\"><span style=\"font-weight: 400;\">Festa Popular da Vila Camargo.<\/span><\/p>\n<p>&#13;<\/p>\n<p style=\"text-align: justify;\"><span style=\"font-weight: 400;\">Entrada: Gratuita.<\/span><\/p>\n<p>&#13;<\/p>\n<p style=\"text-align: justify;\"><span style=\"font-weight: 400;\">Classifica\u00e7\u00e3o: Livre.<\/span><\/p>\n<p>&#13;<\/p>\n<p style=\"text-align: justify;\"><span style=\"font-weight: 400;\">Realiza\u00e7\u00e3o: Par\u00f3quia S\u00e3o Jos\u00e9, com apoio da Prefeitura, por meio da Secretaria de Cultura.<\/span><\/p>\n<p>&#13;<\/p>\n<p style=\"text-align: justify;\"><strong>\u00a0<\/strong><\/p>\n<p>&#13;<\/p>\n<p style=\"text-align: justify;\"><strong>Evento: Festa do Trabalhador\u00a0<\/strong><\/p>\n<p>&#13;<\/p>\n<p style=\"text-align: justify;\"><span style=\"font-weight: 400;\">Quarta-feira (1\u00ba), \u00e0s 10h &#8211; Horto Florestal<\/span><\/p>\n<p>&#13;<\/p>\n<p style=\"text-align: justify;\"><span style=\"font-weight: 400;\">O evento traz as atra\u00e7\u00f5es musicais: Breno e Rafael, Power Trio e Lucas Ribeiro e Juliane. A estrutura conta com Pra\u00e7a de Alimenta\u00e7\u00e3o, al\u00e9m de pula pula, escorrega, pipocas e algod\u00e3o doce para as crian\u00e7as.<\/span><\/p>\n<p>&#13;<\/p>\n<p style=\"text-align: justify;\"><span style=\"font-weight: 400;\">Entrada: Gratuita.<\/span><\/p>\n<p>&#13;<\/p>\n<p style=\"text-align: justify;\"><span style=\"font-weight: 400;\">Classifica\u00e7\u00e3o: Livre.<\/span><\/p>\n<p>&#13;<\/p>\n<p style=\"text-align: justify;\"><span style=\"font-weight: 400;\">Realiza\u00e7\u00e3o: Prefeitura, por meio da Secretaria de Cultura.<\/span><\/p>\n<p>&#13;<\/p>\n<p style=\"text-align: justify;\"><span style=\"font-weight: 400;\">\u00a0<\/span><\/p>\n<p>&#13;<\/p>\n<p style=\"text-align: justify;\"><strong>Evento: 6\u00ba Torneio de Futebol Feminino<\/strong><\/p>\n<p>&#13;<\/p>\n<p style=\"text-align: justify;\"><span style=\"font-weight: 400;\">Quarta-feira (1\u00ba), das 8h \u00e0s 17h &#8211; \u00c1rea de Lazer Jo\u00e3o Antero do Carmo, Rua Arlina de Abreu Ribeiro, Parque Hip\u00f3lito<\/span><\/p>\n<p>&#13;<\/p>\n<p style=\"text-align: justify;\"><span style=\"font-weight: 400;\">Torneio de futebol feminino.<\/span><\/p>\n<p>&#13;<\/p>\n<p style=\"text-align: justify;\"><span style=\"font-weight: 400;\">Entrada: Gratuita.<\/span><\/p>\n<p>&#13;<\/p>\n<p style=\"text-align: justify;\"><span style=\"font-weight: 400;\">Realiza\u00e7\u00e3o: Par\u00f3quia Santa Isabel e Amphe (Associa\u00e7\u00e3o de Moradores do Parque Hip\u00f3lito Expans\u00e3o) com apoio da Prefeitura, por meio da Secretaria de Cultura.<\/span><\/p>\n<p>&#13;<\/p>\n<p style=\"text-align: justify;\"><span style=\"font-weight: 400;\">\u00a0<\/span><\/p>\n<p>&#13;<\/p>\n<p style=\"text-align: justify;\"><strong>M\u00fasica: Broadway Nights, o Musical<\/strong><\/p>\n<p>&#13;<\/p>\n<p style=\"text-align: justify;\"><span style=\"font-weight: 400;\">Sexta-feira (3), \u00e0s 20h &#8211; Teatro Vit\u00f3ria Emiliano Bernardo da Silva<\/span><\/p>\n<p>&#13;<\/p>\n<p style=\"text-align: justify;\"><span style=\"font-weight: 400;\">O espet\u00e1culo traz aos palcos os maiores sucessos dos grandes musicais e do cinema. Quem nunca dan\u00e7ou ao som de \u201cGrease\u201d, se emocionou com \u201cO Fantasma da \u00d3pera\u201d ou sorriu ouvindo &#8220;New York, New York&#8221;? Essas s\u00e3o apenas algumas das can\u00e7\u00f5es apresentadas. O cen\u00e1rio, coreografias, trocas de figurinos e proje\u00e7\u00f5es ambientando os n\u00fameros musicais, faz com que todos tenham a sensa\u00e7\u00e3o de estarem em uma noite na Broadway.<\/span><\/p>\n<p>&#13;<\/p>\n<p style=\"text-align: justify;\"><span style=\"font-weight: 400;\">Entrada: Plateia &#8211; R$ 150 (inteira), R$ 75 (meia-entrada) e R$ 100 (ingresso solid\u00e1rio \u2013 1kg de alimento n\u00e3o perec\u00edvel).\u00a0<\/span><\/p>\n<p>&#13;<\/p>\n<p style=\"text-align: justify;\"><span style=\"font-weight: 400;\">Mezanino &#8211; R$ 120 (inteira), R$ 60 (meia-entrada) e R$ 80 (ingresso solid\u00e1rio \u2013 1kg de alimento n\u00e3o perec\u00edvel).<\/span><\/p>\n<p>&#13;<\/p>\n<p style=\"text-align: justify;\"><a href=\"https:\/\/www.ticketfacil.com.br\/eventos\/tv-broadway-nights.aspx\" rel=\"noopener\"><span style=\"font-weight: 400;\">https:\/\/www.ticketfacil.com.br\/eventos\/tv-broadway-nights.aspx<\/span><\/a><\/p>\n<p>&#13;<\/p>\n<p style=\"text-align: justify;\"><span style=\"font-weight: 400;\">Classifica\u00e7\u00e3o: Livre.<\/span><\/p>\n<p>&#13;<\/p>\n<p style=\"text-align: justify;\"><span style=\"font-weight: 400;\">Realiza\u00e7\u00e3o: GT Teatro, com o apoio da Prefeitura, por meio da Secretaria de Cultura.<\/span><\/p>\n<p>&#13;<\/p>\n<p style=\"text-align: justify;\"><span style=\"font-weight: 400;\">Dura\u00e7\u00e3o: 80 min.<\/span><\/p>\n<p>&#13;<\/p>\n<p style=\"text-align: justify;\"><span style=\"font-weight: 400;\">\u00a0<\/span><\/p>\n<p>&#13;<\/p>\n<p style=\"text-align: justify;\"><strong>M\u00fasica: Uma Sauda\u00e7\u00e3o a Whitney Houston<\/strong><\/p>\n<p>&#13;<\/p>\n<p style=\"text-align: justify;\"><span style=\"font-weight: 400;\">S\u00e1bado (4), \u00e0s 20h &#8211; Teatro Vit\u00f3ria Emiliano Bernardo da Silva<\/span><\/p>\n<p>&#13;<\/p>\n<p style=\"text-align: justify;\"><span style=\"font-weight: 400;\">O espet\u00e1culo traz a talentosa atriz e cantora Claudia Nascimento como destaque, encantando o p\u00fablico com suas interpreta\u00e7\u00f5es envolventes das can\u00e7\u00f5es de Whitney Houston.<\/span><\/p>\n<p>&#13;<\/p>\n<p style=\"text-align: justify;\"><span style=\"font-weight: 400;\">Entrada: Plateia &#8211; R$ 30 (inteira) e R$ 15 (meia-entrada). Mezanino &#8211; R$ 20 (inteira) e R$ 10 (meia-entrada).<\/span><\/p>\n<p>&#13;<\/p>\n<p style=\"text-align: justify;\"><a href=\"https:\/\/www.ticketfacil.com.br\/eventos\/tv-claudia-nascimento-canta-whitney-houston.aspx\" rel=\"noopener\"><span style=\"font-weight: 400;\">https:\/\/www.ticketfacil.com.br\/eventos\/tv-claudia-nascimento-canta-whitney-houston.aspx<\/span><\/a><\/p>\n<p>&#13;<\/p>\n<p style=\"text-align: justify;\"><span style=\"font-weight: 400;\">Classifica\u00e7\u00e3o: Livre.<\/span><\/p>\n<p>&#13;<\/p>\n<p style=\"text-align: justify;\"><span style=\"font-weight: 400;\">Realiza\u00e7\u00e3o: Bonin Produ\u00e7\u00f5es, com o apoio da Prefeitura, por meio da Secretaria de Cultura.<\/span><\/p>\n<p>&#13;<\/p>\n<p style=\"text-align: justify;\"><span style=\"font-weight: 400;\">Dura\u00e7\u00e3o: 110 min.<\/span><\/p>\n<p>&#13;<\/p>\n<p style=\"text-align: justify;\"><span style=\"font-weight: 400;\">\u00a0<\/span><\/p>\n<p>&#13;<\/p>\n<p style=\"text-align: justify;\"><strong>Exposi\u00e7\u00e3o: Margens<\/strong><\/p>\n<p>&#13;<\/p>\n<p style=\"text-align: justify;\"><span style=\"font-weight: 400;\">De 6 de maio a 3 de junho, das 12h \u00e0s 17h &#8211; Museu Major Jos\u00e9 Levy Sobrinho<\/span><\/p>\n<p>&#13;<\/p>\n<p style=\"text-align: justify;\"><span style=\"font-weight: 400;\">Doze artistas apresentam suas obras, criadas a partir de seu repert\u00f3rio de interven\u00e7\u00f5es urbanas, refletindo sobre identidade, origens e a ocupa\u00e7\u00e3o da cidade. A partir dessa diversidade de estilos, t\u00e9cnicas e linguagens, a exibi\u00e7\u00e3o promove o di\u00e1logo sobre a contribui\u00e7\u00e3o desses artistas para uma cidade mais democr\u00e1tica e aberta \u00e0 criatividade de seus cidad\u00e3os A exposi\u00e7\u00e3o \u00e9 um projeto do artista e arte-educador Paulo Ricardo da Silva (Medo), com curadoria de Allan Louren\u00e7o. Participam da exposi\u00e7\u00e3o os artistas: CBL, Eiki, Giovana Angelo, Harry, Iguais, Isabella Bernini, Kpia, Luz, Marcinho Lira, Medo, Sarah Fernandes e Wesler Machado Alma.<\/span><\/p>\n<p>&#13;<\/p>\n<p style=\"text-align: justify;\"><span style=\"font-weight: 400;\">Entrada: Gratuita.<\/span><\/p>\n<p>&#13;<\/p>\n<p style=\"text-align: justify;\"><span style=\"font-weight: 400;\">Classifica\u00e7\u00e3o: Livre.<\/span><\/p>\n<p>&#13;<\/p>\n<p style=\"text-align: justify;\"><span style=\"font-weight: 400;\">Realiza\u00e7\u00e3o: Lei Paulo Gustavo pelo Minist\u00e9rio da Cultura, com apoio da Prefeitura, por meio da Secretaria de Cultura.<\/span><\/p>\n<p>&#13;<\/p>\n<p style=\"text-align: justify;\"><span style=\"font-weight: 400;\">\u00a0<\/span><\/p>\n<p>&#13;<\/p>\n<p style=\"text-align: justify;\"><strong>Evento: Festividade em Louvor a Nossa Sra. do Ros\u00e1rio de F\u00e1tima<\/strong><\/p>\n<p>&#13;<\/p>\n<p style=\"text-align: justify;\"><span style=\"font-weight: 400;\">Dias 4, 5, 11, 12 e 13, \u00e0s 19h &#8211; Comunidade Nossa Sra. do Ros\u00e1rio de F\u00e1tima, Jardim Planalto<\/span><\/p>\n<p>&#13;<\/p>\n<p style=\"text-align: justify;\"><span style=\"font-weight: 400;\">Festa Popular da Comunidade Nossa Sra. do Ros\u00e1rio de F\u00e1tima.<\/span><\/p>\n<p>&#13;<\/p>\n<p style=\"text-align: justify;\"><span style=\"font-weight: 400;\">Entrada: Gratuita.<\/span><\/p>\n<p>&#13;<\/p>\n<p style=\"text-align: justify;\"><span style=\"font-weight: 400;\">Classifica\u00e7\u00e3o: Livre.<\/span><\/p>\n<p>&#13;<\/p>\n<p style=\"text-align: justify;\"><span style=\"font-weight: 400;\">Realiza\u00e7\u00e3o: Comunidade Nossa Sra. do Ros\u00e1rio de F\u00e1tima, com apoio da Prefeitura, por meio da Secretaria de Cultura.<\/span><\/p>\n<p>&#13;<\/p>\n<p style=\"text-align: justify;\"><span style=\"font-weight: 400;\">\u00a0<\/span><\/p>\n<p>&#13;<\/p>\n<p style=\"text-align: justify;\"><strong>Evento: Festa Popular da Par\u00f3quia Santa Rita<\/strong><\/p>\n<p>&#13;<\/p>\n<p style=\"text-align: justify;\"><span style=\"font-weight: 400;\">Dias 4, 5, 11, 12, 18, 19, 22, 25 e 26, \u00e0s 18h &#8211; <\/span><a href=\"https:\/\/www.google.com\/maps\/search\/Av.+Dr.+Fabr%C3%ADcio+Vampr%C3%A9,+405,+Jardim+Piratininga?entry=gmail&amp;source=g\" rel=\"noopener\"><span style=\"font-weight: 400;\">Av. Dr. Fabr\u00edcio Vampr\u00e9, 405, Jardim Piratininga<\/span><\/a><\/p>\n<p>&#13;<\/p>\n<p style=\"text-align: justify;\"><span style=\"font-weight: 400;\">Festa popular da Par\u00f3quia Santa Rita.<\/span><\/p>\n<p>&#13;<\/p>\n<p style=\"text-align: justify;\"><span style=\"font-weight: 400;\">Entrada: Gratuita.<\/span><\/p>\n<p>&#13;<\/p>\n<p style=\"text-align: justify;\"><span style=\"font-weight: 400;\">Classifica\u00e7\u00e3o: Livre.<\/span><\/p>\n<p>&#13;<\/p>\n<p style=\"text-align: justify;\"><span style=\"font-weight: 400;\">Realiza\u00e7\u00e3o: Par\u00f3quia Santa Rita, com apoio da Prefeitura, por meio da Secretaria de Cultura.<\/span><\/p>\n<p>&#13;<\/p>\n<p style=\"text-align: justify;\"><span style=\"font-weight: 400;\">\u00a0<\/span><\/p>\n<p>&#13;<\/p>\n<p style=\"text-align: justify;\"><strong>Evento: Festa Popular da Par\u00f3quia Sagrada Fam\u00edlia<\/strong><\/p>\n<p>&#13;<\/p>\n<p style=\"text-align: justify;\"><span style=\"font-weight: 400;\">Dias 4, 5, 11, 12, 18, 19, 25 e 26, \u00e0s <\/span><a href=\"https:\/\/www.google.com\/maps\/search\/19h+-+Rua+Joaquim+In%C3%A1cio+de+Campos,+Jardim+Montezuma?entry=gmail&amp;source=g\" rel=\"noopener\"><span style=\"font-weight: 400;\">19h &#8211; Rua Joaquim In\u00e1cio de Campos, Jardim Montezuma<\/span><\/a><\/p>\n<p>&#13;<\/p>\n<p style=\"text-align: justify;\"><span style=\"font-weight: 400;\">Festa popular da Par\u00f3quia Sagrada Fam\u00edlia.<\/span><\/p>\n<p>&#13;<\/p>\n<p style=\"text-align: justify;\"><span style=\"font-weight: 400;\">Entrada: Gratuita.<\/span><\/p>\n<p>&#13;<\/p>\n<p style=\"text-align: justify;\"><span style=\"font-weight: 400;\">Realiza\u00e7\u00e3o: Par\u00f3quia Sagrada Fam\u00edlia, com apoio da Prefeitura, por meio da Secretaria de Cultura.<\/span><\/p>\n<p>&#13;<\/p>\n<p style=\"text-align: justify;\"><span style=\"font-weight: 400;\">\u00a0<\/span><\/p>\n<p>&#13;<\/p>\n<p style=\"text-align: justify;\"><strong>Evento: Festa Popular da Par\u00f3quia Nossa Senhora de F\u00e1tima<\/strong><\/p>\n<p>&#13;<\/p>\n<p style=\"text-align: justify;\"><span style=\"font-weight: 400;\">Dias 4, 5, 10, 11 e 13, \u00e0s <\/span><a href=\"https:\/\/www.google.com\/maps\/search\/19h+-+Rua+Prof.+Facunda+Lange+Adrien?entry=gmail&amp;source=g\" rel=\"noopener\"><span style=\"font-weight: 400;\">19h &#8211; Rua Prof. Facunda Lange Adrien<\/span><\/a><span style=\"font-weight: 400;\">, 453, Jardim Senador Vergueiro<\/span><\/p>\n<p>&#13;<\/p>\n<p style=\"text-align: justify;\"><span style=\"font-weight: 400;\">Festa Popular da Par\u00f3quia Nossa Senhora de F\u00e1tima.<\/span><\/p>\n<p>&#13;<\/p>\n<p style=\"text-align: justify;\"><span style=\"font-weight: 400;\">Entrada: Gratuita.<\/span><\/p>\n<p>&#13;<\/p>\n<p style=\"text-align: justify;\"><span style=\"font-weight: 400;\">Classifica\u00e7\u00e3o: Livre.<\/span><\/p>\n<p>&#13;<\/p>\n<p style=\"text-align: justify;\"><span style=\"font-weight: 400;\">Realiza\u00e7\u00e3o: Par\u00f3quia Nossa Senhora de F\u00e1tima, com apoio da Prefeitura, por meio da Secretaria de Cultura.<\/span><\/p>\n<p>&#13;<\/p>\n<p style=\"text-align: justify;\">\u00a0<\/p>\n<p>&#13;<\/p>\n<p style=\"text-align: justify;\"><strong>Evento: 1\u00aa Mobiliza\u00e7\u00e3o Pela Sa\u00fade Materna em Limeira<\/strong><\/p>\n<p>&#13;<\/p>\n<p style=\"text-align: justify;\"><span style=\"font-weight: 400;\">Domingo (5), das 9h \u00e0s 12h &#8211; Parque Cidade<\/span><\/p>\n<p>&#13;<\/p>\n<p style=\"text-align: justify;\"><span style=\"font-weight: 400;\">O evento traz uma programa\u00e7\u00e3o com yoga, exerc\u00edcios p\u00e9lvicos, zumba e psicologia. Tamb\u00e9m oferece servi\u00e7os de massagem, maquiagem, penteado, aferi\u00e7\u00e3o de press\u00e3o e glicemia, al\u00e9m de ter brinquedos para as crian\u00e7as e sorteios de brindes.<\/span><\/p>\n<p>&#13;<\/p>\n<p style=\"text-align: justify;\"><span style=\"font-weight: 400;\">Entrada: Mediante doa\u00e7\u00e3o de 1 pacote de fralda.<\/span><\/p>\n<p>&#13;<\/p>\n<p style=\"text-align: justify;\"><span style=\"font-weight: 400;\">Classifica\u00e7\u00e3o: Livre.<\/span><\/p>\n<p>&#13;<\/p>\n<p style=\"text-align: justify;\"><span style=\"font-weight: 400;\">Realiza\u00e7\u00e3o: Jully Manduca, com apoio do Fundo Social de Solidariedade de Limeira e Prefeitura de Limeira, por meio da Secretaria de Cultura.<\/span><\/p>\n<p>&#13;<\/p>\n<p style=\"text-align: justify;\"><span style=\"font-weight: 400;\">\u00a0<\/span><\/p>\n<p>&#13;<\/p>\n<p style=\"text-align: justify;\"><strong>M\u00fasica: Retreta Dominical com Henrique Marques<\/strong><\/p>\n<p>&#13;<\/p>\n<p style=\"text-align: justify;\"><span style=\"font-weight: 400;\">Domingo (5), \u00e0s 10h30 &#8211; Pra\u00e7a Toledo Barros<\/span><\/p>\n<p>&#13;<\/p>\n<p style=\"text-align: justify;\"><span style=\"font-weight: 400;\">A Banda Henrique Marques se apresenta no coreto da pra\u00e7a Toledo Barros, na tradicional retreta dominical. No programa, obras da m\u00fasica instrumental e popular brasileira, como parte do fomento cultural local.<\/span><\/p>\n<p>&#13;<\/p>\n<p style=\"text-align: justify;\"><span style=\"font-weight: 400;\">Entrada: Gratuita.<\/span><\/p>\n<p>&#13;<\/p>\n<p style=\"text-align: justify;\"><span style=\"font-weight: 400;\">Classifica\u00e7\u00e3o: Livre\u00a0<\/span><\/p>\n<p>&#13;<\/p>\n<p style=\"text-align: justify;\"><span style=\"font-weight: 400;\">Realiza\u00e7\u00e3o: Prefeitura, por meio da Secretaria de Cultura.<\/span><\/p>\n<p>&#13;<\/p>\n<p style=\"text-align: justify;\"><span style=\"font-weight: 400;\">\u00a0<\/span><\/p>\n<p>&#13;<\/p>\n<p style=\"text-align: justify;\"><strong>Stand-up: Padre Patrick em Fora da Caixinha<\/strong><\/p>\n<p>&#13;<\/p>\n<p style=\"text-align: justify;\"><span style=\"font-weight: 400;\">Domingo (5), \u00e0s 19h &#8211; Teatro Vit\u00f3ria Emiliano Bernardo da Silva<\/span><\/p>\n<p>&#13;<\/p>\n<p style=\"text-align: justify;\"><span style=\"font-weight: 400;\">Em \u201cFora da Caixinha\u201d, Padre Patrick d\u00e1 conselhos de forma leve e bem-humorada, respondendo perguntas com uma linguagem popular. Ele leva ao p\u00fablico reflex\u00f5es sobre a verdadeira felicidade e conta, de forma leve e descontra\u00edda, assuntos ligados ao relacionamento das pessoas com Deus.\u00a0<\/span><\/p>\n<p>&#13;<\/p>\n<p style=\"text-align: justify;\"><span style=\"font-weight: 400;\">Entrada: Plateia &#8211; R$ 90 (inteira), R$ 45 (meia-entrada e Clube GT) e R$ 70 (ingresso solid\u00e1rio \u2013 1kg de alimento n\u00e3o perec\u00edvel). Mezanino &#8211; R$ 70 (inteira), R$ 35 (meia-entrada e Clube GT) e R$ 50 (ingresso solid\u00e1rio \u2013 1kg de alimento n\u00e3o perec\u00edvel).<\/span><\/p>\n<p>&#13;<\/p>\n<p style=\"text-align: justify;\"><a href=\"https:\/\/www.ticketfacil.com.br\/eventos\/tv-padre-patrick-fora-da-caixinha.aspx\" rel=\"noopener\"><span style=\"font-weight: 400;\">https:\/\/www.ticketfacil.com.br\/eventos\/tv-padre-patrick-fora-da-caixinha.aspx<\/span><\/a><\/p>\n<p>&#13;<\/p>\n<p style=\"text-align: justify;\"><span style=\"font-weight: 400;\">Classifica\u00e7\u00e3o: Livre.<\/span><\/p>\n<p>&#13;<\/p>\n<p style=\"text-align: justify;\"><span style=\"font-weight: 400;\">Realiza\u00e7\u00e3o: Teatro GT, com o apoio da Prefeitura, por meio da Secretaria de Cultura.<\/span><\/p>\n<p>&#13;<\/p>\n<p style=\"text-align: justify;\"><span style=\"font-weight: 400;\">Dura\u00e7\u00e3o: 60 min.\u00a0<\/span><\/p>\n<p>&#13;<\/p>\n<p style=\"text-align: justify;\"><span style=\"font-weight: 400;\">\u00a0<\/span><\/p>\n<p>&#13;<\/p>\n<p style=\"text-align: justify;\"><strong>Evento: Corpo e Voz &#8211; Viv\u00eancia Quilombola<\/strong><\/p>\n<p>&#13;<\/p>\n<p style=\"text-align: justify;\"><span style=\"font-weight: 400;\">Segunda-feira (6), \u00e0s 19h &#8211; Escola M\u00e1rio Covas<\/span><\/p>\n<p>&#13;<\/p>\n<p style=\"text-align: justify;\"><span style=\"font-weight: 400;\">Ter\u00e7a-feira (7), \u00e0s 19h &#8211; Escola M\u00e1rio Covas<\/span><\/p>\n<p>&#13;<\/p>\n<p style=\"text-align: justify;\"><span style=\"font-weight: 400;\">Quarta-feira (8), \u00e0s 19h &#8211; Escola M\u00e1rio Covas<\/span><\/p>\n<p>&#13;<\/p>\n<p style=\"text-align: justify;\"><span style=\"font-weight: 400;\">O \u201cCorpo e Voz &#8211; Viv\u00eancia Quilombola\u201d \u00e9 um evento dividido em tr\u00eas partes consecutivas de livre escolha para a participa\u00e7\u00e3o. Na segunda (6), o evento se prop\u00f5e a oferecer uma experi\u00eancia imersiva nas pr\u00e1ticas culturais do quilombo mineiro Quilombo do A\u00e7ude, localizado na Serra do Cip\u00f3, por meio de atividades te\u00f3ricas e pr\u00e1ticas que incluem a exibi\u00e7\u00e3o do document\u00e1rio \u201cCandombe do A\u00e7ude: um passado contado pelo canto\u201d, roda de conversa com o cineasta Danilo Candombe e oficina de dan\u00e7a (Curimba) e teatro. Na ter\u00e7a (7), acontece a Oficina de Curimba, explorando a m\u00fasica e a dan\u00e7a como formas de express\u00e3o e resist\u00eancia, aberta para toda a popula\u00e7\u00e3o. J\u00e1 na quarta (8), tem Oficina de Teatro com jogos e brincadeiras destinada \u00e0s crian\u00e7as da escola M\u00e1rio Covas, introduzindo-as \u00e0 express\u00e3o art\u00edstica. Convidamos a comunidade de Limeira, incluindo alunos, professores, pais, e todos os interessados em enriquecer seus conhecimentos e viv\u00eancias culturais, a participar deste evento singular.<\/span><\/p>\n<p>&#13;<\/p>\n<p style=\"text-align: justify;\"><span style=\"font-weight: 400;\">Entrada:<\/span> <span style=\"font-weight: 400;\">Gratuita, mediante inscri\u00e7\u00e3o pelo link <\/span><a href=\"https:\/\/forms.gle\/mu1jLzVqHzLAZW8M7\" rel=\"noopener\"><span style=\"font-weight: 400;\">https:\/\/forms.gle\/mu1jLzVqHzLAZW8M7<\/span><\/a><\/p>\n<p>&#13;<\/p>\n<p style=\"text-align: justify;\"><span style=\"font-weight: 400;\">Classifica\u00e7\u00e3o:\u00a0 Livre.<\/span><\/p>\n<p>&#13;<\/p>\n<p style=\"text-align: justify;\"><span style=\"font-weight: 400;\">Realiza\u00e7\u00e3o: Lei Paulo Gustavo pelo Minist\u00e9rio da Cultura, com apoio da Prefeitura, por meio da Secretaria de Cultura, e Escola M\u00e1rio Covas.<\/span><\/p>\n<p>&#13;<\/p>\n<p style=\"text-align: justify;\"><span style=\"font-weight: 400;\">\u00a0<\/span><\/p>\n<p>&#13;<\/p>\n<p style=\"text-align: justify;\"><strong>Literatura: Banca de Trocas de Livros e Gibis<\/strong><\/p>\n<p>&#13;<\/p>\n<p style=\"text-align: justify;\"><span style=\"font-weight: 400;\">Quarta-feira (8), \u00e0s 17h\u00a0 &#8211; Biblioteca Municipal Professor Jo\u00e3o de Sousa Ferraz<\/span><\/p>\n<p>&#13;<\/p>\n<p style=\"text-align: justify;\"><span style=\"font-weight: 400;\">Na segunda quarta-feira do m\u00eas, al\u00e9m do empr\u00e9stimo e devolu\u00e7\u00e3o de livros, a biblioteca realiza a Banca de Troca de Livros e Gibis. Apostilas, materiais did\u00e1ticos, enciclop\u00e9dias, c\u00f3pias reprogr\u00e1ficas ou livros em mau estado de conserva\u00e7\u00e3o n\u00e3o s\u00e3o aceitos.<\/span><\/p>\n<p>&#13;<\/p>\n<p style=\"text-align: justify;\"><span style=\"font-weight: 400;\">Entrada: Gratuita.<\/span><\/p>\n<p>&#13;<\/p>\n<p style=\"text-align: justify;\"><span style=\"font-weight: 400;\">Classifica\u00e7\u00e3o: Livre .<\/span><\/p>\n<p>&#13;<\/p>\n<p style=\"text-align: justify;\"><span style=\"font-weight: 400;\">Realiza\u00e7\u00e3o: Prefeitura, por meio da Secretaria de Cultura<\/span><\/p>\n<p>&#13;<\/p>\n<p style=\"text-align: justify;\"><span style=\"font-weight: 400;\">\u00a0<\/span><\/p>\n<p>&#13;<\/p>\n<p style=\"text-align: justify;\"><strong>Teatro: A Divina Farsa<\/strong><\/p>\n<p>&#13;<\/p>\n<p style=\"text-align: justify;\"><span style=\"font-weight: 400;\">Quinta-feira (9), \u00e0s 14h e 20h &#8211; Teatro Vit\u00f3ria Emiliano Bernardo da Silva<\/span><\/p>\n<p>&#13;<\/p>\n<p style=\"text-align: justify;\"><span style=\"font-weight: 400;\">Dion\u00edsio chega ao Olimpo para reivindicar a aten\u00e7\u00e3o de seu pai, Zeus. Filho bastardo, encontra-se no Pante\u00e3o com deusas e deuses, no momento em que deliberam quem descer\u00e1 \u00e0 Terra para acudir a humanidade, mais uma vez \u00e0 beira da extin\u00e7\u00e3o. Apolo \u00e9 escolhido e encaminhado para um circo mambembe, territ\u00f3rio de Dion\u00edsio, deus do teatro. Dion\u00edsio, atrav\u00e9s de seus disfarces, se enreda na trupe em estratagemas para mostrar que conhece mais a natureza dos humanos do que seu meio-irm\u00e3o, Apolo.\u00a0<\/span><\/p>\n<p>&#13;<\/p>\n<p style=\"text-align: justify;\"><span style=\"font-weight: 400;\">Entrada: Gratuita.<\/span><\/p>\n<p>&#13;<\/p>\n<p style=\"text-align: justify;\"><span style=\"font-weight: 400;\">Classifica\u00e7\u00e3o: A partir de 14 anos.<\/span><\/p>\n<p>&#13;<\/p>\n<p style=\"text-align: justify;\"><span style=\"font-weight: 400;\">Realiza\u00e7\u00e3o: Cia. LaM\u00ednima, com o apoio da Prefeitura, por meio da Secretaria de Cultura.<\/span><\/p>\n<p>&#13;<\/p>\n<p style=\"text-align: justify;\"><span style=\"font-weight: 400;\">Dura\u00e7\u00e3o: 90min.<\/span><\/p>\n<p>&#13;<\/p>\n<p style=\"text-align: justify;\"><span style=\"font-weight: 400;\">\u00a0<\/span><\/p>\n<p>&#13;<\/p>\n<p style=\"text-align: justify;\"><strong>Evento: Homenagem para Elas<\/strong><\/p>\n<p>&#13;<\/p>\n<p style=\"text-align: justify;\"><span style=\"font-weight: 400;\">Sexta-feira (10), \u00e0s 19h &#8211; Escola Municipal de Cultura e Artes &#8220;Maestro M\u00e1rio Tintori&#8221;<\/span><\/p>\n<p>&#13;<\/p>\n<p style=\"text-align: justify;\"><span style=\"font-weight: 400;\">Apresenta\u00e7\u00e3o dos alunos de bal\u00e9, jazz, viol\u00e3o, teclado, teatro e artes pl\u00e1sticas.<\/span><\/p>\n<p>&#13;<\/p>\n<p style=\"text-align: justify;\"><span style=\"font-weight: 400;\">Entrada: Gratuita.<\/span><\/p>\n<p>&#13;<\/p>\n<p style=\"text-align: justify;\"><span style=\"font-weight: 400;\">Classifica\u00e7\u00e3o: Livre.<\/span><\/p>\n<p>&#13;<\/p>\n<p style=\"text-align: justify;\"><span style=\"font-weight: 400;\">Realiza\u00e7\u00e3o: Prefeitura, por meio da Secretaria de Cultura.<\/span><\/p>\n<p>&#13;<\/p>\n<p style=\"text-align: justify;\"><span style=\"font-weight: 400;\">\u00a0<\/span><\/p>\n<p>&#13;<\/p>\n<p style=\"text-align: justify;\"><strong>M\u00fasica: Concerto das M\u00e3es<\/strong><\/p>\n<p>&#13;<\/p>\n<p style=\"text-align: justify;\"><span style=\"font-weight: 400;\">Sexta-feira (10), \u00e0s 20h30 &#8211; Par\u00f3quia Nossa Senhora Aparecida<\/span><\/p>\n<p>&#13;<\/p>\n<p style=\"text-align: justify;\"><span style=\"font-weight: 400;\">O concerto traz no repert\u00f3rio obras como a \u00f3pera Hungarian March from &#8220;La Dannation de Faust\u201d, Leichte Kavallerie, Die Fledermaus, Unter Donner und Blitz, Candide, La Conga del Fuego Nuevo e Malambo from &#8220;Estancia&#8221;, al\u00e9m de obras brasileiras de Mestre Duda e de Severino Ara\u00fajo.<\/span><\/p>\n<p>&#13;<\/p>\n<p style=\"text-align: justify;\"><span style=\"font-weight: 400;\">Entrada: Gratuita.<\/span><\/p>\n<p>&#13;<\/p>\n<p style=\"text-align: justify;\"><span style=\"font-weight: 400;\">Classifica\u00e7\u00e3o: Livre.<\/span><\/p>\n<p>&#13;<\/p>\n<p style=\"text-align: justify;\"><span style=\"font-weight: 400;\">Realiza\u00e7\u00e3o:Sociedade Pr\u00f3-Sinf\u00f4nica de Limeira e Prefeitura, por meio da Secretaria de Cultura.<\/span><\/p>\n<p>&#13;<\/p>\n<p style=\"text-align: justify;\"><span style=\"font-weight: 400;\">\u00a0<\/span><\/p>\n<p>&#13;<\/p>\n<p style=\"text-align: justify;\"><strong>Conhecimento: Encontro Numism\u00e1tico<\/strong><\/p>\n<p>&#13;<\/p>\n<p style=\"text-align: justify;\"><span style=\"font-weight: 400;\">S\u00e1bado (11), \u00e0s 10h &#8211; Anfiteatro Dr. Olindo de Luca da Biblioteca Municipal Encontros mensais no qual fazem estudos a fim de preservar a hist\u00f3ria, arte e cultura atrav\u00e9s dos sistemas monet\u00e1rios que tiveram in\u00edcio cerca de 2700 anos atr\u00e1s.<\/span><\/p>\n<p>&#13;<\/p>\n<p style=\"text-align: justify;\"><span style=\"font-weight: 400;\">Entrada: Gratuita.<\/span><\/p>\n<p>&#13;<\/p>\n<p style=\"text-align: justify;\"><span style=\"font-weight: 400;\">Classifica\u00e7\u00e3o: Livre.<\/span><\/p>\n<p>&#13;<\/p>\n<p style=\"text-align: justify;\"><span style=\"font-weight: 400;\">Realiza\u00e7\u00e3o: Grupo Numism\u00e1tica Limeira com apoio da Prefeitura, por meio da Secretaria de Cultura.<\/span><\/p>\n<p>&#13;<\/p>\n<p style=\"text-align: justify;\"><span style=\"font-weight: 400;\">\u00a0<\/span><\/p>\n<p>&#13;<\/p>\n<p style=\"text-align: justify;\"><strong>Evento: Viola no Coreto<\/strong><\/p>\n<p>&#13;<\/p>\n<p style=\"text-align: justify;\"><span style=\"font-weight: 400;\">S\u00e1bado (11), \u00e0s <\/span><a href=\"https:\/\/www.google.com\/maps\/search\/11h+-+Pra%C3%A7a+Toledo+Barros?entry=gmail&amp;source=g\" rel=\"noopener\"><span style=\"font-weight: 400;\">11h &#8211; Pra\u00e7a Toledo Barros<\/span><\/a><\/p>\n<p>&#13;<\/p>\n<p style=\"text-align: justify;\"><span style=\"font-weight: 400;\">Apresenta\u00e7\u00e3o da orquestra de violeiros Tom de Terra.<\/span><\/p>\n<p>&#13;<\/p>\n<p style=\"text-align: justify;\"><span style=\"font-weight: 400;\">Entrada: Gratuita.<\/span><\/p>\n<p>&#13;<\/p>\n<p style=\"text-align: justify;\"><span style=\"font-weight: 400;\">Classifica\u00e7\u00e3o: Livre.<\/span><\/p>\n<p>&#13;<\/p>\n<p style=\"text-align: justify;\"><span style=\"font-weight: 400;\">Realiza\u00e7\u00e3o: Prefeitura, por meio da Secretaria de Cultura, e banda.<\/span><\/p>\n<p>&#13;<\/p>\n<p style=\"text-align: justify;\"><span style=\"font-weight: 400;\">\u00a0<\/span><\/p>\n<p>&#13;<\/p>\n<p style=\"text-align: justify;\"><strong>Teatro: Polenta com as Amigas<\/strong><\/p>\n<p>&#13;<\/p>\n<p style=\"text-align: justify;\"><span style=\"font-weight: 400;\">S\u00e1bado (11), \u00e0s 11h30 &#8211; Pra\u00e7a Toledo Barros.<\/span><\/p>\n<p>&#13;<\/p>\n<p style=\"text-align: justify;\"><span style=\"font-weight: 400;\">O espet\u00e1culo \u00e9 protagonizado por mulheres palha\u00e7as que contribuem com a diversidade cultural e promove a renova\u00e7\u00e3o da tradi\u00e7\u00e3o circense. Quando quatro palha\u00e7as se re\u00fanem, qual \u00e9 o resultado? A resposta \u00e9 uma s\u00f3: um espet\u00e1culo de rua com direito a gargalhadas, emo\u00e7\u00e3o, frio na barriga e bastante divers\u00e3o. O p\u00fablico \u00e9 animado pelas palha\u00e7as: Polenta (Dani Maimoni), Edufina (Katina Sousa), Ripa (Suelen Zacharias) e Beg\u00f4nia (Fernanda Jannuzzelli). Na cena, o quarteto recria, ao sabor da contemporaneidade e da representatividade feminina, cinco n\u00fameros da tradi\u00e7\u00e3o circense de picadeiro.\u00a0<\/span><\/p>\n<p>&#13;<\/p>\n<p style=\"text-align: justify;\"><span style=\"font-weight: 400;\">Entrada: Gratuita.<\/span><\/p>\n<p>&#13;<\/p>\n<p style=\"text-align: justify;\"><span style=\"font-weight: 400;\">Classifica\u00e7\u00e3o:\u00a0 Livre.<\/span><\/p>\n<p>&#13;<\/p>\n<p style=\"text-align: justify;\"><span style=\"font-weight: 400;\">Realiza\u00e7\u00e3o: ProAC (Programa de A\u00e7\u00e3o Cultural do Governo do Estado de S\u00e3o Paulo e da Secretaria da Cultura e Economia Criativa), Prefeitura, por meio da Secretaria da Cultura e MB Circo.<\/span><\/p>\n<p>&#13;<\/p>\n<p style=\"text-align: justify;\"><span style=\"font-weight: 400;\">Dura\u00e7\u00e3o: 60 min.<\/span><\/p>\n<p>&#13;<\/p>\n<p style=\"text-align: justify;\"><strong>\u00a0<\/strong><\/p>\n<p>&#13;<\/p>\n<p style=\"text-align: justify;\"><strong>Evento: 7\u00ba APAE Motor Rock<\/strong><\/p>\n<p>&#13;<\/p>\n<p style=\"text-align: justify;\"><span style=\"font-weight: 400;\">S\u00e1bado (11), das 14h \u00e0s 22h &#8211; Sede da APAE<\/span><\/p>\n<p>&#13;<\/p>\n<p style=\"text-align: justify;\"><span style=\"font-weight: 400;\">Evento que une motociclistas, rock e solidariedade.<\/span><\/p>\n<p>&#13;<\/p>\n<p style=\"text-align: justify;\"><span style=\"font-weight: 400;\">Entrada: R$ 70 (kit com ingresso, camiseta e caneca) e R$ 50 (kit com ingresso e camiseta), pelo WhatsApp 99304-6328<\/span><\/p>\n<p>&#13;<\/p>\n<p style=\"text-align: justify;\"><span style=\"font-weight: 400;\">Classifica\u00e7\u00e3o: Livre.<\/span><\/p>\n<p>&#13;<\/p>\n<p style=\"text-align: justify;\"><span style=\"font-weight: 400;\">Realiza\u00e7\u00e3o: APAE Limeira, com apoio da Prefeitura, por meio da Secretaria de Cultura.<\/span><\/p>\n<p>&#13;<\/p>\n<p style=\"text-align: justify;\"><span style=\"font-weight: 400;\">\u00a0<\/span><\/p>\n<p>&#13;<\/p>\n<p style=\"text-align: justify;\"><strong>Evento Fechado: Mulheres que Brilham &#8211; Apresenta\u00e7\u00e3o do Col\u00e9gio Einstein\u00a0<\/strong><\/p>\n<p>&#13;<\/p>\n<p style=\"text-align: justify;\"><span style=\"font-weight: 400;\">S\u00e1bado (11), \u00e0s 16h e \u00e0s 19h &#8211; Teatro Vit\u00f3ria Emiliano Bernardo da Silva<\/span><\/p>\n<p>&#13;<\/p>\n<p style=\"text-align: justify;\"><span style=\"font-weight: 400;\">Homenageando as m\u00e3es, o musical segue uma linha do tempo com can\u00e7\u00f5es que marcaram a vida dessas hero\u00ednas, antecedendo sua hist\u00f3ria.<\/span><\/p>\n<p>&#13;<\/p>\n<p style=\"text-align: justify;\"><span style=\"font-weight: 400;\">Entrada: Gratuita.<\/span><\/p>\n<p>&#13;<\/p>\n<p style=\"text-align: justify;\"><span style=\"font-weight: 400;\">Classifica\u00e7\u00e3o: Livre.<\/span><\/p>\n<p>&#13;<\/p>\n<p style=\"text-align: justify;\"><span style=\"font-weight: 400;\">Realiza\u00e7\u00e3o: Organiza\u00e7\u00e3o Einstein de Ensino, com o apoio da Prefeitura, por meio da Secretaria de Cultura.<\/span><\/p>\n<p>&#13;<\/p>\n<p style=\"text-align: justify;\"><span style=\"font-weight: 400;\">Dura\u00e7\u00e3o: 120 min.<\/span><\/p>\n<p>&#13;<\/p>\n<p style=\"text-align: justify;\"><span style=\"font-weight: 400;\">\u00a0<\/span><\/p>\n<p>&#13;<\/p>\n<p style=\"text-align: justify;\"><strong>M\u00fasica: Retreta Dominical com Corpora\u00e7\u00e3o Musical Arthur Giambelli<\/strong><\/p>\n<p>&#13;<\/p>\n<p style=\"text-align: justify;\"><span style=\"font-weight: 400;\">Domingo (12), \u00e0s 10h30 &#8211; Pra\u00e7a Toledo Barros.<\/span><\/p>\n<p>&#13;<\/p>\n<p style=\"text-align: justify;\"><span style=\"font-weight: 400;\">A Embaixatriz Sonora de Limeira faz sua retreta dominical, apresentando m\u00fasicas de cunho popular. Ser\u00e3o executados diversos g\u00eaneros musicais. A reg\u00eancia \u00e9 do maestro Leandro Rodrigo Pereira.<\/span><\/p>\n<p>&#13;<\/p>\n<p style=\"text-align: justify;\"><span style=\"font-weight: 400;\">Entrada: Gratuita.<\/span><\/p>\n<p>&#13;<\/p>\n<p style=\"text-align: justify;\"><span style=\"font-weight: 400;\">Classifica\u00e7\u00e3o: Livre.<\/span><\/p>\n<p>&#13;<\/p>\n<p style=\"text-align: justify;\"><span style=\"font-weight: 400;\">Realiza\u00e7\u00e3o: Prefeitura, por meio da Secretaria de Cultura, e banda.<\/span><\/p>\n<p>&#13;<\/p>\n<p style=\"text-align: justify;\"><span style=\"font-weight: 400;\">Dura\u00e7\u00e3o: 90 min.<\/span><\/p>\n<p>&#13;<\/p>\n<p style=\"text-align: justify;\"><span style=\"font-weight: 400;\">\u00a0<\/span><\/p>\n<p>&#13;<\/p>\n<p style=\"text-align: justify;\"><strong>Oficina: Teatro para a Melhor Idade<\/strong><\/p>\n<p>&#13;<\/p>\n<p style=\"text-align: justify;\"><span style=\"font-weight: 400;\">Domingo (12), \u00e0s 14h &#8211; Palacete Levy<\/span><\/p>\n<p>&#13;<\/p>\n<p style=\"text-align: justify;\"><span style=\"font-weight: 400;\">O Grupo Levitar de Teatro realiza a oficina teatral voltada especialmente para pessoas com idade acima dos 40 anos com dura\u00e7\u00e3o aproximada de tr\u00eas horas\/aula. A oficina ser\u00e1 conduzida pelo professor e ator Lucas Rodrigues, que tem em seu curr\u00edculo vasta experi\u00eancia no ensino de teatro para adultos. Seu objetivo principal \u00e9 proporcionar um ambiente inclusivo e estimulante, onde os participantes poder\u00e3o explorar sua criatividade, desenvolver habilidades teatrais e, acima de tudo, desfrutar de momentos de conv\u00edvio e divers\u00e3o sobre essa arte milenar que \u00e9 as artes C\u00eanicas.\u00a0 As inscri\u00e7\u00f5es poder\u00e3o ser feitas atrav\u00e9s do link:\u00a0<\/span><\/p>\n<p>&#13;<\/p>\n<p style=\"text-align: justify;\"><span style=\"font-weight: 400;\">Entrada: Gratuita, mediante inscri\u00e7\u00e3o pelo link<\/span> <a href=\"https:\/\/forms.gle\/fbZN5WunnnTMY9vB8\" rel=\"noopener\"><span style=\"font-weight: 400;\">https:\/\/forms.gle\/fbZN5WunnnTMY9vB8<\/span><\/a> <span style=\"font-weight: 400;\">(25 vagas).<\/span><\/p>\n<p>&#13;<\/p>\n<p style=\"text-align: justify;\"><span style=\"font-weight: 400;\">Classifica\u00e7\u00e3o: A partir de 40 anos.<\/span><\/p>\n<p>&#13;<\/p>\n<p style=\"text-align: justify;\"><span style=\"font-weight: 400;\">Realiza\u00e7\u00e3o: ProAC (Programa de A\u00e7\u00e3o Cultural do Governo do Estado de S\u00e3o Paulo e da Secretaria da Cultura e Economia Criativa), Prefeitura, por meio da Secretaria da Cultura, e Grupo Levitar.<\/span><\/p>\n<p>&#13;<\/p>\n<p style=\"text-align: justify;\"><span style=\"font-weight: 400;\">Dura\u00e7\u00e3o: 180 min.<\/span><\/p>\n<p>&#13;<\/p>\n<p style=\"text-align: justify;\"><span style=\"font-weight: 400;\">\u00a0<\/span><\/p>\n<p>&#13;<\/p>\n<p style=\"text-align: justify;\"><strong>Literatura: Clube do Livro conversa sobre <\/strong><span style=\"font-weight: 400;\">\u00a0\u201c<\/span><strong>A Biblioteca da Meia-Noite\u201d<\/strong><\/p>\n<p>&#13;<\/p>\n<p style=\"text-align: justify;\"><span style=\"font-weight: 400;\">Quarta-feira (15), \u00e0s 18h15 &#8211; Biblioteca Municipal Professor Jo\u00e3o de Sousa Ferraz<\/span><\/p>\n<p>&#13;<\/p>\n<p style=\"text-align: justify;\"><span style=\"font-weight: 400;\">O bate-papo ser\u00e1 sobre o livro \u201cA Biblioteca da Meia-Noite\u201d de Matt Haig.<\/span> <span style=\"font-weight: 400;\">A narrativa apresenta Nora Seed, de 35 anos, uma mulher cheia de talentos e poucas conquistas. Arrependida das escolhas que fez no passado, ela vive se perguntando o que poderia ter acontecido caso tivesse vivido de maneira diferente. Ap\u00f3s ser demitida e seu gato ser atropelado, Nora v\u00ea pouco sentido em sua exist\u00eancia e decide colocar um ponto final em tudo. Por\u00e9m, quando se v\u00ea na Biblioteca da Meia-Noite, Nora ganha uma oportunidade \u00fanica de viver todas as vidas que poderia ter vivido. Neste lugar entre a vida e a morte, e gra\u00e7as \u00e0 ajuda de uma velha amiga, Nora pode, finalmente, se mudar para a Austr\u00e1lia, reatar relacionamentos antigos \u2013 ou come\u00e7ar outros \u2013, ser uma estrela do rock, uma glaciologista, uma nadadora ol\u00edmpica&#8230; enfim, as op\u00e7\u00f5es s\u00e3o infinitas. Mas ser\u00e1 que alguma dessas outras vidas \u00e9 realmente melhor do que a que ela j\u00e1 tem? A media\u00e7\u00e3o \u00e9 por Daniele Pedroso.<\/span><\/p>\n<p>&#13;<\/p>\n<p style=\"text-align: justify;\"><span style=\"font-weight: 400;\">Entrada: Gratuita.<\/span><\/p>\n<p>&#13;<\/p>\n<p style=\"text-align: justify;\"><span style=\"font-weight: 400;\">Classifica\u00e7\u00e3o: A partir de 14 anos.<\/span><\/p>\n<p>&#13;<\/p>\n<p style=\"text-align: justify;\"><span style=\"font-weight: 400;\">Realiza\u00e7\u00e3o: Prefeitura, por meio da Secretaria de Cultura.<\/span><\/p>\n<p>&#13;<\/p>\n<p style=\"text-align: justify;\"><strong>\u00a0<\/strong><\/p>\n<p>&#13;<\/p>\n<p style=\"text-align: justify;\"><strong>Atividade: Investigando o acervo do museu de Limeira &#8211; Museus, Educa\u00e7\u00e3o e Pesquisa<\/strong><\/p>\n<p>&#13;<\/p>\n<p style=\"text-align: justify;\"><span style=\"font-weight: 400;\">Quinta-feira (16) e sexta-feira (17)<\/span><\/p>\n<p>&#13;<\/p>\n<p style=\"text-align: justify;\"><span style=\"font-weight: 400;\">A 22\u00ba edi\u00e7\u00e3o da Semana Nacional de Museus leva a atividade at\u00e9 as escolas de ensino fundamental e\/ou ensino m\u00e9dio.\u00a0<\/span><\/p>\n<p>&#13;<\/p>\n<p style=\"text-align: justify;\"><span style=\"font-weight: 400;\">Inscri\u00e7\u00f5es pelo telefone: 3442-1707.<\/span><\/p>\n<p>&#13;<\/p>\n<p style=\"text-align: justify;\"><span style=\"font-weight: 400;\">Vagas: 2 turmas separadas.<\/span><\/p>\n<p>&#13;<\/p>\n<p style=\"text-align: justify;\"><span style=\"font-weight: 400;\">Realiza\u00e7\u00e3o: Ibram (Instituto Brasileiro de Museus), Museu Major Jos\u00e9 levy Sobrinho e Prefeitura, por meio da Secretaria de Cultura.<\/span><\/p>\n<p>&#13;<\/p>\n<p style=\"text-align: justify;\"><span style=\"font-weight: 400;\">\u00a0<\/span><\/p>\n<p>&#13;<\/p>\n<p style=\"text-align: justify;\"><strong>Document\u00e1rio: Luzes da Esperan\u00e7a &#8211; O Caminho Iluminado por Elizabeth Teixeira<\/strong><\/p>\n<p>&#13;<\/p>\n<p style=\"text-align: justify;\"><span style=\"font-weight: 400;\">Quinta-feira (16), \u00e0s 18h &#8211; Bairro Elizabeth Teixeira,\u00a0 Rua 13\u00a0 &#8211; Quadra D, Lote 5<\/span><\/p>\n<p>&#13;<\/p>\n<p style=\"text-align: justify;\"><span style=\"font-weight: 400;\">O document\u00e1rio da produtora Guimily apresenta personagens que por anos viveram sem energia el\u00e9trica, contando da dificuldade que cada um enfrentou para encarar este obst\u00e1culo, nos levando a refletir sobre como ainda tem pessoas que passam pela dificuldade de um recurso t\u00e3o comum, mas que ainda n\u00e3o atinge a todos. \u00c9 emocionante, impactante e revoltante. <\/span><strong>\u00a0\u00a0<\/strong><\/p>\n<p>&#13;<\/p>\n<p style=\"text-align: justify;\"><span style=\"font-weight: 400;\">Classifica\u00e7\u00e3o:\u00a0 Livre.<\/span><\/p>\n<p>&#13;<\/p>\n<p style=\"text-align: justify;\"><span style=\"font-weight: 400;\">Realiza\u00e7\u00e3o: Lei Paulo Gustavo pelo Minist\u00e9rio da Cultura, com apoio da Prefeitura, por meio da Secretaria de Cultura e Guimily Produtora.<\/span><\/p>\n<p>&#13;<\/p>\n<p style=\"text-align: justify;\"><span style=\"font-weight: 400;\">Dura\u00e7\u00e3o: 90 min.<\/span><\/p>\n<p>&#13;<\/p>\n<p style=\"text-align: justify;\"><span style=\"font-weight: 400;\">\u00a0<\/span><\/p>\n<p>&#13;<\/p>\n<p style=\"text-align: justify;\"><strong>Teatro Contado: A Hist\u00f3ria de Leytor com Almir Marcelino<\/strong><\/p>\n<p>&#13;<\/p>\n<p style=\"text-align: justify;\"><span style=\"font-weight: 400;\">Sexta-feira (17), \u00e0s 14h &#8211; Biblioteca Municipal Professor Jo\u00e3o de Sousa Ferraz<\/span><\/p>\n<p>&#13;<\/p>\n<p style=\"text-align: justify;\"><span style=\"font-weight: 400;\">Leytor, um menino curioso e esperto, vive uma grande aventura atrav\u00e9s da \u201cVia Lectra\u201d para recuperar a semente da imagina\u00e7\u00e3o, que foi roubada de seu planeta, \u201cB\u00edblios\u201d. Motivado pela instigante miss\u00e3o dada pelo grande Mestre P\u00e1lavrus, o pequeno bibli\u00f4ncio conhece outros planetas como Musiton, Artela e o grande planeta T\u00e9cnus e muitas outras formas de contar hist\u00f3rias.\u00a0<\/span><\/p>\n<p>&#13;<\/p>\n<p style=\"text-align: justify;\"><span style=\"font-weight: 400;\">Agendamento para grupos e escolas pelo telefone e WhatsApp: 3442-6539.<\/span><\/p>\n<p>&#13;<\/p>\n<p style=\"text-align: justify;\"><span style=\"font-weight: 400;\">Entrada: Gratuita.<\/span><\/p>\n<p>&#13;<\/p>\n<p style=\"text-align: justify;\"><span style=\"font-weight: 400;\">Classifica\u00e7\u00e3o: De 6 a 10 anos.<\/span><\/p>\n<p>&#13;<\/p>\n<p style=\"text-align: justify;\"><span style=\"font-weight: 400;\">Realiza\u00e7\u00e3o: Teatro do Botokhypariu, Torres Produ\u00e7\u00f5es Culturais e Governo do Estado de S\u00e3o Paulo, por meio da Secretaria da Cultura, Economia e Ind\u00fastria Criativas com recursos do Programa de A\u00e7\u00e3o Cultural \u2013 ProAC, com apoio da Prefeitura, por meio da Secretaria de Cultura.<\/span><\/p>\n<p>&#13;<\/p>\n<p style=\"text-align: justify;\"><span style=\"font-weight: 400;\">\u00a0<\/span><\/p>\n<p>&#13;<\/p>\n<p style=\"text-align: justify;\"><strong>Atividade: Conhecendo o reino animal com o acervo do Museu de Limeira &#8211; Museus, Educa\u00e7\u00e3o e Pesquisa<\/strong><\/p>\n<p>&#13;<\/p>\n<p style=\"text-align: justify;\"><span style=\"font-weight: 400;\">S\u00e1bado (18), \u00e0s 10h &#8211; Museu Major Jos\u00e9 levy Sobrinho<\/span><\/p>\n<p>&#13;<\/p>\n<p style=\"text-align: justify;\"><span style=\"font-weight: 400;\">A 22\u00ba edi\u00e7\u00e3o da Semana Nacional de Museus traz a atividade para crian\u00e7as.<\/span><\/p>\n<p>&#13;<\/p>\n<p style=\"text-align: justify;\"><span style=\"font-weight: 400;\">Entrada: Gratuita, mediante inscri\u00e7\u00e3o pelo telefone 3442-1707 (10 vagas).<\/span><\/p>\n<p>&#13;<\/p>\n<p style=\"text-align: justify;\"><span style=\"font-weight: 400;\">Classifica\u00e7\u00e3o: Crian\u00e7as de 3 a 7 anos (acompanhadas pelos pais ou respons\u00e1veis).<\/span><\/p>\n<p>&#13;<\/p>\n<p style=\"text-align: justify;\"><span style=\"font-weight: 400;\">Realiza\u00e7\u00e3o: Ibram (Instituto Brasileiro de Museus), Museu Major Jos\u00e9 Levy Sobrinho e Prefeitura, por meio da Secretaria de Cultura.<\/span><\/p>\n<p>&#13;<\/p>\n<p style=\"text-align: justify;\"><span style=\"font-weight: 400;\">\u00a0<\/span><\/p>\n<p>&#13;<\/p>\n<p style=\"text-align: justify;\"><strong>Exposi\u00e7\u00e3o: Leonardo da Vinci &#8211; As Maravilhas Mec\u00e2nicas<\/strong><\/p>\n<p>&#13;<\/p>\n<p style=\"text-align: justify;\"><span style=\"font-weight: 400;\">De segunda a sexta-feira, das 9h \u00e0s 11h30 e das 14h30 \u00e0s 16h45 &#8211; Centro de Ci\u00eancias e Cultura \u201cProfessor Osvaldo Roberto Leite\u201d<\/span><\/p>\n<p>&#13;<\/p>\n<p style=\"text-align: justify;\"><span style=\"font-weight: 400;\">A exposi\u00e7\u00e3o vem exemplificar, por meio de alguns dos projetos de Da Vinci, como a sua vis\u00e3o foi revolucion\u00e1ria. \u00c9 dividida em quatro \u00e1reas, simbolizadas pelos elementos da natureza (ar, \u00e1gua, fogo e terra), apresentando maquetes, textos e imagens que justificam sua fama de um dos maiores g\u00eanios da humanidade.<\/span><\/p>\n<p>&#13;<\/p>\n<p style=\"text-align: justify;\"><span style=\"font-weight: 400;\">Agenda para visitas de escolas: 3444-7893.<\/span><\/p>\n<p>&#13;<\/p>\n<p style=\"text-align: justify;\"><span style=\"font-weight: 400;\">Entrada: Gratuita.<\/span><\/p>\n<p>&#13;<\/p>\n<p style=\"text-align: justify;\"><span style=\"font-weight: 400;\">Classifica\u00e7\u00e3o: Livre.<\/span><\/p>\n<p>&#13;<\/p>\n<p style=\"text-align: justify;\"><span style=\"font-weight: 400;\">Realiza\u00e7\u00e3o: Prefeitura, por meio da Secretaria de Cultura, e M.A.S.T. \u2013 Museu de Astronomia e Afins.<\/span><\/p>\n<p>&#13;<\/p>\n<p style=\"text-align: justify;\"><span style=\"font-weight: 400;\">\u00a0<\/span><\/p>\n<p>&#13;<\/p>\n<p style=\"text-align: justify;\"><strong>Evento: Circuito Sesc de Artes<\/strong><\/p>\n<p>&#13;<\/p>\n<p style=\"text-align: justify;\"><span style=\"font-weight: 400;\">S\u00e1bado (18), \u00e0s 14h &#8211; Parque Cidade<\/span><\/p>\n<p>&#13;<\/p>\n<p style=\"text-align: justify;\"><span style=\"font-weight: 400;\">O evento oferece atividades gratuitas, com oficinas na \u00e1rea de artes visuais e tecnologia, cinema, media\u00e7\u00f5es de leitura e espet\u00e1culos de circo, dan\u00e7a, m\u00fasica e teatro. S\u00e3o compartilhadas experi\u00eancias em um encontro com a arte e a cultura.<\/span><\/p>\n<p>&#13;<\/p>\n<p style=\"text-align: justify;\"><span style=\"font-weight: 400;\">Entrada: Gratuita.<\/span><\/p>\n<p>&#13;<\/p>\n<p style=\"text-align: justify;\"><span style=\"font-weight: 400;\">Classifica\u00e7\u00e3o: Livre.<\/span><\/p>\n<p>&#13;<\/p>\n<p style=\"text-align: justify;\"><span style=\"font-weight: 400;\">Realiza\u00e7\u00e3o: Sesc S\u00e3o Paulo em parceria com a Prefeitura e Sindicato do Com\u00e9rcio de Bens, Servi\u00e7os e Turismo.<\/span><\/p>\n<p>&#13;<\/p>\n<p style=\"text-align: justify;\"><span style=\"font-weight: 400;\">Dura\u00e7\u00e3o: 240min.<\/span><\/p>\n<p>&#13;<\/p>\n<p style=\"text-align: justify;\"><span style=\"font-weight: 400;\">\u00a0<\/span><\/p>\n<p>&#13;<\/p>\n<p style=\"text-align: justify;\"><strong>Exposi\u00e7\u00e3o: Di\u00e1logos com Acervos do Museu &#8211; SOBRE: VIVER<\/strong><\/p>\n<p>&#13;<\/p>\n<p style=\"text-align: justify;\"><span style=\"font-weight: 400;\">At\u00e9 19 de maio, com visita\u00e7\u00e3o de ter\u00e7a a sexta, das 9h \u00e0s 12h e 13h \u00e0s 17h &#8211; Museu Major Jos\u00e9 Levy Sobrinho<\/span><\/p>\n<p>&#13;<\/p>\n<p style=\"text-align: justify;\"><span style=\"font-weight: 400;\">A exposi\u00e7\u00e3o re\u00fane pinturas, poemas, desenhos e gravuras da artista Lea Moraes, em um recorte que mostra a sensibilidade e afetuosidade das suas obras, intensas e apaixonadas. A artista exala um cheiro pela vida e pela arte que a todos contamina. Esta ocupa\u00e7\u00e3o emerge da conviv\u00eancia po\u00e9tica desta figura em muitas camadas com tudo que a cerca e, de m\u00e3os dadas, mergulhamos nos seus trabalhos produzidos em muitas fases da sua trajet\u00f3ria, da sua casa, seu lar, sua estante de livros aos seus di\u00e1logos intertextuais ao som das teclas.<\/span><\/p>\n<p>&#13;<\/p>\n<p style=\"text-align: justify;\"><span style=\"font-weight: 400;\">Entrada: Gratuita.<\/span><\/p>\n<p>&#13;<\/p>\n<p style=\"text-align: justify;\"><span style=\"font-weight: 400;\">Classifica\u00e7\u00e3o: Livre.<\/span><\/p>\n<p>&#13;<\/p>\n<p style=\"text-align: justify;\"><span style=\"font-weight: 400;\">Realiza\u00e7\u00e3o: Prefeitura, por meio da Secretaria de Cultura.<\/span><\/p>\n<p>&#13;<\/p>\n<p style=\"text-align: justify;\"><span style=\"font-weight: 400;\">\u00a0<\/span><\/p>\n<p>&#13;<\/p>\n<p style=\"text-align: justify;\"><strong>M\u00fasica: Retreta com Banda Henrique Marques<\/strong><\/p>\n<p>&#13;<\/p>\n<p style=\"text-align: justify;\"><span style=\"font-weight: 400;\">Domingo (19), \u00e0s 10h30 &#8211; Pra\u00e7a Toledo Barros<\/span><\/p>\n<p>&#13;<\/p>\n<p style=\"text-align: justify;\"><span style=\"font-weight: 400;\">A Banda Henrique Marques se apresenta no coreto da pra\u00e7a Toledo Barros, na tradicional retreta dominical. No programa, obras da m\u00fasica instrumental e popular brasileira, como parte do fomento cultural local.<\/span><\/p>\n<p>&#13;<\/p>\n<p style=\"text-align: justify;\"><span style=\"font-weight: 400;\">Entrada: Gratuita.<\/span><\/p>\n<p>&#13;<\/p>\n<p style=\"text-align: justify;\"><span style=\"font-weight: 400;\">Classifica\u00e7\u00e3o: Livre .<\/span><\/p>\n<p>&#13;<\/p>\n<p style=\"text-align: justify;\"><span style=\"font-weight: 400;\">Realiza\u00e7\u00e3o: Prefeitura, por meio da Secretaria de Cultura, e banda.<\/span><\/p>\n<p>&#13;<\/p>\n<p style=\"text-align: justify;\"><span style=\"font-weight: 400;\">\u00a0<\/span><\/p>\n<p>&#13;<\/p>\n<p style=\"text-align: justify;\"><strong>Evento:\u00a0 Livro Encantado &#8211; Ana J\u00falia<\/strong><\/p>\n<p>&#13;<\/p>\n<p style=\"text-align: justify;\"><span style=\"font-weight: 400;\">Domingo (19)<\/span><\/p>\n<p>&#13;<\/p>\n<p style=\"text-align: justify;\"><span style=\"font-weight: 400;\">*Informa\u00e7\u00f5es em breve<\/span><\/p>\n<p>&#13;<\/p>\n<p style=\"text-align: justify;\"><strong>\u00a0<\/strong><\/p>\n<p>&#13;<\/p>\n<p style=\"text-align: justify;\"><strong>Musical Infantil: Floresta D\u2019\u00e1gua<\/strong><\/p>\n<p>&#13;<\/p>\n<p style=\"text-align: justify;\"><span style=\"font-weight: 400;\">Quarta-feira (22), \u00e0s 10h e 16h\u00a0 &#8211; Teatro Vit\u00f3ria Emiliano Bernardo da Silva<\/span><\/p>\n<p>&#13;<\/p>\n<p style=\"text-align: justify;\"><span style=\"font-weight: 400;\">Partindo de uma hist\u00f3ria onde \u00e9 ilustrada a destrui\u00e7\u00e3o da floresta pelo homem, o pequeno espectador \u00e9 confrontado com as preocupa\u00e7\u00f5es ambientais t\u00e3o pertinentes nos tempos que correm. Atrav\u00e9s da aventura de uma Gotinha d\u2019\u00c1gua, cujo percurso ilustra o ciclo da \u00e1gua, a crian\u00e7a entra em contato com os quatro elementos, aqui apresentados: \u00e1gua, terra, fogo e\u00a0 ar. Nesta su\u00edte para orquestra de c\u00e2mara ser\u00e3o abordados aspectos musicais como a forma e o timbre.<\/span><\/p>\n<p>&#13;<\/p>\n<p style=\"text-align: justify;\"><span style=\"font-weight: 400;\">Entrada: Plateia &#8211; R$ 100 (inteira) e R$ 50 (meia-entrada). Mezanino &#8211; R$ 80 (inteira) e R$ 40 (meia-entrada).<\/span><\/p>\n<p>&#13;<\/p>\n<p style=\"text-align: justify;\"><span style=\"font-weight: 400;\">Classifica\u00e7\u00e3o: Livre.<\/span><\/p>\n<p>&#13;<\/p>\n<p style=\"text-align: justify;\"><span style=\"font-weight: 400;\">Realiza\u00e7\u00e3o: Foco Musical Portugal, com o apoio da Prefeitura, por meio da Secretaria de Cultura.<\/span><\/p>\n<p>&#13;<\/p>\n<p style=\"text-align: justify;\"><span style=\"font-weight: 400;\">Dura\u00e7\u00e3o: 60 min.\u00a0<\/span><\/p>\n<p>&#13;<\/p>\n<p style=\"text-align: justify;\"><strong>\u00a0<\/strong><\/p>\n<p>&#13;<\/p>\n<p style=\"text-align: justify;\"><strong>Jogos: Dia de Jogar<\/strong><\/p>\n<p>&#13;<\/p>\n<p style=\"text-align: justify;\"><span style=\"font-weight: 400;\">Quarta-feira (22), das 17h \u00e0s 19h &#8211; Biblioteca Municipal Professor Jo\u00e3o de Sousa Ferraz<\/span><\/p>\n<p>&#13;<\/p>\n<p style=\"text-align: justify;\"><span style=\"font-weight: 400;\">A biblioteca disponibiliza os jogos: Detetive, Monopoly, Scrabble, Imagem &amp; A\u00e7\u00e3o, Banco Imobili\u00e1rio, War, Jogo da Vida, Perfil, Quest, Batalha Naval e mais.\u00a0<\/span><\/p>\n<p>&#13;<\/p>\n<p style=\"text-align: justify;\"><span style=\"font-weight: 400;\">Entrada: Gratuita.<\/span><\/p>\n<p>&#13;<\/p>\n<p style=\"text-align: justify;\"><span style=\"font-weight: 400;\">Classifica\u00e7\u00e3o: A partir de 9 anos.\u00a0<\/span><\/p>\n<p>&#13;<\/p>\n<p style=\"text-align: justify;\"><span style=\"font-weight: 400;\">Realiza\u00e7\u00e3o: Prefeitura, por meio da Secretaria de Cultura.<\/span><\/p>\n<p>&#13;<\/p>\n<p style=\"text-align: justify;\"><strong>\u00a0<\/strong><\/p>\n<p>&#13;<\/p>\n<p style=\"text-align: justify;\"><strong>Curso: Desenvolvimento humano e organizacional no atendimento aos p\u00fablicos com Jos\u00e9 Mario de Oliveira Mendes<\/strong><\/p>\n<p>&#13;<\/p>\n<p style=\"text-align: justify;\"><span style=\"font-weight: 400;\">Quinta-feira (23), das 9h \u00e0s 16h &#8211; Biblioteca Municipal Professor Jo\u00e3o de Sousa Ferraz<\/span><\/p>\n<p>&#13;<\/p>\n<p style=\"text-align: justify;\"><span style=\"font-weight: 400;\">Todo atendimento \u00e9 pautado nas trocas de informa\u00e7\u00e3o, rea\u00e7\u00f5es e, principalmente, rela\u00e7\u00f5es. O desenvolvimento humano e organizacional no atendimento aos p\u00fablicos deve ser prestado com base na igualdade de acesso para todos. Este curso tem como proposta apresentar e dialogar sobre pilares, compet\u00eancias e habilidades necess\u00e1rias para o atendimento aos p\u00fablicos nas bibliotecas.<\/span> <span style=\"font-weight: 400;\">A<\/span> <span style=\"font-weight: 400;\">media\u00e7\u00e3o \u00e9 de Jos\u00e9 Mario de Oliveira Mendes. Voltado para<\/span> <span style=\"font-weight: 400;\">profissionais das \u00e1reas da Cultura, Biblioteconomia e Ci\u00eancia da Informa\u00e7\u00e3o, Leitura e Literatura, e interessados no tema.<\/span><\/p>\n<p>&#13;<\/p>\n<p style=\"text-align: justify;\"><span style=\"font-weight: 400;\">Entrada: Gratuita, mediante inscri\u00e7\u00e3o pelo site<\/span> <a href=\"http:\/\/siseb.sp.gov.br\/agenda\/\" rel=\"noopener\"><span style=\"font-weight: 400;\">http:\/\/siseb.sp.gov.br\/agenda\/<\/span><\/a><span style=\"font-weight: 400;\">.<\/span><\/p>\n<p>&#13;<\/p>\n<p style=\"text-align: justify;\"><span style=\"font-weight: 400;\">Classifica\u00e7\u00e3o: A partir de 18 anos.<\/span><\/p>\n<p>&#13;<\/p>\n<p style=\"text-align: justify;\"><span style=\"font-weight: 400;\">Realiza\u00e7\u00e3o: Secretaria da Cultura e Economia Criativa do Estado de S\u00e3o Paulo, do SisEB (Sistema Estadual de Bibliotecas P\u00fablicas de S\u00e3o Paulo) da SP Leituras (Associa\u00e7\u00e3o Paulistade Bibliotecas) com apoio da Prefeitura de Limeira, por meio da Secretaria de Cultura.<\/span><\/p>\n<p>&#13;<\/p>\n<p style=\"text-align: justify;\"><span style=\"font-weight: 400;\">\u00a0<\/span><\/p>\n<p>&#13;<\/p>\n<p style=\"text-align: justify;\"><strong>M\u00fasica: Concerto da S\u00e9rie Alian\u00e7a<\/strong><\/p>\n<p>&#13;<\/p>\n<p style=\"text-align: justify;\"><span style=\"font-weight: 400;\">Quinta-feira (23), \u00e0s 20h30 &#8211; Teatro Vit\u00f3ria Emiliano Bernardo da Silva<\/span><\/p>\n<p>&#13;<\/p>\n<p style=\"text-align: justify;\"><span style=\"font-weight: 400;\">\u201cUm R\u00e9quiem sem o Julgamento Final\u201d \u00e9 a pe\u00e7a principal do concerto, que ser\u00e1 conduzido pelo maestro convidado Parcival M\u00f3dolo, juntamente com o Madrigal Mackenzie e o Coro da Osli, tendo como solistas a soprano Ludmilla Thompson e Wesley Rocha. Tamb\u00e9m est\u00e3o no repert\u00f3rio: \u201cAlvorada na Serra\u201d, \u201cPavane em f\u00e1 sustenido menor, Op.50\u201d e \u201cPavane pour une infante d\u00e9funte\u201d. O espet\u00e1culo conta com muitas homenagens, sobretudo, aos 120 anos de nascimento do compositor brasileiro Alberto Nepomuceno e aos 100 anos de morte do compositor franc\u00eas Gabriel Faur\u00e9, mas tamb\u00e9m homenageia o movimento de manifesta\u00e7\u00e3o do \u201cimpressionismo\u201d (de Monet) das artes pl\u00e1sticas na m\u00fasica de concerto.<\/span><\/p>\n<p>&#13;<\/p>\n<p style=\"text-align: justify;\"><span style=\"font-weight: 400;\">Entrada: R$ 30 (inteira) e R$ 15 (meia-entrada).<\/span><span style=\"font-weight: 400;\"><br \/><\/span><span style=\"font-weight: 400;\"> Classifica\u00e7\u00e3o: Livre.<\/span><\/p>\n<p>&#13;<\/p>\n<p style=\"text-align: justify;\"><span style=\"font-weight: 400;\">Realiza\u00e7\u00e3o: Sociedade Pr\u00f3-Sinf\u00f4nica de Limeira, com o apoio da Prefeitura, por meio da Secretaria de Cultura.<\/span><span style=\"font-weight: 400;\"><br \/><\/span><span style=\"font-weight: 400;\"> Dura\u00e7\u00e3o: 90 min.<\/span><\/p>\n<p>&#13;<\/p>\n<p style=\"text-align: justify;\"><span style=\"font-weight: 400;\">\u00a0<\/span><\/p>\n<p>&#13;<\/p>\n<p style=\"text-align: justify;\"><strong>Literatura: Hora do Conto com Recanto das Hist\u00f3rias<\/strong><\/p>\n<p>&#13;<\/p>\n<p style=\"text-align: justify;\"><span style=\"font-weight: 400;\">Sexta-feira (24), \u00e0s 14h &#8211; Biblioteca Municipal Professor Jo\u00e3o de Sousa Ferraz<\/span><\/p>\n<p>&#13;<\/p>\n<p style=\"text-align: justify;\"><span style=\"font-weight: 400;\">Hora do Conto celebra o Dia Nacional do Livro Infantil. As crian\u00e7as poder\u00e3o mergulhar no universo das hist\u00f3rias com as contadoras do Recanto das Hist\u00f3rias Mara Belo, Amanda Hergert e Priscilla Celestino.<\/span><\/p>\n<p>&#13;<\/p>\n<p style=\"text-align: justify;\"><span style=\"font-weight: 400;\">Entrada: Gratuita<\/span><\/p>\n<p>&#13;<\/p>\n<p style=\"text-align: justify;\"><span style=\"font-weight: 400;\">Classifica\u00e7\u00e3o: Livre.<\/span><\/p>\n<p>&#13;<\/p>\n<p style=\"text-align: justify;\"><span style=\"font-weight: 400;\">Realiza\u00e7\u00e3o: Prefeitura, por meio da Secretaria de Cultura em parceria com a Secretaria de Educa\u00e7\u00e3o.<\/span><\/p>\n<p>&#13;<\/p>\n<p style=\"text-align: justify;\"><span style=\"font-weight: 400;\">\u00a0<\/span><\/p>\n<p>&#13;<\/p>\n<p style=\"text-align: justify;\"><strong>Evento: Esquenta de S\u00e3o Jo\u00e3o \u2013 Cantinho do Vov\u00f4<\/strong><\/p>\n<p>&#13;<\/p>\n<p style=\"text-align: justify;\"><span style=\"font-weight: 400;\">Dias 24, 25 e 26, \u00e0s 19h &#8211; Pra\u00e7a ao lado do Cantinho do Vov\u00f4<\/span><\/p>\n<p>&#13;<\/p>\n<p style=\"text-align: justify;\"><span style=\"font-weight: 400;\">Esquenta de S\u00e3o Jo\u00e3o.<\/span><\/p>\n<p>&#13;<\/p>\n<p style=\"text-align: justify;\"><span style=\"font-weight: 400;\">Entrada: Gratuita.<\/span><\/p>\n<p>&#13;<\/p>\n<p style=\"text-align: justify;\"><span style=\"font-weight: 400;\">Classifica\u00e7\u00e3o: Livre.<\/span><\/p>\n<p>&#13;<\/p>\n<p style=\"text-align: justify;\"><span style=\"font-weight: 400;\">Realiza\u00e7\u00e3o: Cantinho do Vov\u00f4, com apoio da Prefeitura, por meio da Secretaria de Cultura.<\/span><\/p>\n<p>&#13;<\/p>\n<p style=\"text-align: justify;\"><span style=\"font-weight: 400;\">\u00a0<\/span><\/p>\n<p>&#13;<\/p>\n<p style=\"text-align: justify;\"><strong>Literatura: Leia Mulheres conversa sobre \u201cTorrente\u201d com presen\u00e7a da autora<\/strong><\/p>\n<p>&#13;<\/p>\n<p style=\"text-align: justify;\"><span style=\"font-weight: 400;\">S\u00e1bado (25), \u00e0s 16h &#8211; Anfiteatro Dr. Olindo de Luca da Biblioteca Municipal<\/span><strong>\u00a0<\/strong><\/p>\n<p>&#13;<\/p>\n<p style=\"text-align: justify;\"><span style=\"font-weight: 400;\">\u201cTorrente\u201d \u00e9 um livro que fala sobre o amor. Mas que ningu\u00e9m se engane com a aparente simplicidade dessa defini\u00e7\u00e3o \u2014 o romance-tempestade de Vanessa Malag\u00f3 apresenta as rela\u00e7\u00f5es amorosas a partir daquilo que elas t\u00eam de mais desafiador: a imposs\u00edvel compreens\u00e3o total do outro. A media\u00e7\u00e3o \u00e9 por Denise Ap. da Silva, Let\u00edcia Reis e Nayara M. Pires.<\/span><\/p>\n<p>&#13;<\/p>\n<p style=\"text-align: justify;\"><span style=\"font-weight: 400;\">Entrada: Gratuita.<\/span><\/p>\n<p>&#13;<\/p>\n<p style=\"text-align: justify;\"><span style=\"font-weight: 400;\">Classifica\u00e7\u00e3o: Livre.<\/span><\/p>\n<p>&#13;<\/p>\n<p style=\"text-align: justify;\"><span style=\"font-weight: 400;\">Realiza\u00e7\u00e3o: Leia Mulheres com apoio da Prefeitura, por meio da Secretaria de Cultura.<\/span><\/p>\n<p>&#13;<\/p>\n<p style=\"text-align: justify;\"><span style=\"font-weight: 400;\">\u00a0<\/span><\/p>\n<p>&#13;<\/p>\n<p style=\"text-align: justify;\"><strong>M\u00fasica: Rock ao Piano<\/strong><\/p>\n<p>&#13;<\/p>\n<p style=\"text-align: justify;\"><span style=\"font-weight: 400;\">S\u00e1bado (25), \u00e0s 19h &#8211; Teatro Vit\u00f3ria Emiliano Bernardo da Silva<\/span><\/p>\n<p>&#13;<\/p>\n<p style=\"text-align: justify;\"><span style=\"font-weight: 400;\">O pianista Bruno Hrabovsky, traz o repert\u00f3rio do CD gravado em 2019 e mais 3 m\u00fasicas especiais &#8211; uma surpresa e duas eleitas pelo p\u00fablico. O concerto visa fazer uma verdadeira imers\u00e3o no rock internacional, mostrando o quanto pode ter em comum com o piano.<\/span><\/p>\n<p>&#13;<\/p>\n<p style=\"text-align: justify;\"><span style=\"font-weight: 400;\">Entrada: R$ 60 (inteira) e R$ 30 (meia-entrada).<\/span><\/p>\n<p>&#13;<\/p>\n<p style=\"text-align: justify;\"><a href=\"https:\/\/www.ticketfacil.com.br\/eventos\/tv-rock-ao-piano.aspx\" rel=\"noopener\"><span style=\"font-weight: 400;\">https:\/\/www.ticketfacil.com.br\/eventos\/tv-rock-ao-piano.aspx<\/span><\/a><\/p>\n<p>&#13;<\/p>\n<p style=\"text-align: justify;\"><span style=\"font-weight: 400;\">Classifica\u00e7\u00e3o: A partir de 5 anos.<\/span><span style=\"font-weight: 400;\"><br \/><\/span><span style=\"font-weight: 400;\">Realiza\u00e7\u00e3o: Bruno Aguilar Guimar\u00e3es, com o apoio da Prefeitura, por meio da Secretaria de Cultura.<\/span><\/p>\n<p>&#13;<\/p>\n<p style=\"text-align: justify;\"><span style=\"font-weight: 400;\">Dura\u00e7\u00e3o: 90 min.<\/span><\/p>\n<p>&#13;<\/p>\n<p style=\"text-align: justify;\"><span style=\"font-weight: 400;\">\u00a0<\/span><\/p>\n<p>&#13;<\/p>\n<p style=\"text-align: justify;\"><strong>M\u00fasica: Retreta com Corpora\u00e7\u00e3o Musical Arthur Giambelli<\/strong><\/p>\n<p>&#13;<\/p>\n<p style=\"text-align: justify;\"><span style=\"font-weight: 400;\">Domingo (26), \u00e0s 10h30 &#8211; Pra\u00e7a Toledo Barros<\/span><\/p>\n<p>&#13;<\/p>\n<p style=\"text-align: justify;\"><span style=\"font-weight: 400;\">A Embaixatriz Sonora de Limeira apresenta m\u00fasicas de cunho popular. A reg\u00eancia \u00e9 do maestro Leandro Rodrigo Pereira.<\/span><\/p>\n<p>&#13;<\/p>\n<p style=\"text-align: justify;\"><span style=\"font-weight: 400;\">Entrada: Gratuita.<\/span><\/p>\n<p>&#13;<\/p>\n<p style=\"text-align: justify;\"><span style=\"font-weight: 400;\">Classifica\u00e7\u00e3o: Livre.<\/span><\/p>\n<p>&#13;<\/p>\n<p style=\"text-align: justify;\"><span style=\"font-weight: 400;\">Realiza\u00e7\u00e3o: Prefeitura, por meio da Secretaria de Cultura, e banda.<\/span><\/p>\n<p>&#13;<\/p>\n<p style=\"text-align: justify;\"><span style=\"font-weight: 400;\">Dura\u00e7\u00e3o: 90 min.<\/span><\/p>\n<p>&#13;<\/p>\n<p style=\"text-align: justify;\"><span style=\"font-weight: 400;\">\u00a0<\/span><\/p>\n<p>&#13;<\/p>\n<p style=\"text-align: justify;\"><strong>Stand-up: Rodrigo Sant\u2019anna em Atanazando<\/strong><\/p>\n<p>&#13;<\/p>\n<p style=\"text-align: justify;\"><span style=\"font-weight: 400;\">Domingo (26), \u00e0s 19h &#8211; Teatro Vit\u00f3ria Emiliano Bernardo da Silva<\/span><\/p>\n<p>&#13;<\/p>\n<p style=\"text-align: justify;\"><span style=\"font-weight: 400;\">Em seu novo show de humor, Rodrigo Sant\u2019Anna usa suas habilidades para interpretar personagens como um tomate cereja, uma m\u00e3e rica, a mulher do site de busca e um peru de Natal. Usando h\u00e1bitos do mundo moderno para refletir, atrav\u00e9s de uma com\u00e9dia hil\u00e1ria, o cotidiano de uma gera\u00e7\u00e3o.<\/span><\/p>\n<p>&#13;<\/p>\n<p style=\"text-align: justify;\"><span style=\"font-weight: 400;\">Entrada: Plateia &#8211; R$ 100 (inteira), R$ 50 (meia-entrada, Clube GT e ingresso solid\u00e1rio &#8211; 1kg de alimento n\u00e3o perec\u00edvel). Mezanino &#8211; R$ 80 (inteira), R$ 40 (meia-entrada, Clube GT e Ingresso Solid\u00e1rio \u2013 1kg de alimento n\u00e3o perec\u00edvel).<\/span><\/p>\n<p>&#13;<\/p>\n<p style=\"text-align: justify;\"><a href=\"https:\/\/www.ticketfacil.com.br\/eventos\/tv-rodrigo-santanna-atazanado.aspx\" rel=\"noopener\"><span style=\"font-weight: 400;\">https:\/\/www.ticketfacil.com.br\/eventos\/tv-rodrigo-santanna-atazanado.aspx<\/span><\/a><\/p>\n<p>&#13;<\/p>\n<p style=\"text-align: justify;\"><span style=\"font-weight: 400;\">Classifica\u00e7\u00e3o: A partir de 16 anos.<\/span><span style=\"font-weight: 400;\"><br \/><\/span><span style=\"font-weight: 400;\"> Realiza\u00e7\u00e3o: Teatro GT, com o apoio da Prefeitura, por meio da Secretaria de Cultura.<\/span><span style=\"font-weight: 400;\"><br \/><\/span><span style=\"font-weight: 400;\"> Dura\u00e7\u00e3o: 60 min.<\/span><\/p>\n<p>&#13;<\/p>\n<p style=\"text-align: justify;\"><span style=\"font-weight: 400;\">\u00a0<\/span><\/p>\n<p>&#13;<\/p>\n<p style=\"text-align: justify;\"><strong>Teatro: Sem Fim<\/strong><\/p>\n<p>&#13;<\/p>\n<p style=\"text-align: justify;\"><span style=\"font-weight: 400;\">Quarta-feira (29), \u00e0s 14h &#8211; Teatro Vit\u00f3ria Emiliano Bernardo da Silva<\/span><\/p>\n<p>&#13;<\/p>\n<p style=\"text-align: justify;\"><span style=\"font-weight: 400;\">Diane Ichimaru, da Confraria da Dan\u00e7a, junta duas artes similares e faz um espet\u00e1culo grandioso e cheio de emo\u00e7\u00f5es, unindo dan\u00e7a e teatro com bel\u00edssimas coreografias e textos maravilhosos. O questionamento da frase \u201cpenso, logo existo\u201d \u00e9 o mote inicial. A trilha musical mescla os g\u00eaneros erudito e antigo, acrescentando &#8220;pitadas\u201d de m\u00fasica progressista, utilizando trompa, percuss\u00e3o, piano, viola, violino, contrabaixo e efeitos de sintetizadores.<\/span><\/p>\n<p>&#13;<\/p>\n<p style=\"text-align: justify;\"><span style=\"font-weight: 400;\">Entrada: Gratuita.\u00a0<\/span><\/p>\n<p>&#13;<\/p>\n<p style=\"text-align: justify;\"><span style=\"font-weight: 400;\">Classifica\u00e7\u00e3o: Livre.<\/span><span style=\"font-weight: 400;\"><br \/><\/span><span style=\"font-weight: 400;\"> Realiza\u00e7\u00e3o: Confraria da Dan\u00e7a, com o apoio da Prefeitura, por meio da Secretaria de Cultura.<\/span><\/p>\n<p>&#13;<\/p>\n<p style=\"text-align: justify;\"><span style=\"font-weight: 400;\">Dura\u00e7\u00e3o: 50 min.<\/span><\/p>\n<p>&#13;<\/p>\n<p style=\"text-align: justify;\"><span style=\"font-weight: 400;\">\u00a0<\/span><\/p>\n<p>&#13;<\/p>\n<p style=\"text-align: justify;\"><strong>Oficina: Dublagem<\/strong><\/p>\n<p>&#13;<\/p>\n<p style=\"text-align: justify;\"><span style=\"font-weight: 400;\">Quinta-feira (30) e sexta-feira (31), das 19h \u00e0s 22h &#8211; Anfiteatro Dr. Olindo de Luca da Biblioteca Municipal\u00a0<\/span><\/p>\n<p>&#13;<\/p>\n<p style=\"text-align: justify;\"><span style=\"font-weight: 400;\">A oficina de dublagem tem como objetivo proporcionar uma experi\u00eancia educativa e culturalmente enriquecedora para os participantes, oferecendo-lhes a oportunidade de aprender sobre a arte da dublagem, suas t\u00e9cnicas e processos. A oficina ser\u00e1 conduzida pelo profissional Leandro Munhoz, ator, dublador, locutor e radialista, com vasta experi\u00eancia no ensino de dublagem. \u00c9 uma oportunidade \u00fanica para os participantes explorarem as nuances da arte de dar voz a personagens de filmes, s\u00e9ries e desenhos animados<\/span><strong>. <\/strong><span style=\"font-weight: 400;\">O objetivo \u00e9 fornecer uma compreens\u00e3o b\u00e1sica e introdut\u00f3ria sobre o que \u00e9 a dublagem, como funciona e sua import\u00e2ncia na ind\u00fastria do entretenimento.<\/span><\/p>\n<p>&#13;<\/p>\n<p style=\"text-align: justify;\"><span style=\"font-weight: 400;\">Entrada: Gratuita, mediante inscri\u00e7\u00e3o pelo link<\/span> <a href=\"https:\/\/forms.gle\/hXhbserft1G488eEA\" rel=\"noopener\"><span style=\"font-weight: 400;\">https:\/\/forms.gle\/hXhbserft1G488eEA<\/span><\/a><\/p>\n<p>&#13;<\/p>\n<p style=\"text-align: justify;\"><span style=\"font-weight: 400;\">Classifica\u00e7\u00e3o: A partir de 18 anos.<\/span><\/p>\n<p>&#13;<\/p>\n<p style=\"text-align: justify;\"><span style=\"font-weight: 400;\">Realiza\u00e7\u00e3o:<\/span> <span style=\"font-weight: 400;\">Lei Paulo Gustavo pelo Minist\u00e9rio da Cultura, com apoio da Prefeitura, por meio da Secretaria de Cultura.<\/span><\/p>\n<p>&#13;<\/p>\n<p style=\"text-align: justify;\"><span style=\"font-weight: 400;\">\u00a0<\/span><\/p>\n<p>&#13;<\/p>\n<p style=\"text-align: justify;\"><strong>Exposi\u00e7\u00e3o: Biodiversidade e Sa\u00fade<\/strong><\/p>\n<p>&#13;<\/p>\n<p style=\"text-align: justify;\"><span style=\"font-weight: 400;\">De segunda a sexta-feira, das 9h \u00e0s 11h30 e das 14h30 \u00e0s 16h45 &#8211; Centro de Ci\u00eancias e Cultura \u201cProfessor Osvaldo Roberto Leite\u201d<\/span><\/p>\n<p>&#13;<\/p>\n<p style=\"text-align: justify;\"><span style=\"font-weight: 400;\">A mostra aborda a vasta biodiversidade do pa\u00eds, j\u00e1 que uma a cada cinco esp\u00e9cies existentes no mundo vive no Brasil. A exposi\u00e7\u00e3o provoca reflex\u00f5es sobre as rela\u00e7\u00f5es entre a biodiversidade, a sa\u00fade e suas perspectivas socioambientais, convidando o visitante a compreender a complexidade da vida em seus diferentes n\u00edveis de hierarquia, al\u00e9m de conhecer mais sobre os biomas brasileiros e refletir sobre a interven\u00e7\u00e3o humana na natureza e na acelera\u00e7\u00e3o do processo de extin\u00e7\u00e3o de esp\u00e9cies. Tamb\u00e9m traz um jogo da mem\u00f3ria com informa\u00e7\u00f5es sobre esp\u00e9cies brasileiras amea\u00e7adas de extin\u00e7\u00e3o e uma atividade interativa sobre as rela\u00e7\u00f5es ecol\u00f3gicas que acontecem no ambiente da floresta.<\/span><\/p>\n<p>&#13;<\/p>\n<p style=\"text-align: justify;\"><span style=\"font-weight: 400;\">Agenda para visitas de escolas: 3444-7893.<\/span><\/p>\n<p>&#13;<\/p>\n<p style=\"text-align: justify;\"><span style=\"font-weight: 400;\">Entrada: Gratuita.<\/span><\/p>\n<p>&#13;<\/p>\n<p style=\"text-align: justify;\"><span style=\"font-weight: 400;\">Classifica\u00e7\u00e3o: Livre.<\/span><\/p>\n<p>&#13;<\/p>\n<p style=\"text-align: justify;\"><span style=\"font-weight: 400;\">Realiza\u00e7\u00e3o: Prefeitura, por meio da Secretaria de Cultura, e Museu da Vida &#8211; Funda\u00e7\u00e3o Oswaldo Cruz<\/span><\/p>\n<p>&#13;<\/p>\n<p style=\"text-align: justify;\"><span style=\"font-weight: 400;\">\u00a0<\/span><\/p>\n<p>&#13;<\/p>\n<p style=\"text-align: justify;\"><strong>Exposi\u00e7\u00e3o de Longa Dura\u00e7\u00e3o: Limeira, Uma Cidade Entre S\u00e9culos<\/strong><\/p>\n<p>&#13;<\/p>\n<p style=\"text-align: justify;\"><span style=\"font-weight: 400;\">De ter\u00e7a a sexta-feira, das 9h \u00e0s 17h &#8211; Museu Major Jos\u00e9 Levy Sobrinho<\/span><\/p>\n<p>&#13;<\/p>\n<p style=\"text-align: justify;\"><span style=\"font-weight: 400;\">A exposi\u00e7\u00e3o apresenta ao p\u00fablico uma vis\u00e3o das variadas dimens\u00f5es que formam a identidade limeirense, tendo como eixo central a vida na cidade. Cada sala reflete uma din\u00e2mica que se desdobra da conviv\u00eancia comunit\u00e1ria: o viver na cidade e seus temas correlatos; o \u00e2mbito dom\u00e9stico e o morar; os of\u00edcios e a industrializa\u00e7\u00e3o; as dimens\u00f5es pol\u00edticas; e as rela\u00e7\u00f5es entre sa\u00fade e educa\u00e7\u00e3o. Com o objetivo de despertar o interesse pela hist\u00f3ria da cidade de Limeira, proporciona uma percep\u00e7\u00e3o cr\u00edtica e sens\u00edvel da realidade hist\u00f3rica e, ainda, busca estabelecer rela\u00e7\u00f5es de di\u00e1logo com os diversos p\u00fablicos, e promove a ressignifica\u00e7\u00e3o acerca das obras observadas pelos participantes dos grupos.<\/span><\/p>\n<p>&#13;<\/p>\n<p style=\"text-align: justify;\"><span style=\"font-weight: 400;\">Agendamento de grupos: <\/span><a href=\"http:\/\/agendamento.museu\/\" rel=\"noopener\"><span style=\"font-weight: 400;\">agendamento.museu<\/span><\/a><span style=\"font-weight: 400;\">@<\/span><a href=\"https:\/\/limeira.sp.gov.br\/\" rel=\"noopener\"><span style=\"font-weight: 400;\">limeira.sp.gov.br<\/span><\/a><\/p>\n<p>&#13;<\/p>\n<p style=\"text-align: justify;\"><span style=\"font-weight: 400;\">Entrada: Gratuita.<\/span><\/p>\n<p>&#13;<\/p>\n<p style=\"text-align: justify;\"><span style=\"font-weight: 400;\">Classifica\u00e7\u00e3o Livre.<\/span><\/p>\n<p>&#13;<\/p>\n<p style=\"text-align: justify;\"><span style=\"font-weight: 400;\">Realiza\u00e7\u00e3o: Prefeitura, por meio da Secretaria de Cultura.<\/span><\/p>\n<p>&#13;<\/p>\n<p style=\"text-align: justify;\"><span style=\"font-weight: 400;\">\u00a0<\/span><\/p>\n<p>&#13;<\/p>\n<p style=\"text-align: justify;\"><strong>Exposi\u00e7\u00e3o: Gruta da Paz e Sua Hist\u00f3ria<\/strong><\/p>\n<p>&#13;<\/p>\n<p style=\"text-align: justify;\"><span style=\"font-weight: 400;\">De ter\u00e7a a sexta-feira, das 12h \u00e0s 17h; e aos s\u00e1bados, das 9h \u00e0s 13h &#8211; Gruta da Paz<\/span><\/p>\n<p>&#13;<\/p>\n<p style=\"text-align: justify;\"><span style=\"font-weight: 400;\">Constru\u00edda entre 1919 e 1920 e reinaugurada em julho de 2017 pela Prefeitura Municipal de Limeira, o local que passou por reformas e revitaliza\u00e7\u00e3o, se destaca como um dos principais cart\u00f5es postais da cidade. Marcando a reabertura deste espa\u00e7o, o Museu Major Jos\u00e9 Levy Sobrinho preparou a exposi\u00e7\u00e3o \u201cGruta da Paz e sua Hist\u00f3ria\u201d, que procura por meio de imagens e fotos do passado, contar um pouco de sua rica hist\u00f3ria e de sua trajet\u00f3ria marcante para a sociedade e para a cultura de Limeira e regi\u00e3o.<\/span><\/p>\n<p>&#13;<\/p>\n<p style=\"text-align: justify;\"><span style=\"font-weight: 400;\">Entrada: Gratuita.<\/span><\/p>\n<p>&#13;<\/p>\n<p style=\"text-align: justify;\"><span style=\"font-weight: 400;\">Classifica\u00e7\u00e3o: Livre.<\/span><\/p>\n<p>&#13;<\/p>\n<p style=\"text-align: justify;\"><span style=\"font-weight: 400;\">Realiza\u00e7\u00e3o: Prefeitura, por meio da Secretaria de Cultura.<\/span><\/p>\n<p>&#13;<\/p>\n<p style=\"text-align: justify;\"><span style=\"font-weight: 400;\">\u00a0<\/span><\/p>\n<p>&#13;<\/p>\n<p style=\"text-align: justify;\"><span style=\"font-weight: 400;\">***Programa\u00e7\u00e3o sujeita \u00e0 altera\u00e7\u00f5es.<\/span><\/p>\n<p>&#13;<\/p>\n<p style=\"text-align: justify;\"><span style=\"font-weight: 400;\">_____________________________________________________________<\/span><\/p>\n<p>&#13;<\/p>\n<p style=\"text-align: justify;\"><span style=\"font-weight: 400;\">\u00a0<\/span><\/p>\n<p>&#13;<\/p>\n<p style=\"text-align: justify;\"><strong>ENDERE\u00c7OS E TELEFONES DA CULTURA:<\/strong><\/p>\n<p>&#13;<\/p>\n<p style=\"text-align: justify;\"><strong>\u00a0<\/strong><\/p>\n<p>&#13;<\/p>\n<p style=\"text-align: justify;\"><span style=\"font-weight: 400;\">Gabinete do Secret\u00e1rio de Cultura \/ Orquestra Sinf\u00f4nica de Limeira \/ Departamento de Cultura \/ Departamento Operacional &#8211; Palacete Levy &#8211; Largo da Boa Morte, 11 &#8211; Centro. Telefone: 3441 7905.<\/span><\/p>\n<p>&#13;<\/p>\n<p style=\"text-align: justify;\"><span style=\"font-weight: 400;\">\u00a0<\/span><\/p>\n<p>&#13;<\/p>\n<p style=\"text-align: justify;\"><span style=\"font-weight: 400;\">Escola Municipal de Cultura e Artes Maestro M\u00e1rio Tintori &#8211; Emcea\/ Departamento de Forma\u00e7\u00e3o para as Artes \/ Sede do Programa Oficinas Culturais &#8211; Rua da Boa Morte, 471 &#8211; Centro. Telefone: 3441 5493.<\/span><\/p>\n<p>&#13;<\/p>\n<p style=\"text-align: justify;\"><span style=\"font-weight: 400;\">\u00a0<\/span><\/p>\n<p>&#13;<\/p>\n<p style=\"text-align: justify;\"><span style=\"font-weight: 400;\">Museu Major Jos\u00e9 Levy Sobrinho \/ Centro Municipal de Mem\u00f3ria Hist\u00f3rica de Limeira &#8211; Rua da Boa Morte, 471 &#8211; Centro. Telefone: 3442 1707.<\/span><\/p>\n<p>&#13;<\/p>\n<p style=\"text-align: justify;\"><span style=\"font-weight: 400;\">\u00a0<\/span><\/p>\n<p>&#13;<\/p>\n<p style=\"text-align: justify;\"><span style=\"font-weight: 400;\">Espa\u00e7o Expositivo Prof\u00aa Maria Eloisa Gon\u00e7alves de Oliveira Rossi &#8211; Rua Treze de Maio, 102, Centro. Telefone: 3442 1707.<\/span><\/p>\n<p>&#13;<\/p>\n<p style=\"text-align: justify;\"><span style=\"font-weight: 400;\">\u00a0<\/span><\/p>\n<p>&#13;<\/p>\n<p style=\"text-align: justify;\"><span style=\"font-weight: 400;\">Teatro Vit\u00f3ria \u201cEmiliano Bernardo da Silva\u201d &#8211; Pra\u00e7a Toledo Barros &#8211; s\/no &#8211; Centro. Telefone: 3451 6679.<\/span><\/p>\n<p>&#13;<\/p>\n<p style=\"text-align: justify;\"><span style=\"font-weight: 400;\">\u00a0<\/span><\/p>\n<p>&#13;<\/p>\n<p style=\"text-align: justify;\"><span style=\"font-weight: 400;\">Centro de Ci\u00eancias e Cultura Prof. Osvaldo Roberto Leite &#8211; Parque Cidade &#8211; Rua Jos\u00e9 Botelho Veloso, s\/no &#8211; Vila S\u00e3o Jo\u00e3o. Telefone: 3444 7893.<\/span><\/p>\n<p>&#13;<\/p>\n<p style=\"text-align: justify;\"><span style=\"font-weight: 400;\">\u00a0<\/span><\/p>\n<p>&#13;<\/p>\n<p style=\"text-align: justify;\"><span style=\"font-weight: 400;\">Biblioteca Municipal Professor Jo\u00e3o de Sousa Ferraz e Infantil Profa. Cec\u00edlia Quadros &#8211; Parque Cidade &#8211; Rua Jos\u00e9 Botelho Veloso, s\/n &#8211; Vila S\u00e3o Jo\u00e3o. Telefone: 3442 6539.<\/span><\/p>\n<p>&#13;<\/p>\n<p style=\"text-align: justify;\"><span style=\"font-weight: 400;\">\u00a0<\/span><\/p>\n<p>&#13;<\/p>\n<p style=\"text-align: justify;\"><span style=\"font-weight: 400;\">Casa da Cultura Oswaldo Salibe &#8211; Rua Renato Moretti, 222 &#8211; Parque Nossa Senhora das Dores. Telefone: 3453 9009.<\/span><\/p>\n<p>&#13;<\/p>\n<p style=\"text-align: justify;\"><span style=\"font-weight: 400;\">\u00a0<\/span><\/p>\n<p>&#13;<\/p>\n<p style=\"text-align: justify;\"><span style=\"font-weight: 400;\">Casa da Cultura 2 &#8211; Rua Alberto Pelegrino, 37 &#8211; Vista Alegre. Telefone: 3442 8470.<\/span><\/p>\n<p>&#13;<\/p>\n<p style=\"text-align: justify;\"><span style=\"font-weight: 400;\">Pracinhas da Cultura (CEU) &#8211; Av. Prefeito Ari Levi Pereira, 845 \u2013 Geada. Telefone: 3451- 2650.<\/span><\/p>\n<p>&#13;<\/p>\n<p style=\"text-align: justify;\">\u00a0<\/p>\n<p>&#13;<br \/>\n&#13;<br \/>\n&#13;<br \/>\n&#13;<\/p>\n<aside class=\"list-related no-print\">&#13;<br \/>\n        &#13;<br \/>\n&#13;<\/p>\n<article class=\"list-item noticias \">&#13;<br \/>\n                    <a class=\"list-item__img\" href=\"https:\/\/limeira.sp.gov.br\/imprensa\/noticias\/cultura\/espetaculo-elvis-in-concert-e-adiado\" tabindex=\"-1\" aria-hidden=\"true\" rel=\"noopener\">&#13;<br \/>\n                        <img data-recalc-dims=\"1\" decoding=\"async\" src=\"https:\/\/i0.wp.com\/ecrie.com.br\/sistema\/conteudos\/imagem\/m_137_0_1_30042024143313.jpg?w=696&#038;ssl=1\" alt=\"Espet\u00e1culo \u201cElvis in Concert\u201d \u00e9 adiado\"\/>&#13;<br \/>\n                    <\/a>&#13;<br \/>\n&#13;<br \/>\n                &#13;<br \/>\n            <\/article>\n<p>&#13;<\/p>\n<article class=\"list-item noticias \">&#13;<br \/>\n                    <a class=\"list-item__img\" href=\"https:\/\/limeira.sp.gov.br\/imprensa\/noticias\/cultura\/verso-e-voz-abre-inscricoes-para-escolas\" tabindex=\"-1\" aria-hidden=\"true\" rel=\"noopener\">&#13;<br \/>\n                        <img data-recalc-dims=\"1\" decoding=\"async\" src=\"https:\/\/i0.wp.com\/ecrie.com.br\/sistema\/conteudos\/imagem\/m_137_0_1_30042024141915.jpeg?w=696&#038;ssl=1\" alt=\"Verso e Voz abre inscri\u00e7\u00f5es para escolas\"\/>&#13;<br \/>\n                    <\/a>&#13;<br \/>\n&#13;<br \/>\n                &#13;<br \/>\n            <\/article>\n<p>&#13;<\/p>\n<article class=\"list-item noticias \">&#13;<br \/>\n                    <a class=\"list-item__img\" href=\"https:\/\/limeira.sp.gov.br\/imprensa\/noticias\/cultura\/dia-do-trabalho-altera-servicos-da-prefeitura-de-limeira\" tabindex=\"-1\" aria-hidden=\"true\" rel=\"noopener\">&#13;<br \/>\n                        <img data-recalc-dims=\"1\" decoding=\"async\" src=\"https:\/\/i0.wp.com\/ecrie.com.br\/sistema\/conteudos\/imagem\/m_137_0_1_29042024173843.jpg?w=696&#038;ssl=1\" alt=\"Dia do Trabalho altera servi\u00e7os da Prefeitura de Limeira\"\/>&#13;<br \/>\n                    <\/a>&#13;<br \/>\n&#13;<br \/>\n                &#13;<br \/>\n            <\/article>\n<p>&#13;<br \/>\n    <\/aside>\n<p>&#13;<br \/>\n&#13;\n            <\/p><\/div>\n<p><br \/>\n<br \/><a href=\"https:\/\/limeira.sp.gov.br\/agenda-do-mes-apresenta-como-destaque-festa-do-trabalhador-e-homenagens-as-maes\" rel=\"noopener\">Informa\u00e7\u00f5es da PML <\/a><\/p>\n","protected":false},"excerpt":{"rendered":"<p>&#13; &#13; &#13; &#13; &#13; &#13; &#13; A agenda cultural do m\u00eas de maio apresenta entre os destaques, no feriado do dia 1\u00ba de maio, a Festa do Trabalhador, no Horto Florestal, \u00e0s 10h. O evento traz atra\u00e7\u00f5es musicais, pra\u00e7a de alimenta\u00e7\u00e3o e divers\u00e3o para as crian\u00e7as com pula-pula, escorregador, pipocas e algod\u00e3o doce. A [&hellip;]<\/p>\n","protected":false},"author":1,"featured_media":3423,"comment_status":"open","ping_status":"open","sticky":false,"template":"","format":"standard","meta":{"_jetpack_newsletter_access":"","_jetpack_dont_email_post_to_subs":false,"_jetpack_newsletter_tier_id":0,"_jetpack_memberships_contains_paywalled_content":false,"_mbp_banners":[],"_jetpack_feature_clip_id":0,"_jetpack_memberships_contains_paid_content":false,"footnotes":"","jetpack_publicize_message":"","jetpack_publicize_feature_enabled":true,"jetpack_social_post_already_shared":true,"jetpack_social_options":{"image_generator_settings":{"template":"highway","default_image_id":0,"font":"","enabled":false},"version":2},"jetpack_post_was_ever_published":false},"categories":[16],"tags":[],"class_list":["post-3422","post","type-post","status-publish","format-standard","has-post-thumbnail","category-local"],"jetpack_publicize_connections":[],"jetpack-related-posts":[],"jetpack_shortlink":"https:\/\/wp.me\/p7Eq1F-Tc","jetpack_sharing_enabled":true,"jetpack_featured_media_url":"https:\/\/i0.wp.com\/guialimeira.com.br\/news\/wp-content\/uploads\/2024\/05\/m_137_0_1_21032024141121.jpeg?fit=1278%2C852&ssl=1","_links":{"self":[{"href":"https:\/\/guialimeira.com.br\/news\/wp-json\/wp\/v2\/posts\/3422","targetHints":{"allow":["GET"]}}],"collection":[{"href":"https:\/\/guialimeira.com.br\/news\/wp-json\/wp\/v2\/posts"}],"about":[{"href":"https:\/\/guialimeira.com.br\/news\/wp-json\/wp\/v2\/types\/post"}],"author":[{"embeddable":true,"href":"https:\/\/guialimeira.com.br\/news\/wp-json\/wp\/v2\/users\/1"}],"replies":[{"embeddable":true,"href":"https:\/\/guialimeira.com.br\/news\/wp-json\/wp\/v2\/comments?post=3422"}],"version-history":[{"count":0,"href":"https:\/\/guialimeira.com.br\/news\/wp-json\/wp\/v2\/posts\/3422\/revisions"}],"wp:featuredmedia":[{"embeddable":true,"href":"https:\/\/guialimeira.com.br\/news\/wp-json\/wp\/v2\/media\/3423"}],"wp:attachment":[{"href":"https:\/\/guialimeira.com.br\/news\/wp-json\/wp\/v2\/media?parent=3422"}],"wp:term":[{"taxonomy":"category","embeddable":true,"href":"https:\/\/guialimeira.com.br\/news\/wp-json\/wp\/v2\/categories?post=3422"},{"taxonomy":"post_tag","embeddable":true,"href":"https:\/\/guialimeira.com.br\/news\/wp-json\/wp\/v2\/tags?post=3422"}],"curies":[{"name":"wp","href":"https:\/\/api.w.org\/{rel}","templated":true}]}}