{"id":3420,"date":"2024-05-02T00:50:46","date_gmt":"2024-05-02T03:50:46","guid":{"rendered":"https:\/\/guialimeira.com.br\/2024\/05\/02\/fla-conta-com-gol-de-pedro-para-derrotar-amazonas-na-copa-do-brasil\/"},"modified":"2024-05-02T00:50:46","modified_gmt":"2024-05-02T03:50:46","slug":"fla-conta-com-gol-de-pedro-para-derrotar-amazonas-na-copa-do-brasil","status":"publish","type":"post","link":"https:\/\/guialimeira.com.br\/news\/fla-conta-com-gol-de-pedro-para-derrotar-amazonas-na-copa-do-brasil\/","title":{"rendered":"Fla conta com gol de Pedro para derrotar Amazonas na Copa do Brasil"},"content":{"rendered":"<p> <br \/>\n<\/p>\n<div>\n<p>Em partida que contou com transmiss\u00e3o da <strong>R\u00e1dio Nacional<\/strong>, o Flamengo recebeu o Amazonas, no est\u00e1dio do Maracan\u00e3\u00a0na noite desta quarta-feira (1), e triunfou por 1 a 0 em partida de ida da 3\u00aa fase da Copa do Brasil.<img data-recalc-dims=\"1\" decoding=\"async\" src=\"https:\/\/i0.wp.com\/agenciabrasil.ebc.com.br\/ebc.png?w=696&#038;ssl=1\" style=\"width:1px; height:1px; display:inline;\"\/><img data-recalc-dims=\"1\" decoding=\"async\" src=\"https:\/\/i0.wp.com\/agenciabrasil.ebc.com.br\/ebc.gif?w=696&#038;ssl=1\" style=\"width:1px; height:1px; display:inline;\"\/><\/p>\n<blockquote class=\"twitter-tweet\">\n<p dir=\"ltr\" lang=\"pt\" xml:lang=\"pt\">FIM DE PAPO NO MARACAN\u00c3! Com gol de Pedro, Flamengo vence o primeiro jogo contra o Amazonas, pela Copa do Brasil. A partida de volta \u00e9 no pr\u00f3ximo dia 22, em Manaus.<a href=\"https:\/\/twitter.com\/hashtag\/VamosFlamengo?src=hash&amp;ref_src=twsrc%5Etfw\" rel=\"noopener\">#VamosFlamengo<\/a> <a href=\"https:\/\/twitter.com\/hashtag\/CRF?src=hash&amp;ref_src=twsrc%5Etfw\" rel=\"noopener\">#CRF<\/a> <a href=\"https:\/\/t.co\/eQoCP4Lze8\">pic.twitter.com\/eQoCP4Lze8<\/a><\/p>\n<p>\u2014 Flamengo (@Flamengo) <a href=\"https:\/\/twitter.com\/Flamengo\/status\/1785857620982513802?ref_src=twsrc%5Etfw\" rel=\"noopener\">May 2, 2024<\/a><\/p><\/blockquote>\n<p>A vit\u00f3ria foi alcan\u00e7ada\u00a0mesmo com uma fraca atua\u00e7\u00e3o do Rubro-Negro, que ouviu vaias de usa pr\u00f3pria torcida ap\u00f3s o apito final. O \u00fanico gol da partida saiu aos 19 minutos da etapa inicial, quando o atacante Pedro aproveitou cruzamento do lateral uruguaio Mat\u00edas Vi\u00f1a para finalizar de cabe\u00e7a.<\/p>\n<h2>Tim\u00e3o triunfa<\/h2>\n<p>Outra equipe a partir em vantagem na 3\u00aa fase da Copa do Brasil foi o Corinthians, que, jogando na Arena das Dunas, em Natal, superou\u00a0o Am\u00e9rica local por 2 a 1. Este resultado deu ao Tim\u00e3o a vantagem de garantir a classifica\u00e7\u00e3o mesmo com um empate no confronto de volta, que ser\u00e1 disputado no dia 21 de maio em Itaquera.<\/p>\n<blockquote class=\"twitter-tweet\">\n<p dir=\"ltr\" lang=\"pt\" xml:lang=\"pt\">FIIIIIIM DE JOGO NA ARENA DAS DUNAS!!!!!! VIT\u00d3RIA DO TIM\u00c3O!!!! \ud83e\udd85\u26ab\u26aa<\/p>\n<p>Fora de casa, o Corinthians superou o Am\u00e9rica-RN pelo jogo de ida da terceira fase da Copa do Brasil! \ud83d\udcaa\ud83c\udffd<\/p>\n<p>Am\u00e9rica-RN 1 \ud83c\udd9a 2 Corinthians<\/p>\n<p>\u26bd Breno Bidon<br \/>\u26bd Cac\u00e1<a href=\"https:\/\/twitter.com\/hashtag\/VaiCorinthians?src=hash&amp;ref_src=twsrc%5Etfw\" rel=\"noopener\">#VaiCorinthians<\/a> <a href=\"https:\/\/t.co\/m9yC6BExdl\">pic.twitter.com\/m9yC6BExdl<\/a><\/p>\n<p>\u2014 Corinthians (@Corinthians) <a href=\"https:\/\/twitter.com\/Corinthians\/status\/1785836601643500010?ref_src=twsrc%5Etfw\" rel=\"noopener\">May 2, 2024<\/a><\/p><\/blockquote>\n<p>Empurrado por sua torcida, que lotou o est\u00e1dio, o Am\u00e9rica chegou a abrir o placar\u00a0com um gol do lateral Marcos Ytalo logo aos 12 minutos do primeiro tempo. Por\u00e9m, ap\u00f3s boa jogada de Wesley, o Corinthians conseguiu igualar o marcador gra\u00e7as ao faro de gol de Breno Bidon aos 29 minutos.<\/p>\n<p>Com o placar igualado o time da casa passou a se arriscar mais na frente, mas o Tim\u00e3o foi mais competente para alcan\u00e7ar a vit\u00f3ria final gra\u00e7as a gol de cabe\u00e7a do zagueiro Cac\u00e1 j\u00e1 aos 17 minutos da etapa final.<\/p>\n<h2>Tricolor em vantagem<\/h2>\n<p>Em partida disputada no Est\u00e1dio Estadual Kleber Jos\u00e9 de Andrade, em Cariacica, no Esp\u00edrito Santo, o Fluminense bateu o Sampaio Corr\u00eaa por 2 a 0 gra\u00e7as a gols do volante Lima e do meio-campista colombiano Jhon Arias. Este resultado deixa o Tricolor em situa\u00e7\u00e3o confort\u00e1vel para o confronto de volta, garantindo a classifica\u00e7\u00e3o mesmo em caso de derrota.<\/p>\n<blockquote class=\"twitter-tweet\">\n<p dir=\"ltr\" lang=\"pt\" xml:lang=\"pt\">VEEEEEEENNNNCEEEE O FLUMINEEEENSEEE!<\/p>\n<p>ARIAS E LIMA MARCAM, O FLU FAZ 2 A 0 NO SAMPAIO CORR\u00caA E SAI NA FRENTE NA TERCEIRA FASE DA COPA DO BRASIL! VAAAMMMOS, TRICOLOR! \ud83c\udded\ud83c\uddfa\ud83c\udded\ud83c\uddfa\ud83c\udded\ud83c\uddfa\ud83c\udded\ud83c\uddfa <a href=\"https:\/\/t.co\/aRjKVoQPWO\">pic.twitter.com\/aRjKVoQPWO<\/a><\/p>\n<p>\u2014 Fluminense F.C. (@FluminenseFC) <a href=\"https:\/\/twitter.com\/FluminenseFC\/status\/1785776343029875113?ref_src=twsrc%5Etfw\" rel=\"noopener\">May 1, 2024<\/a><\/p><\/blockquote>\n<h2>Outros resultados<\/h2>\n<p>Brusque 0 x 1 Atl\u00e9tico-GO<br \/>Souza 1 x 1 Bragantino<br \/>Ypiranga-RS 2 x 1 Athletico-PR<br \/>Fortaleza 0 x 0 Vasco<\/p>\n<\/p><\/div>\n<p><script async src=\"\/\/platform.twitter.com\/widgets.js\" charset=\"utf-8\"><\/script><br \/>\n<br \/><br \/>\n<br \/><a href=\"https:\/\/agenciabrasil.ebc.com.br\/esportes\/noticia\/2024-05\/fla-conta-com-gol-de-pedro-para-derrotar-amazonas-na-copa-do-brasil\" rel=\"noopener\">Ag\u00eancia Brasil<\/a><\/p>\n","protected":false},"excerpt":{"rendered":"<p>Em partida que contou com transmiss\u00e3o da R\u00e1dio Nacional, o Flamengo recebeu o Amazonas, no est\u00e1dio do Maracan\u00e3\u00a0na noite desta quarta-feira (1), e triunfou por 1 a 0 em partida de ida da 3\u00aa fase da Copa do Brasil. FIM DE PAPO NO MARACAN\u00c3! Com gol de Pedro, Flamengo vence o primeiro jogo contra o [&hellip;]<\/p>\n","protected":false},"author":1,"featured_media":3421,"comment_status":"open","ping_status":"open","sticky":false,"template":"","format":"standard","meta":{"_jetpack_newsletter_access":"","_jetpack_dont_email_post_to_subs":false,"_jetpack_newsletter_tier_id":0,"_jetpack_memberships_contains_paywalled_content":false,"_mbp_banners":[],"_jetpack_feature_clip_id":0,"_jetpack_memberships_contains_paid_content":false,"footnotes":"","jetpack_publicize_message":"","jetpack_publicize_feature_enabled":true,"jetpack_social_post_already_shared":true,"jetpack_social_options":{"image_generator_settings":{"template":"highway","default_image_id":0,"font":"","enabled":false},"version":2},"jetpack_post_was_ever_published":false},"categories":[23],"tags":[],"class_list":["post-3420","post","type-post","status-publish","format-standard","has-post-thumbnail","category-esportes"],"jetpack_publicize_connections":[],"jetpack-related-posts":[],"jetpack_shortlink":"https:\/\/wp.me\/p7Eq1F-Ta","jetpack_sharing_enabled":true,"jetpack_featured_media_url":"https:\/\/i0.wp.com\/guialimeira.com.br\/news\/wp-content\/uploads\/2024\/05\/download.jpg?fit=1600%2C800&ssl=1","_links":{"self":[{"href":"https:\/\/guialimeira.com.br\/news\/wp-json\/wp\/v2\/posts\/3420","targetHints":{"allow":["GET"]}}],"collection":[{"href":"https:\/\/guialimeira.com.br\/news\/wp-json\/wp\/v2\/posts"}],"about":[{"href":"https:\/\/guialimeira.com.br\/news\/wp-json\/wp\/v2\/types\/post"}],"author":[{"embeddable":true,"href":"https:\/\/guialimeira.com.br\/news\/wp-json\/wp\/v2\/users\/1"}],"replies":[{"embeddable":true,"href":"https:\/\/guialimeira.com.br\/news\/wp-json\/wp\/v2\/comments?post=3420"}],"version-history":[{"count":0,"href":"https:\/\/guialimeira.com.br\/news\/wp-json\/wp\/v2\/posts\/3420\/revisions"}],"wp:featuredmedia":[{"embeddable":true,"href":"https:\/\/guialimeira.com.br\/news\/wp-json\/wp\/v2\/media\/3421"}],"wp:attachment":[{"href":"https:\/\/guialimeira.com.br\/news\/wp-json\/wp\/v2\/media?parent=3420"}],"wp:term":[{"taxonomy":"category","embeddable":true,"href":"https:\/\/guialimeira.com.br\/news\/wp-json\/wp\/v2\/categories?post=3420"},{"taxonomy":"post_tag","embeddable":true,"href":"https:\/\/guialimeira.com.br\/news\/wp-json\/wp\/v2\/tags?post=3420"}],"curies":[{"name":"wp","href":"https:\/\/api.w.org\/{rel}","templated":true}]}}